{"id":538658,"date":"2025-11-16T18:48:14","date_gmt":"2025-11-16T18:48:14","guid":{"rendered":"https:\/\/www.europesays.com\/fr\/538658\/"},"modified":"2025-11-16T18:48:14","modified_gmt":"2025-11-16T18:48:14","slug":"royaume-uni-lexecutif-durcit-fortement-sa-politique-daccueil-des-refugies","status":"publish","type":"post","link":"https:\/\/www.europesays.com\/fr\/538658\/","title":{"rendered":"Royaume-Uni : l&rsquo;ex\u00e9cutif durcit fortement sa politique d&rsquo;accueil des r\u00e9fugi\u00e9s"},"content":{"rendered":"<p class=\"mb-4 text-lg md:leading-8 break-words\">Au Royaume-Uni, le gouvernement travailliste compte durcir sa politique migratoire. La dur\u00e9e des permis de s\u00e9jour des r\u00e9fugi\u00e9s va \u00eatre ramen\u00e9e de 5 ans \u00e0 30 mois tandis que le d\u00e9lai pour devenir r\u00e9sident permanent va passer de 5 \u00e0 20 ans.<\/p>\n<p class=\"mb-4 text-lg md:leading-8 break-words\">Dans un communiqu\u00e9, le minist\u00e8re de l\u2019Int\u00e9rieur, dirig\u00e9 par Nakhtar Mahmoud, a \u00e9galement annonc\u00e9 que, dans le cadre de ces r\u00e9formes, \u00ab\u00a0l&rsquo;obligation l\u00e9gale du gouvernement de fournir des services tels que le logement et une assistance hebdomadaire \u00e0 certains demandeurs d&rsquo;asile serait abolie\u00a0\u00bb.<\/p>\n<p class=\"mb-4 text-lg md:leading-8 break-words\">Ce changement majeur en mati\u00e8re d&rsquo;asile intervient alors que l&rsquo;ex\u00e9cutif cherche \u00e0 freiner les travers\u00e9es de la Manche des petites embarcations de migrants et \u00e0 contenir le nombre de demandes d&rsquo;asile. Depuis le d\u00e9but de l&rsquo;ann\u00e9e, plus de 39 000 migrants ont d\u00e9barqu\u00e9 sur les cotes britanniques. Un chiffre en hausse par rapport \u00e0 2024.<\/p>\n<p>Le mod\u00e8le danois pris pour exemple<\/p>\n<p class=\"mb-4 text-lg md:leading-8 break-words\">Le minist\u00e8re britannique de l&rsquo;Int\u00e9rieur s&rsquo;est inspir\u00e9 du mod\u00e8le danois, r\u00e9put\u00e9 pour sa ligne dure en mati\u00e8re de migration.<\/p>\n<p class=\"mb-4 text-lg md:leading-8 break-words\">D\u00e9but 2025, une d\u00e9l\u00e9gation de hauts fonctionnaires du minist\u00e8re britannique de l&rsquo;Int\u00e9rieur s&rsquo;est rendue \u00e0 Copenhague pour \u00e9tudier l&rsquo;approche du Danemark. Les r\u00e9fugi\u00e9s n&rsquo;y re\u00e7oivent que des permis de s\u00e9jour temporaires, g\u00e9n\u00e9ralement pour deux ans et les demandeurs d&rsquo;asile peuvent \u00eatre renvoy\u00e9s dans leur pays si le gouvernement estime que celui-ci est sur.<\/p>\n<p class=\"mb-4 text-lg md:leading-8 break-words\">Le chemin menant \u00e0 l&rsquo;obtention de la citoyennet\u00e9 est \u00e9galement devenu plus long et plus difficile, et des r\u00e8gles plus strictes ont \u00e9t\u00e9 impos\u00e9es en mati\u00e8re de r\u00e9unification des membres de la famille.<\/p>\n<p>Quelle est la situation actuelle en mati\u00e8re d&rsquo;asile au Royaume-Uni ?<\/p>\n<p class=\"mb-4 text-lg md:leading-8 break-words\">Le Royaume-Uni accorde actuellement l&rsquo;asile aux personnes qui peuvent prouver qu&rsquo;elles ne sont pas en s\u00e9curit\u00e9 dans leur pays d&rsquo;origine, et le statut de r\u00e9fugi\u00e9 est accord\u00e9 \u00e0 ceux qui sont victimes de pers\u00e9cutions.<\/p>\n<p class=\"mb-4 text-lg md:leading-8 break-words\">Le statut d&rsquo;asile au Royaume-Uni est valide pendant cinq ans et, une fois cette p\u00e9riode \u00e9coul\u00e9e, les r\u00e9fugi\u00e9s peuvent demander un permis de s\u00e9jour permanent s&rsquo;ils r\u00e9pondent \u00e0 certains crit\u00e8res.<\/p>\n<p class=\"mb-4 text-lg md:leading-8 break-words\">L\u2019immigration irr\u00e9guli\u00e8re s\u2019est impos\u00e9e comme l\u2019une des principales pr\u00e9occupations politiques dans le pays ces derniers mois.<\/p>\n<p class=\"mb-4 text-lg md:leading-8 break-words\">Durant l\u2019\u00e9t\u00e9, plusieurs rassemblements hostiles aux migrants ont eu lieu devant des h\u00f4tels accueillant des demandeurs d\u2019asile.<\/p>\n","protected":false},"excerpt":{"rendered":"Au Royaume-Uni, le gouvernement travailliste compte durcir sa politique migratoire. La dur\u00e9e des permis de s\u00e9jour des r\u00e9fugi\u00e9s&hellip;\n","protected":false},"author":2,"featured_media":538659,"comment_status":"","ping_status":"","sticky":false,"template":"","format":"standard","meta":{"footnotes":""},"categories":[1588],"tags":[11,1777,674,12,65739,35319,2495,65740,473,1853,1851,1850,1852],"class_list":{"0":"post-538658","1":"post","2":"type-post","3":"status-publish","4":"format-standard","5":"has-post-thumbnail","7":"category-royaume-uni","8":"tag-actualites","9":"tag-eu","10":"tag-europe","11":"tag-news","12":"tag-permis-de-sejour","13":"tag-politique-migratoire","14":"tag-refugies","15":"tag-resident-permanent","16":"tag-royaume-uni","17":"tag-royaume-uni-de-grande-bretagne-et-dirlande-du-nord","18":"tag-uk","19":"tag-united-kingdom","20":"tag-united-kingdom-of-great-britain-and-northern-ireland"},"share_on_mastodon":{"url":"https:\/\/pubeurope.com\/@fr\/115560874303180130","error":""},"_links":{"self":[{"href":"https:\/\/www.europesays.com\/fr\/wp-json\/wp\/v2\/posts\/538658","targetHints":{"allow":["GET"]}}],"collection":[{"href":"https:\/\/www.europesays.com\/fr\/wp-json\/wp\/v2\/posts"}],"about":[{"href":"https:\/\/www.europesays.com\/fr\/wp-json\/wp\/v2\/types\/post"}],"author":[{"embeddable":true,"href":"https:\/\/www.europesays.com\/fr\/wp-json\/wp\/v2\/users\/2"}],"replies":[{"embeddable":true,"href":"https:\/\/www.europesays.com\/fr\/wp-json\/wp\/v2\/comments?post=538658"}],"version-history":[{"count":0,"href":"https:\/\/www.europesays.com\/fr\/wp-json\/wp\/v2\/posts\/538658\/revisions"}],"wp:featuredmedia":[{"embeddable":true,"href":"https:\/\/www.europesays.com\/fr\/wp-json\/wp\/v2\/media\/538659"}],"wp:attachment":[{"href":"https:\/\/www.europesays.com\/fr\/wp-json\/wp\/v2\/media?parent=538658"}],"wp:term":[{"taxonomy":"category","embeddable":true,"href":"https:\/\/www.europesays.com\/fr\/wp-json\/wp\/v2\/categories?post=538658"},{"taxonomy":"post_tag","embeddable":true,"href":"https:\/\/www.europesays.com\/fr\/wp-json\/wp\/v2\/tags?post=538658"}],"curies":[{"name":"wp","href":"https:\/\/api.w.org\/{rel}","templated":true}]}}