{"id":538660,"date":"2025-11-16T18:49:17","date_gmt":"2025-11-16T18:49:17","guid":{"rendered":"https:\/\/www.europesays.com\/fr\/538660\/"},"modified":"2025-11-16T18:49:17","modified_gmt":"2025-11-16T18:49:17","slug":"grande-bretagne-france-allemagne-la-calamite-detre-une-puissance-moyenne-par-eric-le-boucher","status":"publish","type":"post","link":"https:\/\/www.europesays.com\/fr\/538660\/","title":{"rendered":"Grande-Bretagne, France, Allemagne : la calamit\u00e9 d\u2019\u00eatre une puissance \u00ab moyenne \u00bb \u2013 par Eric Le Boucher"},"content":{"rendered":"<p>Pour les individus aujourd\u2019hui, \u00eatre \u00ab moyen \u00bb signifie \u00eatre menac\u00e9. La classe \u00ab moyenne \u00bb s\u2019atrophie, un \u00e9tudiant dipl\u00f4m\u00e9 d\u2019une licence a toutes les chances d\u2019\u00eatre d\u00e9class\u00e9, <a class=\"Link \" href=\"https:\/\/www.lopinion.fr\/economie\/lia-engage-les-etats-unis-et-la-chine-dans-une-nouvelle-guerre-froide\" data-cms-ai=\"0\" rel=\"nofollow noopener\" target=\"_blank\"> l\u2019IA a commenc\u00e9 \u00e0 s\u2019en prendre cruellement aux qualifications \u00ab\u00a0moyennes\u00a0\u00bb<\/a>. Dans les trente Glorieuses, le middle man \u00e9tait le roi, cible recherch\u00e9e de toutes les publicit\u00e9s. Aujourd\u2019hui, les annonceurs ciblent un \u00e0 un les individus, le consommateur moyen n\u2019est plus. Dans une soci\u00e9t\u00e9 o\u00f9 \u00ab\u00a0le vainqueur prend tout\u00a0\u00bb, le moyen est inutile.<\/p>\n","protected":false},"excerpt":{"rendered":"Pour les individus aujourd\u2019hui, \u00eatre \u00ab moyen \u00bb signifie \u00eatre menac\u00e9. La classe \u00ab moyenne \u00bb s\u2019atrophie, un&hellip;\n","protected":false},"author":2,"featured_media":538661,"comment_status":"","ping_status":"","sticky":false,"template":"","format":"standard","meta":{"footnotes":""},"categories":[1587],"tags":[11,672,1804,1805,1803,1777,674,1801,12,1802],"class_list":{"0":"post-538660","1":"post","2":"type-post","3":"status-publish","4":"format-standard","5":"has-post-thumbnail","7":"category-allemagne","8":"tag-actualites","9":"tag-allemagne","10":"tag-bundesrepublik-deutschland","11":"tag-de","12":"tag-deutschland","13":"tag-eu","14":"tag-europe","15":"tag-germany","16":"tag-news","17":"tag-republique-federale-dallemagne"},"share_on_mastodon":{"url":"https:\/\/pubeurope.com\/@fr\/115560878335747365","error":""},"_links":{"self":[{"href":"https:\/\/www.europesays.com\/fr\/wp-json\/wp\/v2\/posts\/538660","targetHints":{"allow":["GET"]}}],"collection":[{"href":"https:\/\/www.europesays.com\/fr\/wp-json\/wp\/v2\/posts"}],"about":[{"href":"https:\/\/www.europesays.com\/fr\/wp-json\/wp\/v2\/types\/post"}],"author":[{"embeddable":true,"href":"https:\/\/www.europesays.com\/fr\/wp-json\/wp\/v2\/users\/2"}],"replies":[{"embeddable":true,"href":"https:\/\/www.europesays.com\/fr\/wp-json\/wp\/v2\/comments?post=538660"}],"version-history":[{"count":0,"href":"https:\/\/www.europesays.com\/fr\/wp-json\/wp\/v2\/posts\/538660\/revisions"}],"wp:featuredmedia":[{"embeddable":true,"href":"https:\/\/www.europesays.com\/fr\/wp-json\/wp\/v2\/media\/538661"}],"wp:attachment":[{"href":"https:\/\/www.europesays.com\/fr\/wp-json\/wp\/v2\/media?parent=538660"}],"wp:term":[{"taxonomy":"category","embeddable":true,"href":"https:\/\/www.europesays.com\/fr\/wp-json\/wp\/v2\/categories?post=538660"},{"taxonomy":"post_tag","embeddable":true,"href":"https:\/\/www.europesays.com\/fr\/wp-json\/wp\/v2\/tags?post=538660"}],"curies":[{"name":"wp","href":"https:\/\/api.w.org\/{rel}","templated":true}]}}