{"id":538670,"date":"2025-11-16T18:54:14","date_gmt":"2025-11-16T18:54:14","guid":{"rendered":"https:\/\/www.europesays.com\/fr\/538670\/"},"modified":"2025-11-16T18:54:14","modified_gmt":"2025-11-16T18:54:14","slug":"france-les-bleus-se-font-peur-mais-terminent-lannee-par-une-victoire-le-resume-du-match","status":"publish","type":"post","link":"https:\/\/www.europesays.com\/fr\/538670\/","title":{"rendered":"France\u00a0: les Bleus se font peur mais terminent l&rsquo;ann\u00e9e par une victoire, le r\u00e9sum\u00e9 du match"},"content":{"rendered":"<p>                    <a title=\"\" href=\"https:\/\/www.europesays.com\/fr\/wp-content\/uploads\/2025\/11\/82799177.jpg\" class=\"fancy\"><\/p>\n<p>                            <img loading=\"lazy\" decoding=\"async\" src=\"https:\/\/www.europesays.com\/fr\/wp-content\/uploads\/2025\/11\/82799177.jpg\" alt=\"Azerba\u00efdjan - France\u00a0: les Bleus se font peur mais terminent l'ann\u00e9e par une victoire, le r\u00e9sum\u00e9 du match\" width=\"1500\" height=\"1000\"\/><\/p>\n<p>                    <\/a><\/p>\n<p>                Avec un onze totalement remani\u00e9, l&rsquo;\u00e9quipe de France s&rsquo;est impos\u00e9e face \u00e0 l&rsquo;Azerba\u00efdjan (3-1) ce dimanche lors de la sixi\u00e8me journ\u00e9e de qualification pour la Coupe du monde 2026. Men\u00e9s, les Bleus terminent l&rsquo;ann\u00e9e 2025\u00a0par une victoire.<\/p>\n<p><a name=\"post1763319088\"\/>19:51 &#8211; C&rsquo;est termin\u00e9 ! (1-3)<\/p>\n<p>C&rsquo;est fini au stade\u00a0Tofiq Bahramov o\u00f9 l&rsquo;\u00e9quipe de France s&rsquo;impose 3-1 face \u00e0 l&rsquo;Azerba\u00efdjan !\u00a0<\/p>\n<p><a name=\"post1763318898\"\/>19:48 &#8211; Deux minutes (1-3, 90e)<\/p>\n<p>Deux minutes de temps additionnel dans cette deuxi\u00e8me mi-temps.<\/p>\n<p><a name=\"post1763318724\"\/>19:45 &#8211; Dernier remplacement (1-3, 87e)<\/p>\n<p>Tr\u00e8s en vue c\u00f4t\u00e9 Azerba\u00efdjan o\u00f9 il a multipli\u00e9 les efforts, Aliyev est remplac\u00e9 par Ahmadzada.<\/p>\n<p><a name=\"post1763318639\"\/>19:43 &#8211; Cherki repris (1-3, 85e)<\/p>\n<p>D\u00e9gagement de la t\u00eate de Konat\u00e9 sur Cherki. Le milieu offensif se retourne pour se mettre dans le sens du but. Il est repris par Khaybulaev.<\/p>\n<p><a name=\"post1763318510\"\/>19:41 &#8211; Cherki mal plac\u00e9 (1-3, 83e)<\/p>\n<p>Bien servi dans la surface, Florian Thauvin tente sa chance du pied gauche&#8230; directement sur Rayan Cherki.<\/p>\n<p><a name=\"post1763318333\"\/>19:38 &#8211; Barcola se trompe de sens (1-3, 80e)<\/p>\n<p>Bradley Barcola re\u00e7oit le ballon pr\u00e8s de la ligne de touche. Press\u00e9, l&rsquo;ailier est contraint de revenir dans son camp jusqu&rsquo;\u00e0 Lucas Chevalier.<\/p>\n<p><a name=\"post1763318234\"\/>19:37 &#8211; Barcola entre en jeu (1-3, 79e)<\/p>\n<p>Pour ce dernier quart d&rsquo;heure, Bradley Barcola remplace Jean-Philippe Mateta.<\/p>\n<p><a name=\"post1763318130\"\/>19:35 &#8211; Badalov sauve les siens (1-3, 77e)<\/p>\n<p>Apr\u00e8s une belle ouverture en profondeur, Jean-Philippe Mateta cherche Hugo Ekitike en soutien. Son centre \u00e0 ras-de-terre est d\u00e9vi\u00e9 en corner par Badalov.<\/p>\n<p><a name=\"post1763318067\"\/>19:34 &#8211; Dadashov sort (1-3, 76e)<\/p>\n<p>Huseynov prend le place du buteur az\u00e9ri.<\/p>\n<p><a name=\"post1763317941\"\/>19:32 &#8211; Consigne respect\u00e9e (1-3, 74e)<\/p>\n<p><a href=\"https:\/\/www.linternaute.fr\/sport\/biographie\/1777222-didier-deschamps-son-contrat-peut-il-etre-rompu\/\" title=\"Didier Deschamps\" rel=\"nofollow noopener\" target=\"_blank\">Didier Deschamps<\/a> ordonne \u00e0 Khephren Thuram de se placer au premier poteau. Frapp\u00e9 par Cherki, le coup franc est d\u00e9vi\u00e9 par le milieu turinois qui voit Bayramov sauver le but sur sa ligne.<\/p>\n<p><a name=\"post1763317905\"\/>19:31 &#8211; Nouveau carton (1-3, 72e)<\/p>\n<p>Khaybulaev est furieux ! Apr\u00e8s un crochet de Thuram, le milieu fait faute et \u00e9cope d&rsquo;un carton jaune pour contestations.<\/p>\n<p><a name=\"post1763317742\"\/>19:29 &#8211; Gusto s&rsquo;en veut (1-3, 71e)<\/p>\n<p>Trouv\u00e9 dans la surface, Malo Gusto ajuste mal son centre qui termine en six m\u00e8tres.<\/p>\n<p><a name=\"post1763317695\"\/>19:28 &#8211; Za\u00efre-Emery contr\u00e9 (1-3, 70e)<\/p>\n<p>Devant la surface, Warren Za\u00efre-Emery frappe \u00e0 ras-de-terre mais c&rsquo;est contr\u00e9.\u00a0<\/p>\n<p><a name=\"post1763317620\"\/>19:27 &#8211; Contre-pressing efficace (1-3, 69e)<\/p>\n<p>Malgr\u00e9 une combinaison qui n&rsquo;a pas fonctionn\u00e9, le contre-pressing tricolore se met en place et r\u00e9cup\u00e8re le ballon.<\/p>\n<p><a name=\"post1763317482\"\/>19:24 &#8211; Mahmudov sort (1-3, 66e)<\/p>\n<p>La l\u00e9gende az\u00e9rie Mahmudov c\u00e8de sa place \u00e0 Abdullazada.<\/p>\n<p><a name=\"post1763317298\"\/>19:21 &#8211; Cherki ne passe pas (1-3, 64e)<\/p>\n<p>Belle initiative de Florian Thauvin qui trouve Rayan Cherki dans la surface azerba\u00efdjanais. Le milieu offensif perd le ballon sur une tentative de dribble.<\/p>\n<p><a name=\"post1763317249\"\/>19:20 &#8211; Double changement (1-3, 62e)<\/p>\n<p>Apr\u00e8s l&rsquo;heure de jeu, Thauvin et Cherki remplacent Akliouche et Nkunku.<\/p>\n<p><a name=\"post1763317185\"\/>19:19 &#8211; Mateta impr\u00e9cis (1-3, 61e)<\/p>\n<p>Superbe centre d&rsquo;Akliouche sur le c\u00f4t\u00e9 gauche. Mateta est court mais Th\u00e9o Hernandez centre fort. L&rsquo;attaquant de Crystal Palace met le pied mais sa d\u00e9viation n&rsquo;est pas cadr\u00e9e.<\/p>\n<p><a name=\"post1763317126\"\/>19:18 &#8211; Gusto vigilant (1-3, 60e)<\/p>\n<p>Dans son couloir, Gusto est pris par la course de Mahmudov mais il revient vite avec un tacle gliss\u00e9 pour r\u00e9cup\u00e9rer le ballon.<\/p>\n<p><a name=\"post1763317078\"\/>19:17 &#8211; Mahmudov fait faute (1-3, 59e)<\/p>\n<p>Alors qu&rsquo;il \u00e9tait pass\u00e9 sur son crochet ext\u00e9rieur pr\u00e8s de la ligne de touche, Christopher Nkunku est victime d&rsquo;une faute d&rsquo;anti-jeu de Mahmudov.\u00a0<\/p>\n<p><a name=\"post1763316938\"\/>19:15 &#8211; Passe mal dos\u00e9e (1-3, 57e)<\/p>\n<p>Apr\u00e8s le rond central, Maghnes Akliouche se met dans le sens du but mais sa passe aveugle pour Mateta est trop longue.\u00a0<\/p>\n<p><a name=\"post1763316854\"\/>19:14 &#8211; Joga bonito (1-3, 56e)<\/p>\n<p>Apr\u00e8s Nkunku, c&rsquo;est au tour de Jean-Philippe Mateta d&rsquo;effacer son vis-\u00e0-vis avec un double contact.\u00a0<\/p>\n<p><a name=\"post1763316733\"\/>19:12 &#8211; Nkunku contr\u00e9 (1-3, 54e)<\/p>\n<p>Superbe prise de balle de Nkunku avec un double contact pour \u00e9liminer Aliyev. Le joueur du Milan AC se projette et sert Ekitike qui lui remet en retrait. La passe est trop tendre pour Nkunku, contr\u00e9 sur son tir.<\/p>\n<p><a name=\"post1763316627\"\/>19:10 &#8211; 11e frappe (1-3, 51e)<\/p>\n<p>11e frappe pour l&rsquo;\u00e9quipe de France : elle est l&rsquo;oeuvre de Christopher Nkunku qui fuit le cadre de peu.<\/p>\n<p><a name=\"post1763316548\"\/>19:09 &#8211; Nkunku se montre (1-3, 51e)<\/p>\n<p>Christopher Nkunku re\u00e7oit le ballon et se met dans le sens du but. Sa derni\u00e8re touche de balle est trop longue.<\/p>\n<p><a class=\"app_edito_btn\" href=\"https:\/\/www.linternaute.com\/sport\/foot\/9228311-direct-azerbaidjan-france-suivez-le-match\/\" id=\"jLiveMore\" data-sort-time=\"1763316547\" rel=\"nofollow noopener\" target=\"_blank\">LIRE PLUS<\/a><\/p>\n","protected":false},"excerpt":{"rendered":"Avec un onze totalement remani\u00e9, l&rsquo;\u00e9quipe de France s&rsquo;est impos\u00e9e face \u00e0 l&rsquo;Azerba\u00efdjan (3-1) ce dimanche lors de&hellip;\n","protected":false},"author":2,"featured_media":538671,"comment_status":"","ping_status":"","sticky":false,"template":"","format":"standard","meta":{"footnotes":""},"categories":[4],"tags":[11,65741,51761,20532,64,2257,51763,1011,27,6477,12,51767,25],"class_list":{"0":"post-538670","1":"post","2":"type-post","3":"status-publish","4":"format-standard","5":"has-post-thumbnail","7":"category-france","8":"tag-actualites","9":"tag-cms-linternaute-9228311","10":"tag-controller-content","11":"tag-didier-deschamps","12":"tag-equipe-de-france","13":"tag-foot","14":"tag-format-papier","15":"tag-fr","16":"tag-france","17":"tag-kylian-mbappe","18":"tag-news","19":"tag-parallaxeinfeed","20":"tag-republique-francaise"},"share_on_mastodon":{"url":"https:\/\/pubeurope.com\/@fr\/115560898654779594","error":""},"_links":{"self":[{"href":"https:\/\/www.europesays.com\/fr\/wp-json\/wp\/v2\/posts\/538670","targetHints":{"allow":["GET"]}}],"collection":[{"href":"https:\/\/www.europesays.com\/fr\/wp-json\/wp\/v2\/posts"}],"about":[{"href":"https:\/\/www.europesays.com\/fr\/wp-json\/wp\/v2\/types\/post"}],"author":[{"embeddable":true,"href":"https:\/\/www.europesays.com\/fr\/wp-json\/wp\/v2\/users\/2"}],"replies":[{"embeddable":true,"href":"https:\/\/www.europesays.com\/fr\/wp-json\/wp\/v2\/comments?post=538670"}],"version-history":[{"count":0,"href":"https:\/\/www.europesays.com\/fr\/wp-json\/wp\/v2\/posts\/538670\/revisions"}],"wp:featuredmedia":[{"embeddable":true,"href":"https:\/\/www.europesays.com\/fr\/wp-json\/wp\/v2\/media\/538671"}],"wp:attachment":[{"href":"https:\/\/www.europesays.com\/fr\/wp-json\/wp\/v2\/media?parent=538670"}],"wp:term":[{"taxonomy":"category","embeddable":true,"href":"https:\/\/www.europesays.com\/fr\/wp-json\/wp\/v2\/categories?post=538670"},{"taxonomy":"post_tag","embeddable":true,"href":"https:\/\/www.europesays.com\/fr\/wp-json\/wp\/v2\/tags?post=538670"}],"curies":[{"name":"wp","href":"https:\/\/api.w.org\/{rel}","templated":true}]}}