{"id":538674,"date":"2025-11-16T18:57:12","date_gmt":"2025-11-16T18:57:12","guid":{"rendered":"https:\/\/www.europesays.com\/fr\/538674\/"},"modified":"2025-11-16T18:57:12","modified_gmt":"2025-11-16T18:57:12","slug":"tournee-dautomne-2025-dans-un-stade-raoul-barriere-plein-les-all-blacks-xv-regalent-face-a-luruguay","status":"publish","type":"post","link":"https:\/\/www.europesays.com\/fr\/538674\/","title":{"rendered":"Tourn\u00e9e d\u2019automne 2025 \u2013 Dans un Stade Raoul-Barri\u00e8re plein, les All Blacks XV r\u00e9galent face \u00e0 l\u2019Uruguay"},"content":{"rendered":"<p>\n                Les All Blacks XV et l\u2019Uruguay se sont confront\u00e9s \u00e0 B\u00e9ziers au Stade Raoul-Barri\u00e8re dans le cadre d\u2019une joute amicale. Si la formation constituant l\u2019antichambre des All Blacks a ravi le nombreux public en passant sept essais au total (45-21), les Teros furent bigrement courageux en soutenant longtemps la comparaison.\n            <\/p>\n<p>Le rugby \u00e9tait plus que jamais \u00e0 l\u2019honneur au Stade Raoul-Barri\u00e8re lors de cette rencontre amicale internationale entre les All Blacks XV et l\u2019Uruguay. 16\u00a0284 personnes s\u2019\u00e9taient d\u00e9plac\u00e9es pour assouvir leur curiosit\u00e9 et assister par la m\u00eame occasion \u00e0 un joli spectacle organis\u00e9 <strong><a href=\"https:\/\/www.rugbyrama.fr\/equipe\/beziers\/\" target=\"_self\" rel=\"nofollow noopener\">par l\u2019association de l\u2019ASBH<\/a><\/strong> toute la journ\u00e9e. Sous le soleil de B\u00e9ziers, apr\u00e8s un superbe pr\u00e9ambule entre les f\u00e9minines de B\u00e9ziers et Narbonne dans lequel les locales ont impos\u00e9 leur jeu (19-18), l&rsquo;assistance piaffait d\u2019impatience de d\u00e9couvrir ces gladiateurs d\u2019un jour.<\/p>\n<p>Apr\u00e8s un Haka prodigu\u00e9 par les joueurs de la Foug\u00e8re qui a tenu en haleine toute l\u2019assistance, le jeu reprenait ses droits. Sous le sifflet du Fran\u00e7ais K\u00e9vin Bralley, les d\u00e9bats d\u00e9marraient sur les chapeaux de roue.\u00a0Ratumaitavuki-Kneepkens allait en terre promise sur la premi\u00e8re possession des jeunes espoirs n\u00e9o-z\u00e9landais (5-0, 4e). Les Uruguayens r\u00e9pliquaient dans la foul\u00e9e avec des avants qui confisquaient le ballon et dont Etcheverry profitait pour aplatir derri\u00e8re son paquet d\u2019avants (5-7, 16e). Fakatava sonnait la r\u00e9volte n\u00e9o-z\u00e9landaise et bonifiait le contenu propos\u00e9 <strong><a href=\"https:\/\/www.rugbyrama.fr\/2025\/11\/10\/transferts-top-14-le-neo-zelandais-rivez-reihana-ouvreur-des-crusaders-sur-les-tablettes-de-montpellier-13043160.php\" target=\"_self\" rel=\"nofollow noopener\">autour du convoit\u00e9 Reihana<\/a> <\/strong>(12-7, 28e). Mais les Teros n\u2019abdiquaient pas et <strong><a href=\"https:\/\/www.rugbyrama.fr\/2025\/11\/11\/amateurs-nord-paris-federale-1-les-cotarmanach-une-fierte-malouine-13043150.php\" target=\"_self\" rel=\"nofollow noopener\">le Vannetais Cotarmanac\u2019h<\/a><\/strong> proposait un par-dessus subtil pour son centre Alonso qui marquait entre les poteaux (12-14, 31e). Quelques instants plus tard, l\u2019ailier Nanai-Saturo faisait admirer sa puissance dans le couloir et d\u00e9posait \u00e0 lui tout seul la d\u00e9fense adverse, soulevant l\u2019acclamation du stade (19-14, 33e).<\/p>\n<blockquote data-instgrm-captioned=\"\" data-instgrm-permalink=\"https:\/\/www.instagram.com\/reel\/DRH2gLPk1At\/?utm_source=ig_embed&amp;utm_campaign=loading\" data-instgrm-version=\"14\" style=\" background:#FFF; border:0; border-radius:3px; box-shadow:0 0 1px 0 rgba(0,0,0,0.5),0 1px 10px 0 rgba(0,0,0,0.15); margin: 1px; max-width:540px; min-width:326px; padding:0; width:99.375%; width:-webkit-calc(100% - 2px); width:calc(100% - 2px);\" data-class=\"instagram-media\"\/>\n<p>Avant le retour au vestiaire, le flanker sud-am\u00e9ricain Biachi \u00e9copait d\u2019un carton jaune pour fautes r\u00e9p\u00e9t\u00e9es (39e) et les All Blacks XV ne pouvaient aller au bout de leurs intentions sur la derni\u00e8re action. Les Uruguayens mettaient un certain rythme apr\u00e8s la pause, et Ratumaitavuki-Kneepkens \u00e9copait d\u2019un carton jaune pour brutalit\u00e9 (43e). Mais Kumeora en force permettait aux siens de valider un joli mouvement au large (26-14, 48e). Les Teros montraient toujours autant d\u2019entrain et les avants exp\u00e9diaient Deus en terre promise (26-21, 56e). Le mano \u00e0 mano se poursuivait intens\u00e9ment, Ennor d\u2019une belle course ajustait son dernier d\u00e9fenseur pour inscrire le cinqui\u00e8me essai des siens (33-21, 63e). Rona accentuait l\u2019avance des All Blacks XV par un d\u00e9boul\u00e9 depuis la ligne m\u00e9diane (38-21, 72e), ainsi que\u00a0Ratumaitavuki-Kneepkens qui s\u2019offrait un doubl\u00e9 plein champ (45-21, 75e)<\/p>\n<p>Une f\u00eate du rugby<\/p>\n<p><strong><a href=\"https:\/\/www.rugbyrama.fr\/2025\/10\/22\/top-14-a-t-elle-pour-objet-que-dimportuner-le-club-mohed-altrad-tance-encore-la-metropole-de-montpellier-sur-les-all-blacks-xv-13008591.php\" target=\"_self\" rel=\"nofollow noopener\">Cette rencontre \u00e9tait au d\u00e9part pr\u00e9vue \u00e0 Montpellier.<\/a><\/strong> Un d\u00e9saccord avec la M\u00e9tropole sur la possibilit\u00e9 d\u2019utiliser le Septeo Stadium n\u2019\u00e9tant pas possible (la pelouse, objet de la discorde), Mohed Altrad et ses \u00e9quipes se sont projet\u00e9s vers l\u2019ASBH et son association qui ont organis\u00e9 en un temps record l\u2019\u00e9v\u00e9nement. Le pr\u00e9sident du MHR a pris le temps de donner son sentiment avant la confrontation\u00a0:\u00a0\u00bbRecevoir une \u00e9quipe populaire comme les All Blacks, dont je suis partenaire, est un grand moment. Un grand merci aux Biterrois pour leur accueil, on doit profiter de ces moments qui rassemblent les g\u00e9n\u00e9rations autour du rugby.\u00a0\u00bb<\/p>\n<p>Le mot de la fin pour l\u2019organisateur, le directeur de l\u2019association de l\u2019ASBH \u00c9ric Freitas et ses \u00e9quipes qui ont propos\u00e9 une journ\u00e9e d\u00e9butant \u00e0 partir de midi, entrecoup\u00e9e d\u2019animations, festivit\u00e9s, match d\u2019ouverture avec les f\u00e9minines de B\u00e9ziers et Narbonne, et donc ce match de gala entre les joueurs de la Foug\u00e8re et les Teros. Une fiert\u00e9 pour le dirigeant dans un laps de temps mineur\u00a0: \u00ab\u00a0C\u2019est un grand moment pour le club, et toutes les personnes qui ont contribu\u00e9 \u00e0 cette manifestation entre deux grandes nations. Humainement, il a fallu se mobiliser et on a prouv\u00e9\u00a0qu\u2019\u00e0 B\u00e9ziers, c\u2019\u00e9tait\u00a0une belle terre de rugby plus que jamais.\u00a0\u00bb<\/p>\n<p>                    <script async src=\"\/\/www.instagram.com\/embed.js\"><\/script><\/p>\n","protected":false},"excerpt":{"rendered":"Les All Blacks XV et l\u2019Uruguay se sont confront\u00e9s \u00e0 B\u00e9ziers au Stade Raoul-Barri\u00e8re dans le cadre d\u2019une&hellip;\n","protected":false},"author":2,"featured_media":538675,"comment_status":"","ping_status":"","sticky":false,"template":"","format":"standard","meta":{"footnotes":""},"categories":[1416],"tags":[1011,27,479,1468,60],"class_list":{"0":"post-538674","1":"post","2":"type-post","3":"status-publish","4":"format-standard","5":"has-post-thumbnail","7":"category-rugby","8":"tag-fr","9":"tag-france","10":"tag-rugby","11":"tag-rugby-football","12":"tag-sports"},"share_on_mastodon":{"url":"https:\/\/pubeurope.com\/@fr\/115560909629976711","error":""},"_links":{"self":[{"href":"https:\/\/www.europesays.com\/fr\/wp-json\/wp\/v2\/posts\/538674","targetHints":{"allow":["GET"]}}],"collection":[{"href":"https:\/\/www.europesays.com\/fr\/wp-json\/wp\/v2\/posts"}],"about":[{"href":"https:\/\/www.europesays.com\/fr\/wp-json\/wp\/v2\/types\/post"}],"author":[{"embeddable":true,"href":"https:\/\/www.europesays.com\/fr\/wp-json\/wp\/v2\/users\/2"}],"replies":[{"embeddable":true,"href":"https:\/\/www.europesays.com\/fr\/wp-json\/wp\/v2\/comments?post=538674"}],"version-history":[{"count":0,"href":"https:\/\/www.europesays.com\/fr\/wp-json\/wp\/v2\/posts\/538674\/revisions"}],"wp:featuredmedia":[{"embeddable":true,"href":"https:\/\/www.europesays.com\/fr\/wp-json\/wp\/v2\/media\/538675"}],"wp:attachment":[{"href":"https:\/\/www.europesays.com\/fr\/wp-json\/wp\/v2\/media?parent=538674"}],"wp:term":[{"taxonomy":"category","embeddable":true,"href":"https:\/\/www.europesays.com\/fr\/wp-json\/wp\/v2\/categories?post=538674"},{"taxonomy":"post_tag","embeddable":true,"href":"https:\/\/www.europesays.com\/fr\/wp-json\/wp\/v2\/tags?post=538674"}],"curies":[{"name":"wp","href":"https:\/\/api.w.org\/{rel}","templated":true}]}}