{"id":538676,"date":"2025-11-16T18:58:19","date_gmt":"2025-11-16T18:58:19","guid":{"rendered":"https:\/\/www.europesays.com\/fr\/538676\/"},"modified":"2025-11-16T18:58:19","modified_gmt":"2025-11-16T18:58:19","slug":"je-ferai-tout-pour-revivre-cette-euphorie-tsitsipas-revient-sur-son-titre-aux-atp-finals-en-2019","status":"publish","type":"post","link":"https:\/\/www.europesays.com\/fr\/538676\/","title":{"rendered":"\u00ab Je ferai tout pour revivre cette euphorie \u00bb, Tsitsipas revient sur son titre aux ATP Finals en 2019"},"content":{"rendered":"<p>                <img decoding=\"async\" src=\"https:\/\/www.europesays.com\/fr\/wp-content\/uploads\/2025\/11\/Ixle.jpg\" fetchpriority=\"high\" alt=\"\u00ab Je ferai tout pour revivre cette euphorie \u00bb, Tsitsipas revient sur son titre aux ATP Finals en 2019\"\/><\/p>\n<p>Stefanos Tsitsipas avait surpris tout le monde, quand, en 2019, il avait remport\u00e9 les ATP Finals de Londres en battant Dominic Thiem en finale.<\/p>\n<p>Ce dimanche, jour de finale \u00e0 Turin, le Grec s\u2019est rem\u00e9mor\u00e9 ce moment et a \u00e9galement rendu hommage \u00e0 l\u2019Autrichien.<\/p>\n<p>\u00ab Il y a six ans, j&rsquo;ai connu ma plus grande joie en tant que joueur de tennis en remportant les ATP Finals d\u00e8s ma premi\u00e8re participation.<\/p>\n<p>Ce fut particuli\u00e8rement beau de partager cette sc\u00e8ne avec Domi, mon meilleur ami sur le circuit. L&rsquo;euphorie est peut-\u00eatre retomb\u00e9e, mais je ferai tout pour la revivre. \u00bb<\/p>\n","protected":false},"excerpt":{"rendered":"Stefanos Tsitsipas avait surpris tout le monde, quand, en 2019, il avait remport\u00e9 les ATP Finals de Londres&hellip;\n","protected":false},"author":2,"featured_media":538677,"comment_status":"","ping_status":"","sticky":false,"template":"","format":"standard","meta":{"footnotes":""},"categories":[1415],"tags":[1011,27,60,1467],"class_list":{"0":"post-538676","1":"post","2":"type-post","3":"status-publish","4":"format-standard","5":"has-post-thumbnail","7":"category-tennis","8":"tag-fr","9":"tag-france","10":"tag-sports","11":"tag-tennis"},"share_on_mastodon":{"url":"https:\/\/pubeurope.com\/@fr\/115560914458456082","error":""},"_links":{"self":[{"href":"https:\/\/www.europesays.com\/fr\/wp-json\/wp\/v2\/posts\/538676","targetHints":{"allow":["GET"]}}],"collection":[{"href":"https:\/\/www.europesays.com\/fr\/wp-json\/wp\/v2\/posts"}],"about":[{"href":"https:\/\/www.europesays.com\/fr\/wp-json\/wp\/v2\/types\/post"}],"author":[{"embeddable":true,"href":"https:\/\/www.europesays.com\/fr\/wp-json\/wp\/v2\/users\/2"}],"replies":[{"embeddable":true,"href":"https:\/\/www.europesays.com\/fr\/wp-json\/wp\/v2\/comments?post=538676"}],"version-history":[{"count":0,"href":"https:\/\/www.europesays.com\/fr\/wp-json\/wp\/v2\/posts\/538676\/revisions"}],"wp:featuredmedia":[{"embeddable":true,"href":"https:\/\/www.europesays.com\/fr\/wp-json\/wp\/v2\/media\/538677"}],"wp:attachment":[{"href":"https:\/\/www.europesays.com\/fr\/wp-json\/wp\/v2\/media?parent=538676"}],"wp:term":[{"taxonomy":"category","embeddable":true,"href":"https:\/\/www.europesays.com\/fr\/wp-json\/wp\/v2\/categories?post=538676"},{"taxonomy":"post_tag","embeddable":true,"href":"https:\/\/www.europesays.com\/fr\/wp-json\/wp\/v2\/tags?post=538676"}],"curies":[{"name":"wp","href":"https:\/\/api.w.org\/{rel}","templated":true}]}}