{"id":538703,"date":"2025-11-16T19:17:12","date_gmt":"2025-11-16T19:17:12","guid":{"rendered":"https:\/\/www.europesays.com\/fr\/538703\/"},"modified":"2025-11-16T19:17:12","modified_gmt":"2025-11-16T19:17:12","slug":"un-homme-porte-disparu-vigilance-orange-des-pluies-diluviennes-se-sont-abattues-sur-le-sud-est","status":"publish","type":"post","link":"https:\/\/www.europesays.com\/fr\/538703\/","title":{"rendered":"Un homme port\u00e9 disparu, vigilance orange\u2026 Des pluies diluviennes se sont abattues sur le Sud-est"},"content":{"rendered":"<p>Un dimanche sous le signe des <a href=\"https:\/\/www.20minutes.fr\/dossier\/intemperies\" class=\"c-link c-link--is-underlined\" target=\"_blank\" rel=\"noopener\">intemp\u00e9ries <\/a>dans le sud-est de la France. Des pluies violentes ont touch\u00e9 cette partie du pays, en particulier dans la <a href=\"https:\/\/www.20minutes.fr\/dossier\/drome\" class=\"c-link c-link--is-underlined\" target=\"_blank\" rel=\"noopener\">Dr\u00f4me<\/a>, l\u2019<a href=\"https:\/\/www.20minutes.fr\/societe\/isere\/\" class=\"c-link c-link--is-underlined\" target=\"_blank\" rel=\"noopener\">Is\u00e8re<\/a>, les <a href=\"https:\/\/www.20minutes.fr\/societe\/alpes-maritimes\/\" class=\"c-link c-link--is-underlined\" target=\"_blank\" rel=\"noopener\">Alpes-Maritimes<\/a> et l\u2019<a href=\"https:\/\/www.20minutes.fr\/societe\/ardeche\/\" class=\"c-link c-link--is-underlined\" target=\"_blank\" rel=\"noopener\">Ard\u00e8che<\/a>. <a href=\"https:\/\/www.20minutes.fr\/dossier\/meteo_france\" class=\"c-link c-link--is-underlined\" target=\"_blank\" rel=\"noopener\">M\u00e9t\u00e9o-France<\/a> avait plac\u00e9 ces d\u00e9partements en vigilance orange pluie inondation dans la matin\u00e9e. 20 Minutes fait le point sur la situation ce dimanche soir.<\/p>\n<p>Un disparu en Ard\u00e8che<\/p>\n<p>Un homme de 74 ans a \u00e9t\u00e9 emport\u00e9 par une rivi\u00e8re en crue dans la matin\u00e9e dans le centre de l\u2019Ard\u00e8che, a annonc\u00e9 la pr\u00e9fecture. Les recherches ont \u00e9t\u00e9 suspendues dimanche soir apr\u00e8s une apr\u00e8s-midi infructueuse. Une quinzaine de gendarmes et plus de 40 <a href=\"https:\/\/www.20minutes.fr\/dossier\/pompiers\" class=\"c-link c-link--is-underlined\" target=\"_blank\" rel=\"noopener\">pompiers <\/a>\u00e9taient engag\u00e9s. Dix sauveteurs aquatiques ont dragu\u00e9 le Rieutord, un affluent de l\u2019Ard\u00e8che et un h\u00e9licopt\u00e8re de la S\u00e9curit\u00e9 civile de l\u2019<a href=\"https:\/\/www.20minutes.fr\/societe\/herault\/\" class=\"c-link c-link--is-underlined\" target=\"_blank\" rel=\"noopener\">H\u00e9rault<\/a> a survol\u00e9 la zone. Les recherches reprendront lundi matin.<\/p>\n<\/p>\n<p>Le septuag\u00e9naire a disparu sur la commune de Saint-Vincent-de-Barr\u00e8s. Le cours d\u2019eau \u00e9tait encore dans un d\u00e9bit haut mais la d\u00e9crue a commenc\u00e9, selon la pr\u00e9fecture. Selon le Dauphin\u00e9 Lib\u00e9r\u00e9, l\u2019homme cherchait \u00e0 sauver sa voiture des eaux lorsqu\u2019il a \u00e9t\u00e9 emport\u00e9. Dans le d\u00e9partement, il est tomb\u00e9 60 \u00e0 80\u00a0mm, en moins de six heures, d\u2019apr\u00e8s M\u00e9t\u00e9o-France.<\/p>\n<p>Les Alpes-Maritimes fortement touch\u00e9es<\/p>\n<p>Dans les Alpes-Maritimes, ce sont \u00ab\u00a0le moyen pays et le pays de Grasse\u00a0\u00bb qui ont \u00e9t\u00e9 les plus touch\u00e9s, <a href=\"https:\/\/x.com\/prefet06\/status\/1990076791126434047\" target=\"_blank\" class=\"c-link c-link--is-underlined\">a indiqu\u00e9 la pr\u00e9fecture sur X<\/a> en fin d\u2019apr\u00e8s-midi. Toutefois, la r\u00e9action des cours d\u2019eau a \u00e9t\u00e9 \u00ab\u00a0mod\u00e9r\u00e9e\u00a0\u00bb d\u2019apr\u00e8s les autorit\u00e9s, \u00ab\u00a0avec des pics de crue sur la Siagne en fin de matin\u00e9e\u00a0\u00bb. Quant aux affluents et bassins de r\u00e9tention, ils \u00ab\u00a0sont en d\u00e9crue\u00a0\u00bb.<\/p>\n<p>A <a href=\"https:\/\/www.20minutes.fr\/nice\/\" class=\"c-link c-link--is-underlined\" target=\"_blank\" rel=\"noopener\">Nice<\/a>, o\u00f9 une cellule de crise a \u00e9t\u00e9 ouverte ce matin pour \u00ab\u00a0surveiller l\u2019\u00e9volution de la situation\u00a0\u00bb selon le maire <a href=\"https:\/\/www.20minutes.fr\/dossier\/christian_estrosi\" class=\"c-link c-link--is-underlined\" target=\"_blank\" rel=\"noopener\">Christian Estrosi<\/a>, \u00ab\u00a0quelques routes ont d\u00fb \u00eatre ferm\u00e9es suite \u00e0 des inondations ou des d\u00e9bordements comme sur le secteur du haut Magnan\u00a0\u00bb, tandis que \u00ab\u00a0le niveau du Paillon\u00a0\u00bb est surveill\u00e9, a-t-il indiqu\u00e9 sur X en fin de journ\u00e9e.<\/p>\n<p>Vigilance orange lev\u00e9e \u00e0 18 heures<\/p>\n<p>L\u2019essentiel de l\u2019\u00e9pisode semble d\u00e9sormais pass\u00e9. M\u00e9t\u00e9o-France a lev\u00e9 l\u2019alerte dans la Dr\u00f4me, l\u2019Is\u00e8re et en Ard\u00e8che dans son bulletin de 14 heures. La vigilance pour les Alpes-Maritimes a, elle, \u00e9t\u00e9 maintenue jusqu\u2019\u00e0 18 heures. Concernant l\u2019\u00e9volution du ph\u00e9nom\u00e8ne, \u00ab\u00a0l\u2019axe pluvio-orageux se d\u00e9cale vers l\u2019est en perdant de l\u2019activit\u00e9\u00a0\u00bb, indique l\u2019agence m\u00e9t\u00e9orologique <a href=\"https:\/\/vigilance.meteofrance.fr\/fr\" target=\"_blank\" class=\"c-link c-link--is-underlined\" rel=\"noopener\">dans son dernier bulletin<\/a>. Les pluies doivent s\u2019estomper en soir\u00e9e, d\u2019apr\u00e8s le pr\u00e9visionniste.<\/p>\n","protected":false},"excerpt":{"rendered":"Un dimanche sous le signe des intemp\u00e9ries dans le sud-est de la France. Des pluies violentes ont touch\u00e9&hellip;\n","protected":false},"author":2,"featured_media":538704,"comment_status":"","ping_status":"","sticky":false,"template":"","format":"standard","meta":{"footnotes":""},"categories":[4],"tags":[47,11,2898,4646,2430,2730,1011,27,4458,3059,108,2357,12,883,4459,882,25,2431,104],"class_list":{"0":"post-538703","1":"post","2":"type-post","3":"status-publish","4":"format-standard","5":"has-post-thumbnail","7":"category-france","8":"tag-actualite","9":"tag-actualites","10":"tag-alpes-maritimes","11":"tag-ardeche","12":"tag-auvergne-rhone-alpes","13":"tag-drome","14":"tag-fr","15":"tag-france","16":"tag-inondation","17":"tag-intemperies","18":"tag-isere","19":"tag-meteo-france","20":"tag-news","21":"tag-paca","22":"tag-pluie","23":"tag-provence-alpes-cote-dazur","24":"tag-republique-francaise","25":"tag-rhone-alpes","26":"tag-societe"},"share_on_mastodon":{"url":"https:\/\/pubeurope.com\/@fr\/115560988336865849","error":""},"_links":{"self":[{"href":"https:\/\/www.europesays.com\/fr\/wp-json\/wp\/v2\/posts\/538703","targetHints":{"allow":["GET"]}}],"collection":[{"href":"https:\/\/www.europesays.com\/fr\/wp-json\/wp\/v2\/posts"}],"about":[{"href":"https:\/\/www.europesays.com\/fr\/wp-json\/wp\/v2\/types\/post"}],"author":[{"embeddable":true,"href":"https:\/\/www.europesays.com\/fr\/wp-json\/wp\/v2\/users\/2"}],"replies":[{"embeddable":true,"href":"https:\/\/www.europesays.com\/fr\/wp-json\/wp\/v2\/comments?post=538703"}],"version-history":[{"count":0,"href":"https:\/\/www.europesays.com\/fr\/wp-json\/wp\/v2\/posts\/538703\/revisions"}],"wp:featuredmedia":[{"embeddable":true,"href":"https:\/\/www.europesays.com\/fr\/wp-json\/wp\/v2\/media\/538704"}],"wp:attachment":[{"href":"https:\/\/www.europesays.com\/fr\/wp-json\/wp\/v2\/media?parent=538703"}],"wp:term":[{"taxonomy":"category","embeddable":true,"href":"https:\/\/www.europesays.com\/fr\/wp-json\/wp\/v2\/categories?post=538703"},{"taxonomy":"post_tag","embeddable":true,"href":"https:\/\/www.europesays.com\/fr\/wp-json\/wp\/v2\/tags?post=538703"}],"curies":[{"name":"wp","href":"https:\/\/api.w.org\/{rel}","templated":true}]}}