{"id":538707,"date":"2025-11-16T19:19:25","date_gmt":"2025-11-16T19:19:25","guid":{"rendered":"https:\/\/www.europesays.com\/fr\/538707\/"},"modified":"2025-11-16T19:19:25","modified_gmt":"2025-11-16T19:19:25","slug":"firminy-un-hommage-sera-rendu-a-andre-despreaux-le-5-decembre-jour-de-la-sainte-barbe","status":"publish","type":"post","link":"https:\/\/www.europesays.com\/fr\/538707\/","title":{"rendered":"Firminy. Un hommage sera rendu \u00e0 Andr\u00e9 Despr\u00e9aux le 5\u00a0d\u00e9cembre, jour de la Sainte-Barbe"},"content":{"rendered":"<p>La Sainte-Barbe \u00e0 Firminy a \u00e9t\u00e9 relanc\u00e9e au d\u00e9but des ann\u00e9es 2000, port\u00e9e par l\u2019association Autrefois avec le soutien du Mus\u00e9e des pompiers de la Loire.<\/p>\n<p>Malgr\u00e9 la dissolution de cette association et malgr\u00e9 la disparition r\u00e9cente d\u2019Andr\u00e9 Despr\u00e9aux, pr\u00e9sident fondateur du Mus\u00e9e des pompiers de Firminy, la Sainte-Barbe continue.<\/p>\n<p>L\u2019organisation telle qu\u2019elle a \u00e9t\u00e9 communiqu\u00e9e par les responsables du Mus\u00e9e des pompiers et du&#8230;<\/p>\n","protected":false},"excerpt":{"rendered":"La Sainte-Barbe \u00e0 Firminy a \u00e9t\u00e9 relanc\u00e9e au d\u00e9but des ann\u00e9es 2000, port\u00e9e par l\u2019association Autrefois avec le&hellip;\n","protected":false},"author":2,"featured_media":538708,"comment_status":"","ping_status":"","sticky":false,"template":"","format":"standard","meta":{"footnotes":""},"categories":[9653],"tags":[1111,11,2430,1687,7539,1777,674,3326,10282,10283,1011,27,12,25,4001],"class_list":{"0":"post-538707","1":"post","2":"type-post","3":"status-publish","4":"format-standard","5":"has-post-thumbnail","7":"category-saint-etienne","8":"tag-actu","9":"tag-actualites","10":"tag-auvergne-rhone-alpes","11":"tag-culture-loisirs","12":"tag-edition-loire-sud","13":"tag-eu","14":"tag-europe","15":"tag-fete-locale","16":"tag-firminy","17":"tag-firminy-ville","18":"tag-fr","19":"tag-france","20":"tag-news","21":"tag-republique-francaise","22":"tag-saint-etienne"},"share_on_mastodon":{"url":"https:\/\/pubeurope.com\/@fr\/115560996305270903","error":""},"_links":{"self":[{"href":"https:\/\/www.europesays.com\/fr\/wp-json\/wp\/v2\/posts\/538707","targetHints":{"allow":["GET"]}}],"collection":[{"href":"https:\/\/www.europesays.com\/fr\/wp-json\/wp\/v2\/posts"}],"about":[{"href":"https:\/\/www.europesays.com\/fr\/wp-json\/wp\/v2\/types\/post"}],"author":[{"embeddable":true,"href":"https:\/\/www.europesays.com\/fr\/wp-json\/wp\/v2\/users\/2"}],"replies":[{"embeddable":true,"href":"https:\/\/www.europesays.com\/fr\/wp-json\/wp\/v2\/comments?post=538707"}],"version-history":[{"count":0,"href":"https:\/\/www.europesays.com\/fr\/wp-json\/wp\/v2\/posts\/538707\/revisions"}],"wp:featuredmedia":[{"embeddable":true,"href":"https:\/\/www.europesays.com\/fr\/wp-json\/wp\/v2\/media\/538708"}],"wp:attachment":[{"href":"https:\/\/www.europesays.com\/fr\/wp-json\/wp\/v2\/media?parent=538707"}],"wp:term":[{"taxonomy":"category","embeddable":true,"href":"https:\/\/www.europesays.com\/fr\/wp-json\/wp\/v2\/categories?post=538707"},{"taxonomy":"post_tag","embeddable":true,"href":"https:\/\/www.europesays.com\/fr\/wp-json\/wp\/v2\/tags?post=538707"}],"curies":[{"name":"wp","href":"https:\/\/api.w.org\/{rel}","templated":true}]}}