{"id":538710,"date":"2025-11-16T19:21:14","date_gmt":"2025-11-16T19:21:14","guid":{"rendered":"https:\/\/www.europesays.com\/fr\/538710\/"},"modified":"2025-11-16T19:21:14","modified_gmt":"2025-11-16T19:21:14","slug":"exclusif-deux-morts-dans-un-accident-a-nancy-le-conducteur-en-etat-debriete-ecroue","status":"publish","type":"post","link":"https:\/\/www.europesays.com\/fr\/538710\/","title":{"rendered":"Exclusif. Deux morts dans un accident \u00e0 Nancy :\u00a0le conducteur,\u00a0en \u00e9tat d\u2019\u00e9bri\u00e9t\u00e9, \u00e9crou\u00e9"},"content":{"rendered":"<p>Des sanglots s\u2019\u00e9chappent par la porte entreb\u00e2ill\u00e9e de la salle d\u2019attente gard\u00e9e par trois policiers. Ce sont ceux de Killian, 21 ans, tout de noir v\u00eatu. \u00c0 l\u2019issue de sa garde \u00e0 vue d\u00e9but\u00e9e au sortir de l\u2019h\u00f4pital, vendredi 14\u00a0novembre, le jeune homme \u00e9tait d\u00e9f\u00e9r\u00e9 dimanche, devant les magistrats de la cit\u00e9 judiciaire de Nancy.<\/p>\n<p>La voiture qu\u2019il conduisait dans la nuit du samedi 8\u00a0novembre, vers 3 heures, se fracassait <a href=\"https:\/\/www.estrepublicain.fr\/faits-divers-justice\/2025\/11\/08\/deux-morts-dans-un-grave-accident-au-bas-de-l-avenue-de-boufflers-a-nancy\" target=\"_blank\" rel=\"noopener\">contre&#8230;<\/a><\/p>\n","protected":false},"excerpt":{"rendered":"Des sanglots s\u2019\u00e9chappent par la porte entreb\u00e2ill\u00e9e de la salle d\u2019attente gard\u00e9e par trois policiers. Ce sont ceux&hellip;\n","protected":false},"author":2,"featured_media":538711,"comment_status":"","ping_status":"","sticky":false,"template":"","format":"standard","meta":{"footnotes":""},"categories":[9635],"tags":[119,1111,11,271,272,1704,1777,674,3384,274,1011,27,775,3457,1702,1703,12,25],"class_list":{"0":"post-538710","1":"post","2":"type-post","3":"status-publish","4":"format-standard","5":"has-post-thumbnail","7":"category-nancy","8":"tag-accident","9":"tag-actu","10":"tag-actualites","11":"tag-crime","12":"tag-delit-et-contravention","13":"tag-edition-nancy-et-agglomeration","14":"tag-eu","15":"tag-europe","16":"tag-exclusif","17":"tag-faits-divers-justice","18":"tag-fr","19":"tag-france","20":"tag-grand-est","21":"tag-meurthe-et-moselle","22":"tag-nancy","23":"tag-nancy-ville-54b","24":"tag-news","25":"tag-republique-francaise"},"share_on_mastodon":{"url":"https:\/\/pubeurope.com\/@fr\/115561004151544349","error":""},"_links":{"self":[{"href":"https:\/\/www.europesays.com\/fr\/wp-json\/wp\/v2\/posts\/538710","targetHints":{"allow":["GET"]}}],"collection":[{"href":"https:\/\/www.europesays.com\/fr\/wp-json\/wp\/v2\/posts"}],"about":[{"href":"https:\/\/www.europesays.com\/fr\/wp-json\/wp\/v2\/types\/post"}],"author":[{"embeddable":true,"href":"https:\/\/www.europesays.com\/fr\/wp-json\/wp\/v2\/users\/2"}],"replies":[{"embeddable":true,"href":"https:\/\/www.europesays.com\/fr\/wp-json\/wp\/v2\/comments?post=538710"}],"version-history":[{"count":0,"href":"https:\/\/www.europesays.com\/fr\/wp-json\/wp\/v2\/posts\/538710\/revisions"}],"wp:featuredmedia":[{"embeddable":true,"href":"https:\/\/www.europesays.com\/fr\/wp-json\/wp\/v2\/media\/538711"}],"wp:attachment":[{"href":"https:\/\/www.europesays.com\/fr\/wp-json\/wp\/v2\/media?parent=538710"}],"wp:term":[{"taxonomy":"category","embeddable":true,"href":"https:\/\/www.europesays.com\/fr\/wp-json\/wp\/v2\/categories?post=538710"},{"taxonomy":"post_tag","embeddable":true,"href":"https:\/\/www.europesays.com\/fr\/wp-json\/wp\/v2\/tags?post=538710"}],"curies":[{"name":"wp","href":"https:\/\/api.w.org\/{rel}","templated":true}]}}