{"id":538712,"date":"2025-11-16T19:22:30","date_gmt":"2025-11-16T19:22:30","guid":{"rendered":"https:\/\/www.europesays.com\/fr\/538712\/"},"modified":"2025-11-16T19:22:30","modified_gmt":"2025-11-16T19:22:30","slug":"sarreguemines-attend-las-nancy-lorraine-au-8e-tour","status":"publish","type":"post","link":"https:\/\/www.europesays.com\/fr\/538712\/","title":{"rendered":"Sarreguemines attend l\u2019AS Nancy-Lorraine au 8e\u00a0tour"},"content":{"rendered":"<p><a href=\"https:\/\/www.republicain-lorrain.fr\/sport\/2025\/11\/16\/coupe-de-france-tombeur-de-furiani-le-sarreguemines-fc-ne-meurt-jamais\" target=\"_blank\" rel=\"noopener\">L\u2019AS Nancy-Lorraine se rendra bien \u00e0 Sarreguemines pour le 8e tour de la Coupe de France<\/a>. Les joueurs de <a href=\"https:\/\/www.republicain-lorrain.fr\/p\/pablo-correa\" target=\"_blank\" rel=\"noopener\">Pablo Correa<\/a>, pensionnaires de Ligue 2, ont en effet dispos\u00e9 facilement de Tomblaine (R\u00e9gional 3), ce dimanche au <a href=\"https:\/\/www.republicain-lorrain.fr\/p\/stade-marcel-picot\" target=\"_blank\" rel=\"noopener\">Stade Marcel-Picot<\/a> (5-0), gr\u00e2ce \u00e0 des r\u00e9alisations de Nahounou (2e), Sidib\u00e9 (34e), Ztouti (72e), El Hansar (75e) et enfin Dabasse (82e). Le score aurait d\u2019ailleurs pu \u00eatre plus lourd si le gardien amateur Sacha Krukoff n\u2019avait pas multipli\u00e9 les arr\u00eats.<\/p>\n<p>L\u2019entra\u00eeneur franco-uruguayen a par ailleurs profit\u00e9 de l\u2019occasion pour faire tourner son effectif et le nouveau gardien Geoffrey Lembet a pu faire sa premi\u00e8re apparition officielle sous le maillot nanc\u00e9ien. <a href=\"https:\/\/www.republicain-lorrain.fr\/sport\/2025\/05\/19\/mattheo-guendez-serial-buteur\" target=\"_blank\" rel=\"noopener\">L\u2019ex-joueur de Hombourg-Haut, Matth\u00e9o Guendez<\/a>, a \u00e9galement pu transpirer plus d\u2019une trentaine de minutes puisqu\u2019il est entr\u00e9 apr\u00e8s l\u2019heure de jeu. Peut-\u00eatre aura-t-il aussi l\u2019occasion de jouer \u00e0 la Blies dans deux semaines\u2026<\/p>\n","protected":false},"excerpt":{"rendered":"L\u2019AS Nancy-Lorraine se rendra bien \u00e0 Sarreguemines pour le 8e tour de la Coupe de France. Les joueurs&hellip;\n","protected":false},"author":2,"featured_media":538713,"comment_status":"","ping_status":"","sticky":false,"template":"","format":"standard","meta":{"footnotes":""},"categories":[9635],"tags":[1111,11,3703,6114,1777,674,63,1011,27,775,1702,12,25,25411,25412,517,1700],"class_list":{"0":"post-538712","1":"post","2":"type-post","3":"status-publish","4":"format-standard","5":"has-post-thumbnail","7":"category-nancy","8":"tag-actu","9":"tag-actualites","10":"tag-asnl","11":"tag-edition-sarreguemines-bitche","12":"tag-eu","13":"tag-europe","14":"tag-football","15":"tag-fr","16":"tag-france","17":"tag-grand-est","18":"tag-nancy","19":"tag-news","20":"tag-republique-francaise","21":"tag-sarreguemines","22":"tag-sarreguemines-ville-57d","23":"tag-sport","24":"tag-sport-lorrain"},"share_on_mastodon":{"url":"https:\/\/pubeurope.com\/@fr\/115561008113738019","error":""},"_links":{"self":[{"href":"https:\/\/www.europesays.com\/fr\/wp-json\/wp\/v2\/posts\/538712","targetHints":{"allow":["GET"]}}],"collection":[{"href":"https:\/\/www.europesays.com\/fr\/wp-json\/wp\/v2\/posts"}],"about":[{"href":"https:\/\/www.europesays.com\/fr\/wp-json\/wp\/v2\/types\/post"}],"author":[{"embeddable":true,"href":"https:\/\/www.europesays.com\/fr\/wp-json\/wp\/v2\/users\/2"}],"replies":[{"embeddable":true,"href":"https:\/\/www.europesays.com\/fr\/wp-json\/wp\/v2\/comments?post=538712"}],"version-history":[{"count":0,"href":"https:\/\/www.europesays.com\/fr\/wp-json\/wp\/v2\/posts\/538712\/revisions"}],"wp:featuredmedia":[{"embeddable":true,"href":"https:\/\/www.europesays.com\/fr\/wp-json\/wp\/v2\/media\/538713"}],"wp:attachment":[{"href":"https:\/\/www.europesays.com\/fr\/wp-json\/wp\/v2\/media?parent=538712"}],"wp:term":[{"taxonomy":"category","embeddable":true,"href":"https:\/\/www.europesays.com\/fr\/wp-json\/wp\/v2\/categories?post=538712"},{"taxonomy":"post_tag","embeddable":true,"href":"https:\/\/www.europesays.com\/fr\/wp-json\/wp\/v2\/tags?post=538712"}],"curies":[{"name":"wp","href":"https:\/\/api.w.org\/{rel}","templated":true}]}}