{"id":538716,"date":"2025-11-16T19:24:15","date_gmt":"2025-11-16T19:24:15","guid":{"rendered":"https:\/\/www.europesays.com\/fr\/538716\/"},"modified":"2025-11-16T19:24:15","modified_gmt":"2025-11-16T19:24:15","slug":"en-afghanistan-les-americains-ont-largue-des-graines-de-pavot-invasives","status":"publish","type":"post","link":"https:\/\/www.europesays.com\/fr\/538716\/","title":{"rendered":"En Afghanistan, les Am\u00e9ricains ont largu\u00e9 des graines de pavot invasives"},"content":{"rendered":"<p>D\u00e9tentions arbitraires dans des prisons secr\u00e8tes, torture des \u00ab\u00a0ennemis combattants\u00a0\u00bb par simulation de noyade\u2026 Dans la longue guerre contre la terreur d\u00e9cr\u00e9t\u00e9e par George Bush apr\u00e8s les attentats du 11\u00a0septembre 2001, la CIA n\u2019a pas fait que s\u2019affranchir des lois de la guerre et pi\u00e9tiner les droits humains en <a href=\"https:\/\/www.ouest-france.fr\/monde\/afghanistan\/\" target=\"_self\" rel=\"nofollow noopener\">Afghanistan<\/a>. Une <a href=\"https:\/\/www.washingtonpost.com\/national-security\/2025\/11\/12\/cia-afghanistan-heroin-poppy-seeds\/\" target=\"_self\" rel=\"nofollow noopener\">enqu\u00eate m\u00e9ticuleuse du<\/a>  <a href=\"https:\/\/www.washingtonpost.com\/national-security\/2025\/11\/12\/cia-afghanistan-heroin-poppy-seeds\/\" target=\"_self\" rel=\"nofollow noopener\">\u00a0Washington Post<\/a>, a r\u00e9v\u00e9l\u00e9, mercredi 12\u00a0novembre 2025, que les agents de l\u2019agence du renseignement am\u00e9ricaine \u2013 certains du moins \u2014 firent montre d\u2019une louable inventivit\u00e9.<\/p>\n<p>Un somptueux pavot rouge<\/p>\n<p>\u00c0 partir de l\u2019automne 2004, des vols nocturnes de C-130\u00a0organis\u00e9s par la division du crime et des narcotiques de la CIA ont largu\u00e9 sur les champs de pavot du Nangarhar (est de Kaboul) et du Helmand (sud de l\u2019Afghanistan) des milliards et des milliards de graines. Mais d\u2019une esp\u00e8ce particuli\u00e8re\u00a0: un somptueux pavot rouge pr\u00e9coce, patiemment s\u00e9lectionn\u00e9 en raison de son incapacit\u00e9 \u00e0 produire un opium transformable en morphine base puis en h\u00e9ro\u00efne.<\/p>\n<p>Le pari des agents secrets \u00e9tait que l\u2019esp\u00e8ce invasive supplanterait les vari\u00e9t\u00e9s cultiv\u00e9es dans ces deux provinces, \u00e9picentres de la drogue afghane, ou les affadirait par hybridation.<\/p>\n<p>Interdiction de l\u2019opium<\/p>\n<p>Cela devait r\u00e9duire la corruption du gouvernement Karza\u00ef, install\u00e9 par les Occidentaux, priver de ressources les insurg\u00e9s talibans et tarir le flux d\u2019h\u00e9ro\u00efne en Europe. Cette option fut pr\u00e9f\u00e9r\u00e9e \u00e0 d\u2019autres, plus radicales\u00a0et mortif\u00e8res, comme l\u2019\u00e9pandage de glyphosate telle qu\u2019il fut pratiqu\u00e9 par les Am\u00e9ricains sur la coca de Colombie.<\/p>\n<p>Le r\u00e9sultat\u00a0n\u2019a jamais \u00e9t\u00e9 vraiment \u00e9valu\u00e9\u00a0: la production chuta jusqu\u2019en 2011\u00a0avant de remonter et la CIA cessa de jardiner faute de fonds. C\u2019est finalement le retour des talibans au pouvoir, en 2021, et l\u2019interdiction de l\u2019opium qui a r\u00e9duit la production de 95\u00a0% en 2023. Un indice sugg\u00e8re que la CIA avait peut-\u00eatre en partie r\u00e9ussi. Selon l\u2019Onu, la production d\u2019opium (repartie \u00e0 la hausse de 19\u00a0% l\u2019an dernier) a migr\u00e9 de ses zones traditionnelles vers le nord est du pays.<\/p>\n<p>\u00a0<\/p>\n","protected":false},"excerpt":{"rendered":"D\u00e9tentions arbitraires dans des prisons secr\u00e8tes, torture des \u00ab\u00a0ennemis combattants\u00a0\u00bb par simulation de noyade\u2026 Dans la longue guerre&hellip;\n","protected":false},"author":2,"featured_media":538717,"comment_status":"","ping_status":"","sticky":false,"template":"","format":"standard","meta":{"footnotes":""},"categories":[9619],"tags":[1111,11,598,2450,1777,674,1011,27,38142,65745,65743,12,65744,882,25,2310],"class_list":{"0":"post-538716","1":"post","2":"type-post","3":"status-publish","4":"format-standard","5":"has-post-thumbnail","7":"category-toulon","8":"tag-actu","9":"tag-actualites","10":"tag-afghanistan","11":"tag-americains","12":"tag-eu","13":"tag-europe","14":"tag-fr","15":"tag-france","16":"tag-graines","17":"tag-invasives","18":"tag-largue","19":"tag-news","20":"tag-pavot","21":"tag-provence-alpes-cote-dazur","22":"tag-republique-francaise","23":"tag-toulon"},"share_on_mastodon":{"url":"https:\/\/pubeurope.com\/@fr\/115561015980060626","error":""},"_links":{"self":[{"href":"https:\/\/www.europesays.com\/fr\/wp-json\/wp\/v2\/posts\/538716","targetHints":{"allow":["GET"]}}],"collection":[{"href":"https:\/\/www.europesays.com\/fr\/wp-json\/wp\/v2\/posts"}],"about":[{"href":"https:\/\/www.europesays.com\/fr\/wp-json\/wp\/v2\/types\/post"}],"author":[{"embeddable":true,"href":"https:\/\/www.europesays.com\/fr\/wp-json\/wp\/v2\/users\/2"}],"replies":[{"embeddable":true,"href":"https:\/\/www.europesays.com\/fr\/wp-json\/wp\/v2\/comments?post=538716"}],"version-history":[{"count":0,"href":"https:\/\/www.europesays.com\/fr\/wp-json\/wp\/v2\/posts\/538716\/revisions"}],"wp:featuredmedia":[{"embeddable":true,"href":"https:\/\/www.europesays.com\/fr\/wp-json\/wp\/v2\/media\/538717"}],"wp:attachment":[{"href":"https:\/\/www.europesays.com\/fr\/wp-json\/wp\/v2\/media?parent=538716"}],"wp:term":[{"taxonomy":"category","embeddable":true,"href":"https:\/\/www.europesays.com\/fr\/wp-json\/wp\/v2\/categories?post=538716"},{"taxonomy":"post_tag","embeddable":true,"href":"https:\/\/www.europesays.com\/fr\/wp-json\/wp\/v2\/tags?post=538716"}],"curies":[{"name":"wp","href":"https:\/\/api.w.org\/{rel}","templated":true}]}}