{"id":538722,"date":"2025-11-16T19:27:13","date_gmt":"2025-11-16T19:27:13","guid":{"rendered":"https:\/\/www.europesays.com\/fr\/538722\/"},"modified":"2025-11-16T19:27:13","modified_gmt":"2025-11-16T19:27:13","slug":"mamoune-la-mode-qui-traverse-le-temps-et-rassemble-les-generations","status":"publish","type":"post","link":"https:\/\/www.europesays.com\/fr\/538722\/","title":{"rendered":"Mamoune : la mode qui traverse le temps et rassemble les g\u00e9n\u00e9rations"},"content":{"rendered":"<p>Il y a des marques qui proposent des v\u00eatements\u2026 et puis il y a <strong>Mamoune<\/strong>, une v\u00e9ritable d\u00e9claration d\u2019amour \u00e0 la mode, au lien et au temps qui passe.<\/p>\n<p>Derri\u00e8re ce projet, on retrouve une jeune Rouennaise de <strong>25 ans<\/strong>, passionn\u00e9e par la mode et le commerce depuis toujours. Une passion forg\u00e9e au fil des ann\u00e9es, dans ces boutiques o\u00f9 chaque v\u00eatement raconte une histoire et o\u00f9 chaque \u00e9change avec un client est une vraie rencontre.<\/p>\n<p>Aujourd\u2019hui, elle r\u00e9invente le commerce \u00e0 sa mani\u00e8re : <strong>une boutique en ligne qui garde l\u2019\u00e2me des commerces d\u2019antan<\/strong>, avec ce suppl\u00e9ment de proximit\u00e9, de bienveillance et d\u2019\u00e9coute qui manque tellement dans le digital.<\/p>\n<p>Chez elle, le conseil, le service et l\u2019humain passent toujours avant tout.<\/p>\n<blockquote class=\"instagram-media\" data-instgrm-permalink=\"https:\/\/www.instagram.com\/p\/DQgljzaiNPM\/?utm_source=ig_embed&amp;utm_campaign=loading\" data-instgrm-version=\"14\" style=\" background:#FFF; border:0; border-radius:3px; box-shadow:0 0 1px 0 rgba(0,0,0,0.5),0 1px 10px 0 rgba(0,0,0,0.15); margin: 1px; max-width:540px; min-width:326px; padding:0; width:99.375%; width:-webkit-calc(100% - 2px); width:calc(100% - 2px);\" wp_automatic_readability=\"-0.23076923076923\"\/><p><strong>Retour \u00e0 l\u2019essentiel : l\u2019\u00e9l\u00e9gance qui dure<\/strong><\/p>\n<p>Chez Mamoune, l\u2019id\u00e9e est simple : <strong>proposer des pi\u00e8ces \u00e9l\u00e9gantes, de qualit\u00e9, qui traversent les modes et se transmettent<\/strong>.<\/p>\n<p style=\"margin: 0; color: #000000; font-size: 16px; font-weight: bold;\">\u00c0 voir aussi sur Rouen Bouge<\/p>\n<\/p>\n<p>                    \u2716\n                <\/p>\n<p>Parce que les tendances passent, les coupes changent\u2026 mais <strong>une mati\u00e8re noble, une finition soign\u00e9e ou une silhouette parfaitement pens\u00e9e, \u00e7a ne vieillit jamais<\/strong>.<\/p>\n<p>La marque revisite les basiques pour en faire des pi\u00e8ces essentielles :<\/p>\n<ul class=\"wp-block-list\">\n<li>modernes sans \u00eatre \u00e9ph\u00e9m\u00e8res,<\/li>\n<li>intemporelles sans \u00eatre fades,<\/li>\n<li>douces, vraies, faites pour accompagner nos plus beaux moments.<\/li>\n<\/ul>\n<p>Ici, on ne surconsomme pas.<\/p>\n<p>On <strong>choisit<\/strong>.<\/p>\n<p>On investit dans un vestiaire qui a du sens, o\u00f9 chaque pi\u00e8ce a une vraie raison d\u2019\u00eatre.<\/p>\n<p><strong>Ap\u00e9ros &amp; Brunchs Mamoune : des moments \u00e0 vivre<\/strong><\/p>\n<p>Une fois par mois, Mamoune organise ses <strong>Ap\u00e9ros Mamoune<\/strong> et ses <strong>Brunchs Mamoune<\/strong> :<\/p>\n<p>des rendez-vous qui ressemblent \u00e0 la marque, doux, conviviaux, \u00e9l\u00e9gants, simples et lumineux.<\/p>\n<p><strong>O\u00f9 retrouver la collection Mamoune ?<\/strong><\/p>\n<p>En plus de la boutique en ligne, il est d\u00e9sormais possible de d\u00e9couvrir et d\u2019essayer les pi\u00e8ces Mamoune dans deux lieux inspirants de la m\u00e9tropole rouennaise :<\/p>\n<p>\ud83d\udccd <strong>Concept Store 565<\/strong><br \/>565 rue Heureuse \u2013 Bois-Guillaume<\/p>\n<p>\ud83d\udccd <strong>Chez Ingrid Degremont<\/strong><br \/>63 rue Saint-Nicolas \u2013 Rouen<\/p>\n<p>Deux adresses, deux ambiances, un m\u00eame esprit : celui de Mamoune.<\/p>\n<p>            <script async src=\"\/\/www.instagram.com\/embed.js\"><\/script><\/p>\n","protected":false},"excerpt":{"rendered":"Il y a des marques qui proposent des v\u00eatements\u2026 et puis il y a Mamoune, une v\u00e9ritable d\u00e9claration&hellip;\n","protected":false},"author":2,"featured_media":538723,"comment_status":"","ping_status":"","sticky":false,"template":"","format":"standard","meta":{"footnotes":""},"categories":[9587],"tags":[1111,11,1777,674,1011,27,12,5161,25,9590],"class_list":{"0":"post-538722","1":"post","2":"type-post","3":"status-publish","4":"format-standard","5":"has-post-thumbnail","7":"category-rouen","8":"tag-actu","9":"tag-actualites","10":"tag-eu","11":"tag-europe","12":"tag-fr","13":"tag-france","14":"tag-news","15":"tag-normandie","16":"tag-republique-francaise","17":"tag-rouen"},"share_on_mastodon":{"url":"https:\/\/pubeurope.com\/@fr\/115561027764368415","error":""},"_links":{"self":[{"href":"https:\/\/www.europesays.com\/fr\/wp-json\/wp\/v2\/posts\/538722","targetHints":{"allow":["GET"]}}],"collection":[{"href":"https:\/\/www.europesays.com\/fr\/wp-json\/wp\/v2\/posts"}],"about":[{"href":"https:\/\/www.europesays.com\/fr\/wp-json\/wp\/v2\/types\/post"}],"author":[{"embeddable":true,"href":"https:\/\/www.europesays.com\/fr\/wp-json\/wp\/v2\/users\/2"}],"replies":[{"embeddable":true,"href":"https:\/\/www.europesays.com\/fr\/wp-json\/wp\/v2\/comments?post=538722"}],"version-history":[{"count":0,"href":"https:\/\/www.europesays.com\/fr\/wp-json\/wp\/v2\/posts\/538722\/revisions"}],"wp:featuredmedia":[{"embeddable":true,"href":"https:\/\/www.europesays.com\/fr\/wp-json\/wp\/v2\/media\/538723"}],"wp:attachment":[{"href":"https:\/\/www.europesays.com\/fr\/wp-json\/wp\/v2\/media?parent=538722"}],"wp:term":[{"taxonomy":"category","embeddable":true,"href":"https:\/\/www.europesays.com\/fr\/wp-json\/wp\/v2\/categories?post=538722"},{"taxonomy":"post_tag","embeddable":true,"href":"https:\/\/www.europesays.com\/fr\/wp-json\/wp\/v2\/tags?post=538722"}],"curies":[{"name":"wp","href":"https:\/\/api.w.org\/{rel}","templated":true}]}}