{"id":538724,"date":"2025-11-16T19:28:15","date_gmt":"2025-11-16T19:28:15","guid":{"rendered":"https:\/\/www.europesays.com\/fr\/538724\/"},"modified":"2025-11-16T19:28:15","modified_gmt":"2025-11-16T19:28:15","slug":"on-a-teste-la-raclette-la-fondue-a-volonte","status":"publish","type":"post","link":"https:\/\/www.europesays.com\/fr\/538724\/","title":{"rendered":"On a test\u00e9 la raclette &#038; la fondue\u00a0\u00e0 volont\u00e9"},"content":{"rendered":"<p>            <strong>\ud83e\uddc0 Une immersion totale\u2026 comme si on avait fait 1 000 km<\/strong><\/p>\n<p>Cet hiver, pas besoin de partir en Savoie : on file direction <strong>Le Vert Bocage<\/strong>, \u00e0 <strong>Franqueville-Saint-Pierre<\/strong>, seulement <strong>15 minutes de Rouen<\/strong>.<br \/>Le restaurant a carr\u00e9ment transform\u00e9 une salle en <strong><a href=\"https:\/\/levertbocage.fr\/a-table\/le-chalet-du-vert-bocage\/\" target=\"_blank\" rel=\"noopener nofollow\">vrai chalet montagnard<\/a><\/strong> : <strong>Peaux de b\u00eate<\/strong>, <strong>bois brut<\/strong>, <strong>lumi\u00e8res tamis\u00e9es<\/strong>, musique fa\u00e7on stations de ski\u2026 et une <strong>immense toile tendue<\/strong> avec vue sur les <strong>montagnes enneig\u00e9es<\/strong>.<\/p>\n<p>En trois secondes, on oublie qu\u2019on est en Normandie.<\/p>\n<p><strong>\ud83e\uded5 Raclette, fondue &amp; plats montagnards\u2026\u00a0\u00e0 volont\u00e9<\/strong> <strong>pour les plus gourmands<\/strong><\/p>\n<p>Le Vert Bocage r\u00e9gale avec sa formule <strong>raclette ou fondue \u00e0 volont\u00e9<\/strong>.<br \/>Le combo parfait : fromage fondu, patates, charcuterie\u2026 bref, de quoi faire fondre n\u2019importe quel hiver.<\/p>\n<p>Et si t\u2019aimes varier, tu peux aussi opter pour :<\/p>\n<p style=\"margin: 0; color: #000000; font-size: 16px; font-weight: bold;\">\u00c0 voir aussi sur Rouen Bouge<\/p>\n<\/p>\n<p>                    \u2716\n                <\/p>\n<ul class=\"wp-block-list\">\n<li>une <strong>tartiflette bien gratin\u00e9e<\/strong>,<\/li>\n<li>ou leur <strong>galette montagnarde<\/strong> ultra r\u00e9confortante.<\/li>\n<\/ul>\n<p>Des plats <strong>comme on aime<\/strong>, parfaits pour affronter le froid.<\/p>\n<blockquote class=\"instagram-media\" data-instgrm-permalink=\"https:\/\/www.instagram.com\/reel\/DPol1bOjZdu\/?utm_source=ig_embed&amp;utm_campaign=loading\" data-instgrm-version=\"14\" style=\" background:#FFF; border:0; border-radius:3px; box-shadow:0 0 1px 0 rgba(0,0,0,0.5),0 1px 10px 0 rgba(0,0,0,0.15); margin: 1px; max-width:540px; min-width:326px; padding:0; width:99.375%; width:-webkit-calc(100% - 2px); width:calc(100% - 2px);\" wp_automatic_readability=\"-0.21212121212121\"\/><p><strong>\ud83d\ude97 Facile d\u2019acc\u00e8s + parking sur place<\/strong><\/p>\n<p>Situ\u00e9 \u00e0 <strong>Franqueville-Saint-Pierre<\/strong>, le Vert Bocage est :<\/p>\n<ul class=\"wp-block-list\">\n<li><strong>\u00e0 seulement 15 minutes de Rouen<\/strong>,<\/li>\n<li><strong>avec parking sur place<\/strong> pour se garer sans gal\u00e8re.<\/li>\n<\/ul>\n<p>Le combo parfait pour une soir\u00e9e sans stress.<\/p>\n<p><strong>\ud83d\udd25 Le spot id\u00e9al pour l\u2019hiver<\/strong><\/p>\n<p>Entre potes, en amoureux ou pour une soir\u00e9e 100% fromage, c\u2019est clairement <strong>LE<\/strong> lieu o\u00f9 aller cet hiver.<\/p>\n<p>\u26a0\ufe0f <strong>R\u00e9servation fortement conseill\u00e9e<\/strong> : les places dans le chalet sont <strong>limit\u00e9es<\/strong> et partent tr\u00e8s vite !<strong> <\/strong><\/p>\n<p><strong>\u2139\ufe0f Informations pratiques<\/strong><\/p>\n<p>\ud83d\udccd <strong>864 Rte de Paris, 76520 Franqueville-Saint-Pierre<\/strong><br \/>\ud83d\udcde <strong>02 35 80 14 74<\/strong><br \/>\ud83c\udf10 <strong>levertbocage.fr<\/strong><\/p>\n<p><a href=\"https:\/\/levertbocage.fr\/\" target=\"_blank\" rel=\"noopener nofollow\">R\u00e9servation en ligne ici <\/a><\/p>\n<p>            <script async src=\"\/\/www.instagram.com\/embed.js\"><\/script><\/p>\n","protected":false},"excerpt":{"rendered":"\ud83e\uddc0 Une immersion totale\u2026 comme si on avait fait 1 000 km Cet hiver, pas besoin de partir&hellip;\n","protected":false},"author":2,"featured_media":538725,"comment_status":"","ping_status":"","sticky":false,"template":"","format":"standard","meta":{"footnotes":""},"categories":[9587],"tags":[1111,11,1777,674,1011,27,12,5161,25,9590],"class_list":{"0":"post-538724","1":"post","2":"type-post","3":"status-publish","4":"format-standard","5":"has-post-thumbnail","7":"category-rouen","8":"tag-actu","9":"tag-actualites","10":"tag-eu","11":"tag-europe","12":"tag-fr","13":"tag-france","14":"tag-news","15":"tag-normandie","16":"tag-republique-francaise","17":"tag-rouen"},"share_on_mastodon":{"url":"https:\/\/pubeurope.com\/@fr\/115561031627887307","error":""},"_links":{"self":[{"href":"https:\/\/www.europesays.com\/fr\/wp-json\/wp\/v2\/posts\/538724","targetHints":{"allow":["GET"]}}],"collection":[{"href":"https:\/\/www.europesays.com\/fr\/wp-json\/wp\/v2\/posts"}],"about":[{"href":"https:\/\/www.europesays.com\/fr\/wp-json\/wp\/v2\/types\/post"}],"author":[{"embeddable":true,"href":"https:\/\/www.europesays.com\/fr\/wp-json\/wp\/v2\/users\/2"}],"replies":[{"embeddable":true,"href":"https:\/\/www.europesays.com\/fr\/wp-json\/wp\/v2\/comments?post=538724"}],"version-history":[{"count":0,"href":"https:\/\/www.europesays.com\/fr\/wp-json\/wp\/v2\/posts\/538724\/revisions"}],"wp:featuredmedia":[{"embeddable":true,"href":"https:\/\/www.europesays.com\/fr\/wp-json\/wp\/v2\/media\/538725"}],"wp:attachment":[{"href":"https:\/\/www.europesays.com\/fr\/wp-json\/wp\/v2\/media?parent=538724"}],"wp:term":[{"taxonomy":"category","embeddable":true,"href":"https:\/\/www.europesays.com\/fr\/wp-json\/wp\/v2\/categories?post=538724"},{"taxonomy":"post_tag","embeddable":true,"href":"https:\/\/www.europesays.com\/fr\/wp-json\/wp\/v2\/tags?post=538724"}],"curies":[{"name":"wp","href":"https:\/\/api.w.org\/{rel}","templated":true}]}}