{"id":538732,"date":"2025-11-16T19:33:35","date_gmt":"2025-11-16T19:33:35","guid":{"rendered":"https:\/\/www.europesays.com\/fr\/538732\/"},"modified":"2025-11-16T19:33:35","modified_gmt":"2025-11-16T19:33:35","slug":"grand-poitiers-si-pres-et-si-loin-apres-son-revers-au-cpb-rennes","status":"publish","type":"post","link":"https:\/\/www.europesays.com\/fr\/538732\/","title":{"rendered":"Grand Poitiers, si pr\u00e8s et si loin apr\u00e8s son revers au CPB Rennes"},"content":{"rendered":"<p>Apr\u00e8s le succ\u00e8s \u00e0 domicile <a target=\"_self\" href=\"https:\/\/www.lanouvellerepublique.fr\/poitiers\/nationale-1-il-y-a-des-sourires-c-est-bien-apres-la-victoire-de-grand-poitiers-contre-nantes-a-chatellerault-1762641004\" rel=\"noopener\">face \u00e0 Nantes (36-24)<\/a>, Romain Guillard attendait une confirmation, et elle n\u2019est pas venue. Ou plut\u00f4t, ce n\u2019est pas celle qu\u2019il esp\u00e9rait. Alors que Grand Poitiers ambitionnait d\u2019encha\u00eener, il a rechut\u00e9 au CPB Rennes (24-23) et rappel\u00e9 que sa premi\u00e8re partie de saison, d\u00e9j\u00e0 largement entam\u00e9e, est marqu\u00e9e du sceau de l\u2019inconstance. \u00ab\u00a0Il faut se faire une raison, c\u2019est notre niveau, grin\u00e7ait l\u2019entra\u00eeneur des Griffons, on est capable du meilleur comme du pire, on manque de ma\u00eetrise, de s\u00e9r\u00e9nit\u00e9.\u00a0\u00bb<\/p>\n<p>\u00ab\u00a0On n\u2019a pas de marge\u00a0\u00bb<\/p>\n<p>Il s\u2019en est pourtant fallu d\u2019un rien pour que les Poitevins ram\u00e8nent un excellent r\u00e9sultat de Rennes, une \u00e9quipe redoutable dans sa salle. Apr\u00e8s avoir couru apr\u00e8s le score d\u00e8s les premiers instants et apr\u00e8s une premi\u00e8re p\u00e9riode indigente, avec seulement 9 buts inscrits, Hugo H\u00e9rault et consorts \u00e9taient pass\u00e9s devant \u00e0 la 53e (21-22). Mais quand le CPB reprenait les devants, suite \u00e0 un penalty \u00e0 moins de deux minutes du terme (24-23), Poitiers ne parvenait pas \u00e0 r\u00e9pliquer.<\/p>\n<p>\u00ab\u00a0Il y a forc\u00e9ment beaucoup de regrets, d\u00e9clarait Guillard, car on savait que ce serait difficile mais abordable, et on ne s\u2019est pas tromp\u00e9 de beaucoup. Mais ce match rappelle aussi qu\u2019on n\u2019a pas de marge, qu\u2019on ne peut pas se permettre d\u2019attendre 30 minutes pour commencer \u00e0 jouer\u00a0\u00bb. D\u00e9sormais neuvi\u00e8me du classement, alors que le CPB Rennes lui est pass\u00e9 devant, Grand Poitiers n\u2019a pas vraiment l\u2019allure d\u2019un candidat au sommet, son ambition de d\u00e9but de saison.<\/p>\n<p>Il lui manque notamment, pour cela, de la fluidit\u00e9 offensive. Et surtout, plus de constance. \u00ab\u00a0On est tous capables d\u2019\u00eatre dans un bon un jour, rel\u00e8ve l\u2019entra\u00eeneur poitevin, mais l\u2019\u00eatre dans la dur\u00e9e c\u2019est \u00e7a qu\u2019il faut chercher.\u00a0\u00bb Pour l\u2019instant, un autre rebond serait d\u00e9j\u00e0 appr\u00e9ciable, lors de la prochaine \u00e9ch\u00e9ance, un autre d\u00e9placement en Bretagne, \u00e0 Hennebont, cinqui\u00e8me du classement. \u00ab\u00a0Face \u00e0 une \u00e9quipe qui a l\u2019air de monter en puissance, il va falloir s\u2019appuyer sur ce qu\u2019on sait faire de mieux, notre identit\u00e9 d\u00e9fensive\u00a0\u00bb, conclut Guillard.<\/p>\n<p class=\"alireaussi\"><b>&gt;\u00a0Rejoignez la communaut\u00e9 NR\u00a0&#8211; Les sports dans la Vienne sur Facebook.<\/b><\/p>\n","protected":false},"excerpt":{"rendered":"Apr\u00e8s le succ\u00e8s \u00e0 domicile face \u00e0 Nantes (36-24), Romain Guillard attendait une confirmation, et elle n\u2019est pas&hellip;\n","protected":false},"author":2,"featured_media":538733,"comment_status":"","ping_status":"","sticky":false,"template":"","format":"standard","meta":{"footnotes":""},"categories":[2821],"tags":[1111,11,829,1777,674,1011,27,1792,35138,14977,12,1653,584,25,55158,60,1584],"class_list":{"0":"post-538732","1":"post","2":"type-post","3":"status-publish","4":"format-standard","5":"has-post-thumbnail","7":"category-rennes","8":"tag-actu","9":"tag-actualites","10":"tag-bretagne","11":"tag-eu","12":"tag-europe","13":"tag-fr","14":"tag-france","15":"tag-handball","16":"tag-jaunay-marigny","17":"tag-nationaux-handball","18":"tag-news","19":"tag-poitiers","20":"tag-rennes","21":"tag-republique-francaise","22":"tag-saint-georges-les-baillargeaux","23":"tag-sports","24":"tag-vienne"},"share_on_mastodon":{"url":"https:\/\/pubeurope.com\/@fr\/115561051579091792","error":""},"_links":{"self":[{"href":"https:\/\/www.europesays.com\/fr\/wp-json\/wp\/v2\/posts\/538732","targetHints":{"allow":["GET"]}}],"collection":[{"href":"https:\/\/www.europesays.com\/fr\/wp-json\/wp\/v2\/posts"}],"about":[{"href":"https:\/\/www.europesays.com\/fr\/wp-json\/wp\/v2\/types\/post"}],"author":[{"embeddable":true,"href":"https:\/\/www.europesays.com\/fr\/wp-json\/wp\/v2\/users\/2"}],"replies":[{"embeddable":true,"href":"https:\/\/www.europesays.com\/fr\/wp-json\/wp\/v2\/comments?post=538732"}],"version-history":[{"count":0,"href":"https:\/\/www.europesays.com\/fr\/wp-json\/wp\/v2\/posts\/538732\/revisions"}],"wp:featuredmedia":[{"embeddable":true,"href":"https:\/\/www.europesays.com\/fr\/wp-json\/wp\/v2\/media\/538733"}],"wp:attachment":[{"href":"https:\/\/www.europesays.com\/fr\/wp-json\/wp\/v2\/media?parent=538732"}],"wp:term":[{"taxonomy":"category","embeddable":true,"href":"https:\/\/www.europesays.com\/fr\/wp-json\/wp\/v2\/categories?post=538732"},{"taxonomy":"post_tag","embeddable":true,"href":"https:\/\/www.europesays.com\/fr\/wp-json\/wp\/v2\/tags?post=538732"}],"curies":[{"name":"wp","href":"https:\/\/api.w.org\/{rel}","templated":true}]}}