{"id":538736,"date":"2025-11-16T19:35:31","date_gmt":"2025-11-16T19:35:31","guid":{"rendered":"https:\/\/www.europesays.com\/fr\/538736\/"},"modified":"2025-11-16T19:35:31","modified_gmt":"2025-11-16T19:35:31","slug":"marre-de-la-politique-a-strasbourg-ils-taclent-avec-humour-les-municipales-2026-sur-insta","status":"publish","type":"post","link":"https:\/\/www.europesays.com\/fr\/538736\/","title":{"rendered":"Marre de la politique ? \u00c0 Strasbourg, ils taclent avec humour les municipales 2026 sur Insta"},"content":{"rendered":"<p><b>\u00c0 Strasbourg, depuis le d\u00e9but de la campagne des municipales, plusieurs comptes humoristiques se sont fait une petite place sur Instagram. M\u00e8mes, vid\u00e9os humoristiques et tacles sur certain(e)s candidat(e)s, plong\u00e9e dans l\u2019humour politique strasbourgeois.<\/b><\/p>\n<p class=\"p1\">Suivre la politique strasbourgeoise au jour le jour peut se r\u00e9v\u00e9ler \u00e9prouvant pour la sant\u00e9 mentale. <b>L\u2019auteur de cet article sait de quoi il parle, suivant les conseils municipaux et ses turpitudes depuis maintenant 5 ans et demi<\/b>. Face \u00e0 ce dr\u00f4le (souvent navrant) spectacle, il est facile de se laisser embarquer \u00e9motionnellement, entre frustration devant des postures qui ne bougent pas et col\u00e8re devant des d\u00e9bats vains.<\/p>\n<p class=\"p1\">Pour pouvoir continuer de suivre ce spectacle, aux cons\u00e9quences pourtant bien r\u00e9elles sur le quotidien des Strasbourgeois(es), <b>l\u2019humour est un moyen bienvenu pour all\u00e9ger les choses<\/b>. C\u2019est pourquoi Pokaa a cr\u00e9\u00e9 son bingo, ou encore un concours de punchlines ; pas pour d\u00e9politiser la politique, au contraire, mais justement pour prendre du recul sur le spectacle politique, pour essayer de se concentrer au maximum sur le fond.<\/p>\n<p>                <a href=\"https:\/\/pokaa.fr\/2025\/01\/09\/conseil-municipal-pierre-jakubowicz-remporte-le-concours-de-punchlines-politiques-2024\/\" target=\"_blank\" rel=\"noopener\"><br \/>\n                    <img width=\"450\" height=\"270\" src=\"https:\/\/www.europesays.com\/fr\/wp-content\/uploads\/2025\/11\/sans-titre-450x270.png\" class=\"attachment-card-horizontal--same-subject size-card-horizontal--same-subject wp-post-image\" alt=\"\" decoding=\"async\" loading=\"lazy\"\/>                <\/a><\/p>\n<p class=\"p1\">Et alors que la campagne des municipales redouble d\u2019intensit\u00e9, que les coups commencent \u00e0 partir \u00e0 droite et \u00e0 gauche, <b>l\u2019humour \u00e0 la strasbourgeoise se porte bien, merci pour lui<\/b>. Depuis quelques mois, certains comptes apparaissent sur Instagram, traitant de la politique sous couvert de m\u00e8mes et de r\u00e9f\u00e9rences Internet.<\/p>\n<p class=\"p1\">S\u2019il semble y en avoir plus \u00e0 gauche, <b>des comptes engag\u00e9s politiquement \u00e0 droite comme celui des <a href=\"https:\/\/www.instagram.com\/jeunesavecvetter\/\" target=\"_blank\" rel=\"noopener\">Jeunes avec Vetter<\/a> occupent \u00e9galement le terrain<\/b>. On s\u2019est entretenu avec ces derniers mais \u00e9galement deux autres : <a href=\"https:\/\/www.instagram.com\/strasleaks\/\" target=\"_blank\" rel=\"noopener\">Strasleaks<\/a> et <a target=\"_blank\" href=\"https:\/\/www.instagram.com\/le_troll_de_strass\/\" rel=\"noopener\">Le Troll de Strass<\/a>. Pour r\u00e9pondre \u00e0 une question : finalement, pourquoi l\u2019humour ?<\/p>\n<p>    <img width=\"800\" height=\"600\" src=\"https:\/\/www.europesays.com\/fr\/wp-content\/uploads\/2025\/10\/img-1757-grande-800x600.jpeg\" class=\"attachment-image-size-L size-image-size-L\" alt=\"conseil municipal he\u0301micycle\" decoding=\"async\" loading=\"lazy\"  \/>         \u00a9 Nicolas Kaspar \/ Pokaa <\/p>\n<p>Se moquer du jeu politique et des pol\u00e9miques d&rsquo;un c\u00f4t\u00e9, rendre la politique plus attractive de l&rsquo;autre<\/p>\n<p class=\"p1\">Dans le game de l\u2019humour politique strasbourgeois, Le Troll de Strass est le plus actif. Affirmant qu\u2019il n\u2019a pas sp\u00e9cifiquement cr\u00e9\u00e9 son compte pour la campagne, <b>celui qui suit l\u2019actualit\u00e9 locale en a eu \u00ab\u00a0marre\u00a0de voir qu\u2019on passe plus de temps \u00e0 parler de pol\u00e9miques absurdes plut\u00f4t que de parler des vrais sujets<\/b>. Voir les petites crises et discussions sans fin sur des sujets totalement absurdes, c\u2019est usant \u00bb. Au lieu de continuer \u00e0 \u00ab\u00a0r\u00e2ler dans son coin\u00a0\u00bb, il a commenc\u00e9 \u00e0 faire des vannes, \u00e0 \u00ab\u00a0l\u2019humour un peu gras\u00a0\u00bb comme il l\u2019admet lui-m\u00eame : \u00ab\u00a0Quitte \u00e0 troller, autant le faire en beaut\u00e9.\u00a0\u00bb<\/p>\n<p>Un sentiment partag\u00e9 par Strasleaks, qui explique : \u00ab\u00a0En suivant la politique locale, j\u2019ai vite compris que ce n\u2019\u00e9tait pas qu\u2019une question d\u2019id\u00e9es : <b>il y a surtout beaucoup de strat\u00e9gies, de coups en douce, de retournements un peu \u00e9tranges. Beaucoup d\u2019ego aussi<\/b>. \u00bb\u00a0Un dr\u00f4le de spectacle, qu\u2019il pr\u00e9f\u00e8re prendre \u00e0 la l\u00e9g\u00e8re : \u00ab\u00a0J\u2019ai choisi d\u2019en rire plut\u00f4t que de me laisser embarquer \u00e9motionnellement dans un truc o\u00f9, tr\u00e8s clairement, \u00e7a joue assez sale. \u00bb<\/p>\n<blockquote><p>\n        L\u2019objectif, c\u2019est avant tout de faire sourire et de donner envie de s\u2019int\u00e9resser \u00e0 la politique locale.    <\/p><\/blockquote>\n<p>            Les Jeunes avec Vetter, compte Instagram<\/p>\n<p>                <img width=\"293\" height=\"500\" src=\"https:\/\/www.europesays.com\/fr\/wp-content\/uploads\/2025\/11\/capture-decran-2025-11-14-a-145724-293x500.png\" class=\"attachment-gallery size-gallery\" alt=\"humour politique\" data-full-url=\"https:\/\/pokaa.fr\/wp-content\/uploads\/2025\/11\/14\/capture-decran-2025-11-14-a-145724.png\" decoding=\"async\" loading=\"lazy\"  \/>            <\/p>\n<p>                <img width=\"380\" height=\"500\" src=\"https:\/\/www.europesays.com\/fr\/wp-content\/uploads\/2025\/11\/img-2587-380x500.jpg\" class=\"attachment-gallery size-gallery\" alt=\"humour politique\" data-full-url=\"https:\/\/pokaa.fr\/wp-content\/uploads\/2025\/11\/14\/img-2587.jpg\" decoding=\"async\" loading=\"lazy\"  \/>            <\/p>\n<p>                    1. Compte Instagram de Strasleaks \/ Capture d&rsquo;\u00e9cran ; 2. \u00a9 Compte Instagram du Troll de Strass \/ Capture d&rsquo;\u00e9cran<\/p>\n<p>Du c\u00f4t\u00e9 des Jeunes avec Vetter, si l\u2019humour est semblable aux deux autres comptes dans les codes utilis\u00e9s, il n\u2019a pas le m\u00eame objectif : \u00ab C\u2019est pour donner envie aux jeunes de s\u2019int\u00e9resser \u00e0 la politique, surtout \u00e0 l\u2019\u00e9chelle locale. Les \u00e9lections municipales concernent tout le monde, <strong>et pour capter l\u2019attention, on pense que l\u2019humour est le meilleur moyen de rendre tout \u00e7a plus attractif et d\u2019\u00e9largir notre audience<\/strong>. \u00bb<\/p>\n<p>Et ainsi, mettre en avant des sujets plus s\u00e9rieux, port\u00e9s par leur candidat. Une strat\u00e9gie qui se remarque vite sur leur compte, <strong>o\u00f9\u00a0les posts s\u00e9rieux sont entrecoup\u00e9s d\u2019autres plus humoristiques<\/strong>.<\/p>\n<p>D\u00e9tourner une campagne strasbourgeoise pleine de contradictions<\/p>\n<p class=\"p1\">Chacun \u00e0 leur mani\u00e8re, les Jeunes avec Vetter, Strasleaks et Le Troll de Strass d\u00e9tournent la campagne des municipales et ses contradictions. <b>Comme les deux derniers comptes l\u2019avouent, ils ne manquent pas de mati\u00e8re<\/b>. Pour Strasleaks : \u00ab Je ne force rien : les contradictions arrivent toutes seules, les images parlent d\u2019elles-m\u00eames. Les m\u00e8mes tombent quasiment seuls, en regardant simplement ce que les politiques font. \u00bb Pour Le Troll de Strass, \u00ab il suffit d\u2019ouvrir la presse locale, d\u2019\u00eatre abonn\u00e9 \u00e0 2\/3 comptes sur les r\u00e9seaux sociaux et l\u2019inspiration vient seule \u00bb.<\/p>\n<p>\u00c0 travers leurs m\u00e8mes, les deux comptes s\u2019amusent des situations absurdes. Strasleaks pointe \u00ab <strong>le d\u00e9calage entre ce que les candidats disent vouloir incarner \u2013 la transparence, l\u2019\u00e9coute, la bienveillance, le projet collectif \u2013 et la mani\u00e8re dont ils communiquent<\/strong>, faite de piques, de photos qui contredisent le discours d\u2019hier, de repositionnements express\u2026 C\u2019est tellement visible qu\u2019on dirait qu\u2019ils ne se rendent m\u00eame plus compte que \u00e7a se voit. \u00bb<\/p>\n<blockquote><p>\n        Quand tout le monde se surveille et se pique indirectement\u2026 \u00e7a devient naturellement dr\u00f4le.    <\/p><\/blockquote>\n<p>            Strasleaks, compte Instagram<\/p>\n<p class=\"p1\">Le Troll de Strass se concentre davantage sur les pol\u00e9miques : \u00ab <strong>Ce qui me fait surtout rire, c\u2019est la capacit\u00e9 de certaines et certains \u00e0 inventer n\u2019importe quoi pour exister dans les m\u00e9dias<\/strong> et invisibiliser\/d\u00e9nigrer une \u00e9quipe qui fait exactement ce pour quoi elle a \u00e9t\u00e9 \u00e9lue ! \u00c0 mon sens, les faiseurs de pol\u00e9miques se ridiculisent seuls, faut pas gratter beaucoup pour voir l\u2019absurdit\u00e9 de leurs propos ou revendications. \u00bb<\/p>\n<p>Les Jeunes avec Vetter s\u2019amusent eux aussi des contradictions et des actions des partis de gauche, particuli\u00e8rement les \u00c9cologistes. <strong>On retrouve p\u00eale-m\u00eale des posts sur\u00a0le nombre de chantiers lanc\u00e9s, les consultations publiques, la rue M\u00e9lanie ou la propension \u00e0 se critiquer mutuellement avec LFI avant le premier tour\u2026 pour peut-\u00eatre s\u2019allier au second<\/strong>. \u00ab Une mani\u00e8re plus moderne de parler de politique \u00bb, selon les Jeunes avec Vetter.<\/p>\n<p>                <img width=\"438\" height=\"500\" src=\"https:\/\/www.europesays.com\/fr\/wp-content\/uploads\/2025\/11\/img-2589-438x500.jpg\" class=\"attachment-gallery size-gallery\" alt=\"humour politique\" data-full-url=\"https:\/\/pokaa.fr\/wp-content\/uploads\/2025\/11\/14\/img-2589.jpg\" decoding=\"async\" loading=\"lazy\"  \/>            <\/p>\n<p>                <img width=\"303\" height=\"500\" src=\"https:\/\/www.europesays.com\/fr\/wp-content\/uploads\/2025\/11\/capture-decran-2025-11-14-a-145559-303x500.png\" class=\"attachment-gallery size-gallery\" alt=\"humour politique\" data-full-url=\"https:\/\/pokaa.fr\/wp-content\/uploads\/2025\/11\/14\/capture-decran-2025-11-14-a-145559.png\" decoding=\"async\" loading=\"lazy\"  \/>            <\/p>\n<p>                    1. \u00a9 Compte Instagram du Troll de Strass \/ Capture d&rsquo;\u00e9cran ; 2. \u00a9 Compte Instagram des Jeunes avec Vetter \/ Capture d&rsquo;\u00e9cran<\/p>\n<p>\u00c7a tape (surtout) vers la droite<\/p>\n<p class=\"p1\">Dans cet humour politique strasbourgeois, une particularit\u00e9 ressort : <strong>il y a plus de comptes humoristiques de gauche<\/strong>. D\u2019ailleurs, Strasleaks et Le Troll de Strass s\u2019amusent quasi exclusivement de la droite. Le premier explique que c\u2019est \u00ab parce que certains jouent beaucoup plus le jeu du storytelling politique \u00bb. Ainsi, puisque certain(e)s se mettent davantage en avant et en sc\u00e8ne, c\u2019est plus facile de les tourner en d\u00e9rision.<\/p>\n<blockquote><p>\n        Ce n\u2019est pas une question de camp. Il y a des gens qui rendent l\u2019humour tr\u00e8s facile sans le vouloir.    <\/p><\/blockquote>\n<p>            Strasleaks, compte Instagram<\/p>\n<p class=\"p1\">Pour Le Troll de Strass, qui se d\u00e9finit comme \u00ab gauche-\u00e9colo like \u00bb, <b>c\u2019est surtout parce que ces diff\u00e9rent(e)s candidat(e)s [Catherine Trautmann, Jean-Philippe Vetter, Pierre Jakubowicz, ndlr] sont selon lui \u00ab\u00a0ridicules\u00a0\u00bb<\/b>. Il argumente : \u00ab Leurs revendications c\u2019est \u2018tout sauf les \u00e9colos\u2019, mais il y a z\u00e9ro argument ! Et quand tu regardes leur programme, maintenant qu\u2019ils sont en campagne, ils veulent faire exactement ce qu\u2019on fait les \u00e9colos pendant leur mandat. \u00bb<\/p>\n<p>Pourtant, et m\u00eame si aucun post n\u2019a \u00e9t\u00e9 fait pour se moquer d\u2019un(e) candidat(e) de gauche, Le Troll de Strass se d\u00e9fend de cibler expr\u00e8s : \u00ab\u00a0Je rebondis beaucoup sur l\u2019actualit\u00e9 ou sur la temporalit\u00e9. <b>Je ne m\u2019interdis rien, c\u2019est pour me faire marrer en premier<\/b> ; si je me fais rire je partage, si \u00e7a ne marche pas, je publie pas !\u00a0\u00bb<\/p>\n<p>                <img width=\"309\" height=\"500\" src=\"https:\/\/www.europesays.com\/fr\/wp-content\/uploads\/2025\/11\/capture-decran-2025-11-14-a-145714-309x500.png\" class=\"attachment-gallery size-gallery\" alt=\"humour politique\" data-full-url=\"https:\/\/pokaa.fr\/wp-content\/uploads\/2025\/11\/14\/capture-decran-2025-11-14-a-145714.png\" decoding=\"async\" loading=\"lazy\"  \/>            <\/p>\n<p>                <img width=\"502\" height=\"500\" src=\"https:\/\/www.europesays.com\/fr\/wp-content\/uploads\/2025\/11\/img-2588-502x500.jpg\" class=\"attachment-gallery size-gallery\" alt=\"humour politique\" data-full-url=\"https:\/\/pokaa.fr\/wp-content\/uploads\/2025\/11\/14\/img-2588.jpg\" decoding=\"async\" loading=\"lazy\"  \/>            <\/p>\n<p>                    1. Compte Instagram de Strasleaks \/ Capture d&rsquo;\u00e9cran ; 2. \u00a9 Compte Instagram du Troll de Strass \/ Capture d&rsquo;\u00e9cran<\/p>\n<blockquote><p>\n        L&rsquo;objectif, c&rsquo;est avant tout de faire sourire et de donner envie de s&rsquo;int\u00e9resser \u00e0 la politique locale.    <\/p><\/blockquote>\n<p>            Les Jeunes avec Vetter, compte Instagram<\/p>\n<p class=\"p1\">Mais alors, est-ce qu\u2019il y a plus de comptes humoristiques \u00e0 gauche parce qu\u2019elle est plus dr\u00f4le que la droite ? Si le format \u00ab s\u2019est beaucoup d\u00e9velopp\u00e9 \u00e0 gauche ces derni\u00e8res ann\u00e9es \u00bb, <strong>les Jeunes avec Vetter sont convaincus qu\u2019\u00e0 droite, \u00e7a peut fonctionner aussi, avec \u00ab des id\u00e9es nouvelles, un ton d\u00e9cal\u00e9, et des formats plus actuels. \u00bb <\/strong><\/p>\n<p class=\"p1\">De mani\u00e8re plus int\u00e9ressante, les Jeunes avec Vetter se positionne contre de l\u2019extr\u00eame droite sur les r\u00e9seaux et <a href=\"https:\/\/www.radiofrance.fr\/franceinter\/podcasts\/zoom-zoom-zen\/zoom-zoom-zen-du-vendredi-27-septembre-2024-1847231\" target=\"_blank\" rel=\"noopener\">son pop-fascisme<\/a>. Ils expliquent : \u00ab On n\u2019a pas envie de leur laisser tout l\u2019espace. <strong>On veut montrer qu\u2019il existe d\u2019autres voix et d\u2019autres fa\u00e7ons de faire de la politique en ligne<\/strong>. On souhaite simplement montrer nos valeurs de fa\u00e7on positive et sans agressivit\u00e9, notamment gr\u00e2ce \u00e0 l\u2019humour. \u00bb\u00a0<\/p>\n<p>                <img width=\"300\" height=\"500\" src=\"https:\/\/www.europesays.com\/fr\/wp-content\/uploads\/2025\/11\/capture-decran-2025-11-14-a-145606-300x500.png\" class=\"attachment-gallery size-gallery\" alt=\"humour politique\" data-full-url=\"https:\/\/pokaa.fr\/wp-content\/uploads\/2025\/11\/14\/capture-decran-2025-11-14-a-145606.png\" decoding=\"async\" loading=\"lazy\"  \/>            <\/p>\n<p>                <img width=\"298\" height=\"500\" src=\"https:\/\/www.europesays.com\/fr\/wp-content\/uploads\/2025\/11\/capture-decran-2025-11-14-a-145654-298x500.png\" class=\"attachment-gallery size-gallery\" alt=\"humour politique\" data-full-url=\"https:\/\/pokaa.fr\/wp-content\/uploads\/2025\/11\/14\/capture-decran-2025-11-14-a-145654.png\" decoding=\"async\" loading=\"lazy\"  \/>            <\/p>\n<p>                    1. \u00a9 Compte Instagram des Jeunes avec Vetter \/ Captures d&rsquo;\u00e9cran ; 2. \u00a9 Compte Instagram de Strasleaks \/ Capture d&rsquo;\u00e9cran<\/p>\n<p>Le rire comme moyen de lutter contre le d\u00e9senchantement<\/p>\n<p class=\"p1\">Et c\u2019est sans doute \u00e7a qu\u2019il faut retenir sur l\u2019humour en politique. <strong>Cela peut \u00eatre une arme pour taper, sous couvert d\u2019amusement, sur ses opposant(e)s politiques pour les comptes engag\u00e9s<\/strong>, mais c\u2019est aussi pour rire, et prendre un peu de distance.<\/p>\n<blockquote><p>\n        C\u2019est sain de critiquer le syst\u00e8me, les politiques, l\u2019actualit\u00e9, et puis \u00e7a permet de discuter et d\u2019ouvrir un d\u00e9bat !    <\/p><\/blockquote>\n<p>            Le Troll de Strass, compte Instagram<\/p>\n<p>                <img width=\"417\" height=\"500\" src=\"https:\/\/www.europesays.com\/fr\/wp-content\/uploads\/2025\/11\/capture-decran-2025-11-14-a-145619-417x500.png\" class=\"attachment-gallery size-gallery\" alt=\"humour politique\" data-full-url=\"https:\/\/pokaa.fr\/wp-content\/uploads\/2025\/11\/14\/capture-decran-2025-11-14-a-145619.png\" decoding=\"async\" loading=\"lazy\"  \/>            <\/p>\n<p>                <img width=\"408\" height=\"500\" src=\"https:\/\/www.europesays.com\/fr\/wp-content\/uploads\/2025\/11\/img-2590-408x500.jpg\" class=\"attachment-gallery size-gallery\" alt=\"humour politique\" data-full-url=\"https:\/\/pokaa.fr\/wp-content\/uploads\/2025\/11\/14\/img-2590.jpg\" decoding=\"async\" loading=\"lazy\"  \/>            <\/p>\n<p>                    1. \u00a9 Compte Instagram des Jeunes avec Vetter \/ Capture d&rsquo;\u00e9cran ; 2. \u00a9 Compte Instagram du Troll de Strass \/ Capture d&rsquo;\u00e9cran<\/p>\n<p class=\"p1\">Comme l\u2019explique Le Troll de Strass : \u00ab\u00a0<strong>C\u2019est le but de rigoler ; on vit dans une p\u00e9riode politique nationale o\u00f9 c\u2019est un peu du n\u2019importe quoi\u2026<\/strong> Alors quand on peut se marrer, il faut le faire ! Et ce qui est bien, c\u2019est qu\u2019on a pas forc\u00e9ment toujours le m\u00eame style d\u2019humour. \u00bb Il avoue d\u2019ailleurs que le compte des Jeunes avec Vetter le fait beaucoup rire, rajoutant : \u00ab Si \u00e7a fait rire, tant mieux, si \u00e7a fait r\u00e9fl\u00e9chir, c\u2019est bonus. Et si \u00e7a \u00e9nerve, c\u2019est peut-\u00eatre que c\u2019est bien cibl\u00e9. \u00bb<\/p>\n<p class=\"p1\">Pour Strasleaks, la justification est un peu plus personnelle : \u00ab\u00a0<b>Je pense que c\u2019est surtout li\u00e9 au fait que la campagne est dure, clivante, et qu\u2019il y a une vraie fatigue de voir ce petit monde se mettre des coups en douce tout en disant vouloir apaiser<\/b>.\u00a0\u00bb L\u2019humour sert donc d\u2019\u00e9chappatoire, pour lutter contre une forme de d\u00e9senchantement. Comme conclut Strasleaks : \u00ab\u00a0C\u2019est juste qu\u2019\u00e0 force de voir que \u00e7a joue sale un peu partout\u2026 Il vaut mieux en rire.\u00a0\u00bb Avec des m\u00e8mes.<\/p>\n<p><script async src=\"\/\/www.instagram.com\/embed.js\"><\/script><\/p>\n","protected":false},"excerpt":{"rendered":"\u00c0 Strasbourg, depuis le d\u00e9but de la campagne des municipales, plusieurs comptes humoristiques se sont fait une petite&hellip;\n","protected":false},"author":2,"featured_media":538737,"comment_status":"","ping_status":"","sticky":false,"template":"","format":"standard","meta":{"footnotes":""},"categories":[2820],"tags":[1111,11,1777,674,1011,27,775,708,64946,12,316,25,640],"class_list":{"0":"post-538736","1":"post","2":"type-post","3":"status-publish","4":"format-standard","5":"has-post-thumbnail","7":"category-strasbourg","8":"tag-actu","9":"tag-actualites","10":"tag-eu","11":"tag-europe","12":"tag-fr","13":"tag-france","14":"tag-grand-est","15":"tag-humour","16":"tag-municipales-2026-strasbourg","17":"tag-news","18":"tag-politique","19":"tag-republique-francaise","20":"tag-strasbourg"},"share_on_mastodon":{"url":"https:\/\/pubeurope.com\/@fr\/115561060036332433","error":""},"_links":{"self":[{"href":"https:\/\/www.europesays.com\/fr\/wp-json\/wp\/v2\/posts\/538736","targetHints":{"allow":["GET"]}}],"collection":[{"href":"https:\/\/www.europesays.com\/fr\/wp-json\/wp\/v2\/posts"}],"about":[{"href":"https:\/\/www.europesays.com\/fr\/wp-json\/wp\/v2\/types\/post"}],"author":[{"embeddable":true,"href":"https:\/\/www.europesays.com\/fr\/wp-json\/wp\/v2\/users\/2"}],"replies":[{"embeddable":true,"href":"https:\/\/www.europesays.com\/fr\/wp-json\/wp\/v2\/comments?post=538736"}],"version-history":[{"count":0,"href":"https:\/\/www.europesays.com\/fr\/wp-json\/wp\/v2\/posts\/538736\/revisions"}],"wp:featuredmedia":[{"embeddable":true,"href":"https:\/\/www.europesays.com\/fr\/wp-json\/wp\/v2\/media\/538737"}],"wp:attachment":[{"href":"https:\/\/www.europesays.com\/fr\/wp-json\/wp\/v2\/media?parent=538736"}],"wp:term":[{"taxonomy":"category","embeddable":true,"href":"https:\/\/www.europesays.com\/fr\/wp-json\/wp\/v2\/categories?post=538736"},{"taxonomy":"post_tag","embeddable":true,"href":"https:\/\/www.europesays.com\/fr\/wp-json\/wp\/v2\/tags?post=538736"}],"curies":[{"name":"wp","href":"https:\/\/api.w.org\/{rel}","templated":true}]}}