{"id":538763,"date":"2025-11-16T19:51:19","date_gmt":"2025-11-16T19:51:19","guid":{"rendered":"https:\/\/www.europesays.com\/fr\/538763\/"},"modified":"2025-11-16T19:51:19","modified_gmt":"2025-11-16T19:51:19","slug":"les-premiers-flocons-de-neige-annonces","status":"publish","type":"post","link":"https:\/\/www.europesays.com\/fr\/538763\/","title":{"rendered":"les premiers flocons de neige annonc\u00e9s"},"content":{"rendered":"<p>                    Par<br \/>\n        <strong><br \/>\n            <a href=\"https:\/\/actu.fr\/auteur\/redaction-paris\" title=\"Consulter tous les articles de R\u00e9daction Paris\" rel=\"nofollow noopener\" target=\"_blank\">R\u00e9daction Paris<\/a><br \/>\n                    <\/strong><\/p>\n<p>        Publi\u00e9 le<\/p>\n<p>            16 nov. 2025 \u00e0 19h53        <\/p>\n<p>Apr\u00e8s la douceur de ces derniers jours, <a href=\"https:\/\/actu.fr\/meteo\/apres-la-douceur-exceptionnelle-un-coup-de-froid-annonce-quelle-meteo-a-paris-et-en-ile-de-france_63436059.html\" rel=\"nofollow noopener\" target=\"_blank\">la m\u00e9t\u00e9o<\/a> va prendre une toute autre tournure \u00e0 Paris et dans le reste de l\u2019\u00cele-de-France. A partir de ce lundi 17 novembre, il faut s\u2019attendre \u00e0 un <strong>recul tr\u00e8s marqu\u00e9 des temp\u00e9ratures<\/strong> qui seront largement inf\u00e9rieures aux normales de saison selon les pr\u00e9visions de <a href=\"https:\/\/actu.fr\/tag\/meteo-france\" rel=\"nofollow noopener\" target=\"_blank\">M\u00e9t\u00e9o France <\/a>qui anticipe quelques flocons de <a href=\"https:\/\/actu.fr\/tag\/neige\" rel=\"nofollow noopener\" target=\"_blank\">neige<\/a> dans la r\u00e9gion.\u00a0<\/p>\n<p>Les pr\u00e9visions de M\u00e9t\u00e9o France<\/p>\n<p class=\" wall-content\">Ce d\u00e9but de semaine, se passera sous un large soleil dans toute la r\u00e9gion mais les temp\u00e9ratures ne devraient gu\u00e8re d\u00e9passer les 10\u00b0C. Ce devrait \u00eatre encore le cas le lendemain et il faudra bien se couvrir car les minimales pourraient \u00eatre inf\u00e9rieures \u00e0 0\u00b0C en grande couronne.\u00a0<\/p>\n<p class=\" wall-content\">Mercredi, la situation pourrait se g\u00e2ter avec l\u2019arriv\u00e9e de la pluie tandis que les temp\u00e9ratures ne d\u00e9colleront pas l\u2019apr\u00e8s-midi. Il ne faudra pas attendre beaucoup plus que 8\u00b0C. A priori, il faudra attendre vendredi pour avoir une am\u00e9lioration c\u00f4t\u00e9 ciel avec le retour du soleil. Du mieux c\u00f4t\u00e9 m\u00e9t\u00e9o qui n\u2019aura vraisemblablement pas d\u2019incidence sur les temp\u00e9ratures.\u00a0<\/p>\n<p class=\" wall-content\">L\u2019am\u00e9lioration pourrait d\u2019ailleurs \u00eatre de courte dur\u00e9e car M\u00e9t\u00e9o France pr\u00e9voit un retour de la pluie samedi mais \u00e9galement les premiers flocons de neige dans la soir\u00e9e. Ceux-ci pourraient tomber dans le sud de l\u2019Essonne, aux environs d\u2019Etampes mais aussi dans le sud et l\u2019est de la\u00a0 Seine-et-Marne. Dans ce dernier d\u00e9partement, ils pourraient jouer les prolongations la nuit. Une situation \u00e0 suivre donc au fil des prochains jours.\u00a0<\/p>\n<p>    <img   decoding=\"async\" loading=\"lazy\" src=\"https:\/\/www.europesays.com\/fr\/wp-content\/uploads\/2025\/11\/image-36-960x640.png\" alt=\"Les pr\u00e9visions de M\u00e9t\u00e9o France pour samedi apr\u00e8s-midi\" width=\"960\" height=\"640\"\/><br \/>\n    Les pr\u00e9visions de M\u00e9t\u00e9o France pour samedi apr\u00e8s-midi (\u00a9M\u00e9t\u00e9o France)<\/p>\n<p class=\" wall-content\">Dimanche, pas de neige pour l\u2019instant en vue mais encore de la pluie.\u00a0<\/p>\n<p class=\" wall-content\">Personnalisez votre actualit\u00e9 en ajoutant vos villes et m\u00e9dias en favori avec <a href=\"https:\/\/moncompte.actu.fr\" title=\"D\u00e9couvez Mon Actu\" rel=\"nofollow noopener\" data-trk=\"{&quot;cta&quot;:{&quot;action&quot;:&quot;https:\\\/\\\/moncompte.actu.fr&quot;,&quot;category&quot;:&quot;mon compte&quot;,&quot;from&quot;:&quot;article footer&quot;,&quot;name&quot;:&quot;Mon actu&quot;,&quot;type&quot;:&quot;cta&quot;}}\" target=\"_blank\">Mon Actu<\/a>.<\/p>\n","protected":false},"excerpt":{"rendered":"Par R\u00e9daction Paris Publi\u00e9 le 16 nov. 2025 \u00e0 19h53 Apr\u00e8s la douceur de ces derniers jours, la&hellip;\n","protected":false},"author":2,"featured_media":538764,"comment_status":"","ping_status":"","sticky":false,"template":"","format":"standard","meta":{"footnotes":""},"categories":[1592],"tags":[1111,11,1777,674,1011,27,662,2487,2357,10584,12,626,25],"class_list":{"0":"post-538763","1":"post","2":"type-post","3":"status-publish","4":"format-standard","5":"has-post-thumbnail","7":"category-ile-de-france","8":"tag-actu","9":"tag-actualites","10":"tag-eu","11":"tag-europe","12":"tag-fr","13":"tag-france","14":"tag-ile-de-france","15":"tag-meteo","16":"tag-meteo-france","17":"tag-neige","18":"tag-news","19":"tag-paris","20":"tag-republique-francaise"},"share_on_mastodon":{"url":"https:\/\/pubeurope.com\/@fr\/115561122944637886","error":""},"_links":{"self":[{"href":"https:\/\/www.europesays.com\/fr\/wp-json\/wp\/v2\/posts\/538763","targetHints":{"allow":["GET"]}}],"collection":[{"href":"https:\/\/www.europesays.com\/fr\/wp-json\/wp\/v2\/posts"}],"about":[{"href":"https:\/\/www.europesays.com\/fr\/wp-json\/wp\/v2\/types\/post"}],"author":[{"embeddable":true,"href":"https:\/\/www.europesays.com\/fr\/wp-json\/wp\/v2\/users\/2"}],"replies":[{"embeddable":true,"href":"https:\/\/www.europesays.com\/fr\/wp-json\/wp\/v2\/comments?post=538763"}],"version-history":[{"count":0,"href":"https:\/\/www.europesays.com\/fr\/wp-json\/wp\/v2\/posts\/538763\/revisions"}],"wp:featuredmedia":[{"embeddable":true,"href":"https:\/\/www.europesays.com\/fr\/wp-json\/wp\/v2\/media\/538764"}],"wp:attachment":[{"href":"https:\/\/www.europesays.com\/fr\/wp-json\/wp\/v2\/media?parent=538763"}],"wp:term":[{"taxonomy":"category","embeddable":true,"href":"https:\/\/www.europesays.com\/fr\/wp-json\/wp\/v2\/categories?post=538763"},{"taxonomy":"post_tag","embeddable":true,"href":"https:\/\/www.europesays.com\/fr\/wp-json\/wp\/v2\/tags?post=538763"}],"curies":[{"name":"wp","href":"https:\/\/api.w.org\/{rel}","templated":true}]}}