{"id":538771,"date":"2025-11-16T19:55:11","date_gmt":"2025-11-16T19:55:11","guid":{"rendered":"https:\/\/www.europesays.com\/fr\/538771\/"},"modified":"2025-11-16T19:55:11","modified_gmt":"2025-11-16T19:55:11","slug":"mort-de-xavier-emmanuelli-fondateur-du-samu-social-de-paris-apres-un-malaise-cardiaque","status":"publish","type":"post","link":"https:\/\/www.europesays.com\/fr\/538771\/","title":{"rendered":"Mort de Xavier Emmanuelli, fondateur du Samu social de Paris, apr\u00e8s un malaise cardiaque"},"content":{"rendered":"<p>                    Par<br \/>\n        <strong><br \/>\n            <a href=\"https:\/\/actu.fr\/auteur\/thomas-martin\" title=\"Consulter tous les articles de Thomas Martin\" target=\"_blank\" rel=\"noopener\">Thomas Martin<\/a><br \/>\n                    <\/strong><\/p>\n<p>        Publi\u00e9 le<\/p>\n<p>            16 nov. 2025 \u00e0 20h42        <\/p>\n<p>Le fondateur et pr\u00e9sident d\u2019honneur du Samu social, <strong>Xavier Emmanuelli<\/strong>, est d\u00e9c\u00e9d\u00e9 \u00e0 87 ans ce dimanche 16 novembre \u00e0 Paris apr\u00e8s un malaise \u00ab\u00a0probablement cardiaque\u00a0\u00bb, a annonc\u00e9 l\u2019organisation, faisant part de sa \u00ab\u00a0profonde tristesse\u00a0\u00bb. Egalement cofondateur de M\u00e9decins sans fronti\u00e8res, organisation qui a re\u00e7u le prix Nobel de la paix, Xavier Emmanuelli avait cr\u00e9\u00e9 en 1993 le <strong>Samu social de Paris<\/strong> qui vient, entre autres, en aide aux personnes sans-abri et en grande pr\u00e9carit\u00e9 et les oriente vers un lieu d\u2019h\u00e9bergement via le num\u00e9ro d\u2019urgence 115. Il avait ensuite cr\u00e9\u00e9 le Samu social international en 1998.<\/p>\n<p>\u00ab\u00a0Sa vie s\u2019est arr\u00eat\u00e9e brutalement\u00a0\u00bb<\/p>\n<p class=\" wall-content\">Ancien secr\u00e9taire d\u2019Etat \u00e0 l\u2019Action humanitaire d\u2019urgence (1995-1997), m\u00e9decin anesth\u00e9siste-r\u00e9animateur de formation, Xavier Emmanuelli \u00ab\u00a0a marqu\u00e9 l\u2019histoire de la solidarit\u00e9 en France et dans le monde\u00a0\u00bb, souligne le Samu social international dans un communiqu\u00e9.<\/p>\n<p class=\" wall-content\">L\u2019organisation a rendu \u00ab\u00a0hommage \u00e0 cette personnalit\u00e9 exceptionnelle pour son engagement sans faille au sein de l\u2019association qu\u2019il a pr\u00e9sid\u00e9e pendant plus de 25 ans et dont il a port\u00e9 toutes les batailles\u00a0\u00bb.<\/p>\n<p class=\" wall-content\">\u00ab\u00a0Aujourd\u2019hui du Caire \u00e0 Lima, de Bucarest \u00e0 Dakar, ce sont plus d\u2019une quinzaine de Samu sociaux qui viennent en aide aux adultes sans abri, aux enfants des rues, aux r\u00e9fugi\u00e9s et d\u00e9plac\u00e9s, \u00e0 tous ceux vivant dans une grande pr\u00e9carit\u00e9\u00a0\u00bb, a-t-elle soulign\u00e9.<\/p>\n<p class=\" wall-content\">Dimanche, Xavier Emmanuelli \u00ab\u00a0a eu un malaise, probablement cardiaque\u00a0\u00bb et sa vie \u00ab\u00a0s\u2019est arr\u00eat\u00e9e brutalement\u00a0\u00bb, a pr\u00e9cis\u00e9 \u00e0 l\u2019AFP le pr\u00e9sident du Samu social international, Jacques Carles.\u00a0\u00ab\u00a0Aujourd\u2019hui, nous sommes dans la peine\u00a0\u00bb, a-t-il ajout\u00e9.<\/p>\n<p class=\" wall-content\">Personnalisez votre actualit\u00e9 en ajoutant vos villes et m\u00e9dias en favori avec <a href=\"https:\/\/moncompte.actu.fr\" title=\"D\u00e9couvez Mon Actu\" rel=\"nofollow noopener\" data-trk=\"{&quot;cta&quot;:{&quot;action&quot;:&quot;https:\\\/\\\/moncompte.actu.fr&quot;,&quot;category&quot;:&quot;mon compte&quot;,&quot;from&quot;:&quot;article footer&quot;,&quot;name&quot;:&quot;Mon actu&quot;,&quot;type&quot;:&quot;cta&quot;}}\" target=\"_blank\">Mon Actu<\/a>.<\/p>\n","protected":false},"excerpt":{"rendered":"Par Thomas Martin Publi\u00e9 le 16 nov. 2025 \u00e0 20h42 Le fondateur et pr\u00e9sident d\u2019honneur du Samu social,&hellip;\n","protected":false},"author":2,"featured_media":538772,"comment_status":"","ping_status":"","sticky":false,"template":"","format":"standard","meta":{"footnotes":""},"categories":[1888],"tags":[11,1777,674,1011,27,1391,12,626,25,104],"class_list":{"0":"post-538771","1":"post","2":"type-post","3":"status-publish","4":"format-standard","5":"has-post-thumbnail","7":"category-paris","8":"tag-actualites","9":"tag-eu","10":"tag-europe","11":"tag-fr","12":"tag-france","13":"tag-necrologie","14":"tag-news","15":"tag-paris","16":"tag-republique-francaise","17":"tag-societe"},"share_on_mastodon":{"url":"https:\/\/pubeurope.com\/@fr\/115561137807144165","error":""},"_links":{"self":[{"href":"https:\/\/www.europesays.com\/fr\/wp-json\/wp\/v2\/posts\/538771","targetHints":{"allow":["GET"]}}],"collection":[{"href":"https:\/\/www.europesays.com\/fr\/wp-json\/wp\/v2\/posts"}],"about":[{"href":"https:\/\/www.europesays.com\/fr\/wp-json\/wp\/v2\/types\/post"}],"author":[{"embeddable":true,"href":"https:\/\/www.europesays.com\/fr\/wp-json\/wp\/v2\/users\/2"}],"replies":[{"embeddable":true,"href":"https:\/\/www.europesays.com\/fr\/wp-json\/wp\/v2\/comments?post=538771"}],"version-history":[{"count":0,"href":"https:\/\/www.europesays.com\/fr\/wp-json\/wp\/v2\/posts\/538771\/revisions"}],"wp:featuredmedia":[{"embeddable":true,"href":"https:\/\/www.europesays.com\/fr\/wp-json\/wp\/v2\/media\/538772"}],"wp:attachment":[{"href":"https:\/\/www.europesays.com\/fr\/wp-json\/wp\/v2\/media?parent=538771"}],"wp:term":[{"taxonomy":"category","embeddable":true,"href":"https:\/\/www.europesays.com\/fr\/wp-json\/wp\/v2\/categories?post=538771"},{"taxonomy":"post_tag","embeddable":true,"href":"https:\/\/www.europesays.com\/fr\/wp-json\/wp\/v2\/tags?post=538771"}],"curies":[{"name":"wp","href":"https:\/\/api.w.org\/{rel}","templated":true}]}}