{"id":538773,"date":"2025-11-16T19:56:11","date_gmt":"2025-11-16T19:56:11","guid":{"rendered":"https:\/\/www.europesays.com\/fr\/538773\/"},"modified":"2025-11-16T19:56:11","modified_gmt":"2025-11-16T19:56:11","slug":"guerre-en-ukraine-intensification-du-commerce-du-nucleaire-entre-la-france-et-la-russie-et-avancee-du-front","status":"publish","type":"post","link":"https:\/\/www.europesays.com\/fr\/538773\/","title":{"rendered":"Guerre en Ukraine : \u00ab Intensification \u00bb du commerce du nucl\u00e9aire entre la France et la Russie et avanc\u00e9e du front"},"content":{"rendered":"<p class=\"mb-4 text-lg md:leading-8 break-words\"><strong>R\u00e9cap &#8211; \u00ab\u00a020 Minutes\u00a0\u00bb fait le point pour vous tous les soirs sur le conflit en Ukraine. Ce dimanche, Greenpeace a d\u00e9nonc\u00e9 l\u2019intensification du commerce du nucl\u00e9aire entre la France et la Russie apr\u00e8s avoir film\u00e9 un cargo \u00e0 Dunkerque<\/strong><\/p>\n<p class=\"mb-4 text-lg md:leading-8 break-words\">Vous avez rat\u00e9 les derniers \u00e9v\u00e9nements sur la <a href=\"https:\/\/www.20minutes.fr\/monde\/ukraine\/?at_medium=RSS%20feed&amp;at_campaign=ynews&amp;utm_source=yahoo&amp;utm_medium=rss&amp;utm_campaign=news_feed&amp;utm_content=in_article_link\" rel=\"nofollow noopener\" target=\"_blank\" data-ylk=\"slk:guerre en Ukraine;elm:context_link;itc:0;sec:content-canvas\" class=\"link \">guerre en Ukraine<\/a>\u00a0? 20 Minutes fait le point pour vous tous les soirs. Voici l\u2019essentiel de ce dimanche 16\u00a0novembre, 1.362e jour du conflit.<\/p>\n<p>Le fait du jour<\/p>\n<p class=\"mb-4 text-lg md:leading-8 break-words\"><a href=\"https:\/\/www.20minutes.fr\/dossier\/greenpeace?at_medium=RSS%20feed&amp;at_campaign=ynews&amp;utm_source=yahoo&amp;utm_medium=rss&amp;utm_campaign=news_feed&amp;utm_content=in_article_link\" rel=\"nofollow noopener\" target=\"_blank\" data-ylk=\"slk:Greenpeace;elm:context_link;itc:0;sec:content-canvas\" class=\"link \">Greenpeace<\/a> a d\u00e9nonc\u00e9 ce dimanche l&rsquo;\u00ab\u00a0intensification\u00a0\u00bb du commerce <a href=\"https:\/\/www.20minutes.fr\/dossier\/nucleaire?at_medium=RSS%20feed&amp;at_campaign=ynews&amp;utm_source=yahoo&amp;utm_medium=rss&amp;utm_campaign=news_feed&amp;utm_content=in_article_link\" rel=\"nofollow noopener\" target=\"_blank\" data-ylk=\"slk:nucl\u00e9aire;elm:context_link;itc:0;sec:content-canvas\" class=\"link \">nucl\u00e9aire<\/a> entre la France et la Russie. L\u2019organisation a film\u00e9 samedi \u00e0 Dunkerque le chargement d\u2019une dizaine de conteneurs avec des \u00e9tiquettes radioactives \u00e0 bord du cargo Mikhail Dudin. Selon l\u2019ONG, ce bateau, immatricul\u00e9 sous un pavillon de complaisance (Panama), se rend r\u00e9guli\u00e8rement \u00e0 <a href=\"https:\/\/www.20minutes.fr\/dossier\/dunkerque?at_medium=RSS%20feed&amp;at_campaign=ynews&amp;utm_source=yahoo&amp;utm_medium=rss&amp;utm_campaign=news_feed&amp;utm_content=in_article_link\" rel=\"nofollow noopener\" target=\"_blank\" data-ylk=\"slk:Dunkerque;elm:context_link;itc:0;sec:content-canvas\" class=\"link \">Dunkerque<\/a> pour d\u00e9charger de l\u2019uranium enrichi ou de l\u2019uranium naturel charg\u00e9 \u00e0 Saint-P\u00e9tersbourg.<\/p>\n<p class=\"mb-4 text-lg md:leading-8 break-words\">Mais c\u2019est la premi\u00e8re exportation vers la Russie d\u2019uranium de retraitement (URT) que Greenpeace dit observer depuis plus de trois ans. \u00ab\u00a0Ce n\u2019est pas ill\u00e9gal, mais c\u2019est immoral\u00a0\u00bb, a d\u00e9clar\u00e9 Pauline Boyer, charg\u00e9e de campagne nucl\u00e9aire pour Greenpeace France.<\/p>\n<p>La d\u00e9claration du jour<\/p>\n<blockquote class=\"mb-4 border-l-2 pl-5 italic text-tertiary\">\n<p class=\"mb-4 text-lg md:leading-8 break-words\">L\u2019Ukraine a besoin de soutien pour sauver des vies\u00a0: davantage de syst\u00e8mes de d\u00e9fense a\u00e9rienne, des capacit\u00e9s de protection renforc\u00e9es et une plus grande d\u00e9termination de la part de nos partenaires<\/p>\n<\/blockquote>\n<p class=\"mb-4 text-lg md:leading-8 break-words\">Le pr\u00e9sident Volodymyr Zelensky a renouvel\u00e9 son appel aux partenaires de l\u2019Ukraine pour obtenir davantage de syst\u00e8mes de d\u00e9fense a\u00e9rienne. Cet appel survient alors que les autorit\u00e9s ont revu \u00e0 la hausse le bilan des frappes russes qui ont touch\u00e9 des immeubles d\u2019habitation vendredi \u00e0 Kiev, faisant sept morts. Volodymyr Zelensky a annonc\u00e9 que l\u2019une des vict(&#8230;)<\/p>\n<p class=\"mb-4 text-lg md:leading-8 break-words\"><a href=\"https:\/\/www.20minutes.fr\/monde\/ukraine\/4185910-20251116-guerre-ukraine-intensification-commerce-nucleaire-entre-france-russie-avancee-front?at_medium=RSS%20feed&amp;at_campaign=ynews&amp;utm_source=yahoo&amp;utm_medium=rss&amp;utm_campaign=news_feed&amp;utm_content=read_more_link&quot;\" rel=\"nofollow noopener\" target=\"_blank\" data-ylk=\"slk:Lire la suite sur 20minutes;elm:context_link;itc:0;sec:content-canvas\" class=\"link \">Lire la suite sur 20minutes<\/a><\/p>\n<p>\u00c0 lire aussi :<br \/><a href=\"https:\/\/www.20minutes.fr\/monde\/ukraine\/4185845-20251115-guerre-ukraine-russie-frappe-encore-zelensky-promet-refonte-entreprises-publiques-energie?at_medium=RSS%20feed&amp;at_campaign=ynews&amp;utm_source=yahoo&amp;utm_medium=rss&amp;utm_campaign=news_feed&amp;utm_content=related_content_link\" rel=\"nofollow noopener\" target=\"_blank\" data-ylk=\"slk:Guerre en Ukraine\u00a0: La Russie frappe encore et Zelensky promet une \u00ab\u00a0refonte\u00a0\u00bb des entreprises publiques de l\u2019\u00e9nergie;elm:context_link;itc:0;sec:content-canvas\" class=\"link \">Guerre en Ukraine\u00a0: La Russie frappe encore et Zelensky promet une \u00ab\u00a0refonte\u00a0\u00bb des entreprises publiques de l\u2019\u00e9nergie<\/a><br \/><a href=\"https:\/\/www.20minutes.fr\/monde\/ukraine\/4185772-20251114-guerre-ukraine-russie-bombarde-massivement-kiev-confirme-renforts-nord-coreens?at_medium=RSS%20feed&amp;at_campaign=ynews&amp;utm_source=yahoo&amp;utm_medium=rss&amp;utm_campaign=news_feed&amp;utm_content=related_content_link\" rel=\"nofollow noopener\" target=\"_blank\" data-ylk=\"slk:Guerre en Ukraine\u00a0: La Russie bombarde massivement Kiev et confirme des renforts nord-cor\u00e9ens;elm:context_link;itc:0;sec:content-canvas\" class=\"link \">Guerre en Ukraine\u00a0: La Russie bombarde massivement Kiev et confirme des renforts nord-cor\u00e9ens<\/a><\/p>\n","protected":false},"excerpt":{"rendered":"R\u00e9cap &#8211; \u00ab\u00a020 Minutes\u00a0\u00bb fait le point pour vous tous les soirs sur le conflit en Ukraine. Ce&hellip;\n","protected":false},"author":2,"featured_media":538774,"comment_status":"","ping_status":"","sticky":false,"template":"","format":"standard","meta":{"footnotes":""},"categories":[1591],"tags":[642,11,920,1887,27,22050,2489,12,65752,1885,1886,132,220],"class_list":{"0":"post-538773","1":"post","2":"type-post","3":"status-publish","4":"format-standard","5":"has-post-thumbnail","7":"category-russie","8":"tag-20-minutes","9":"tag-actualites","10":"tag-dunkerque","11":"tag-federation-de-russie","12":"tag-france","13":"tag-greenpeace","14":"tag-la-russie","15":"tag-news","16":"tag-pavillon-de-complaisance","17":"tag-russia","18":"tag-russian-federation","19":"tag-russie","20":"tag-ukraine"},"share_on_mastodon":{"url":"https:\/\/pubeurope.com\/@fr\/115561141608347926","error":""},"_links":{"self":[{"href":"https:\/\/www.europesays.com\/fr\/wp-json\/wp\/v2\/posts\/538773","targetHints":{"allow":["GET"]}}],"collection":[{"href":"https:\/\/www.europesays.com\/fr\/wp-json\/wp\/v2\/posts"}],"about":[{"href":"https:\/\/www.europesays.com\/fr\/wp-json\/wp\/v2\/types\/post"}],"author":[{"embeddable":true,"href":"https:\/\/www.europesays.com\/fr\/wp-json\/wp\/v2\/users\/2"}],"replies":[{"embeddable":true,"href":"https:\/\/www.europesays.com\/fr\/wp-json\/wp\/v2\/comments?post=538773"}],"version-history":[{"count":0,"href":"https:\/\/www.europesays.com\/fr\/wp-json\/wp\/v2\/posts\/538773\/revisions"}],"wp:featuredmedia":[{"embeddable":true,"href":"https:\/\/www.europesays.com\/fr\/wp-json\/wp\/v2\/media\/538774"}],"wp:attachment":[{"href":"https:\/\/www.europesays.com\/fr\/wp-json\/wp\/v2\/media?parent=538773"}],"wp:term":[{"taxonomy":"category","embeddable":true,"href":"https:\/\/www.europesays.com\/fr\/wp-json\/wp\/v2\/categories?post=538773"},{"taxonomy":"post_tag","embeddable":true,"href":"https:\/\/www.europesays.com\/fr\/wp-json\/wp\/v2\/tags?post=538773"}],"curies":[{"name":"wp","href":"https:\/\/api.w.org\/{rel}","templated":true}]}}