{"id":538777,"date":"2025-11-16T19:58:14","date_gmt":"2025-11-16T19:58:14","guid":{"rendered":"https:\/\/www.europesays.com\/fr\/538777\/"},"modified":"2025-11-16T19:58:14","modified_gmt":"2025-11-16T19:58:14","slug":"la-tension-monte-entre-les-etats-unis-et-le-venezuela-le-president-maduro-riposte-et-dit-ne-pas-vouloir-se-laisser-menacer","status":"publish","type":"post","link":"https:\/\/www.europesays.com\/fr\/538777\/","title":{"rendered":"La tension monte entre les \u00c9tats-Unis et le V\u00e9n\u00e9zuela\u00a0: le pr\u00e9sident Maduro riposte et dit ne pas vouloir se laisser \u00ab\u00a0menacer\u00a0\u00bb"},"content":{"rendered":"<p>  \tNicolas Maduro fustige les man\u0153uvres militaires entre les \u00c9tats-Unis et Trinit\u00e9-et-Tobago pr\u00e8s des c\u00f4tes v\u00e9n\u00e9zu\u00e9liennes, d\u00e9non\u00e7ant une provocation imp\u00e9rialiste sous couvert de lutte antidrogue et appelant \u00e0 une mobilisation patriotique.<\/p>\n<p>&#13;<br \/>\n&#13;<\/p>\n<p>Le pr\u00e9sident v\u00e9n\u00e9zu\u00e9lien Nicolas Maduro a qualifi\u00e9 samedi d\u2019\u00bb irresponsables\u00a0\u00bb les nouveaux exercices militaires de Trinit\u00e9-et-Tobago avec les Etats-Unis, dont les op\u00e9rations en mer des Cara\u00efbes contre le trafic de drogue irritent Caracas.<\/p>\n<p>Ces manoeuvres conjointes, qui doivent avoir lieu de dimanche \u00e0 vendredi, sont les deuxi\u00e8mes en moins d\u2019un mois entre Washington et son petit alli\u00e9 insulaire voisin du Venezuela.\n<\/p>\n<p>&#13;<br \/>\n&#13;<\/p>\n<p>&#13;<br \/>\n&#13;<\/p>\n<p>\u00ab\u00a0Le gouvernement de Trinit\u00e9-et-Tobago a r\u00e9cemment annonc\u00e9 des exercices irresponsables, pr\u00eatant ses eaux en face de l\u2019Etat de Sucre (au Venezuela, ndlr) pour des exercices militaires qui pr\u00e9tendent \u00eatre mena\u00e7ants pour une r\u00e9publique comme le Venezuela, qui ne se laisse menacer par personne\u00a0\u00bb, a lanc\u00e9 Nicolas Maduro lors d\u2019un \u00e9v\u00e9nement public \u00e0 Caracas.<\/p>\n<p>\n  &#13;<br \/>\n  \u00c0 lire aussi&#13;<br \/>\n  &#13;<\/p>\n<p>  <img decoding=\"async\" class=\"r-img\"  typeof=\"foaf:Image\" src=\"https:\/\/www.europesays.com\/fr\/wp-content\/uploads\/2025\/11\/52877018.jpeg\" alt=\"Belgaimage-138145249.jpg\"\/><br \/>\n        <a class=\"r-stories--link\" href=\"https:\/\/www.rtl.be\/actu\/monde\/international\/le-venezuela-affirme-avoir-dejoue-un-complot-des-etats-unis-pour-intensifier\/2025-10-28\/article\/768448\" target=\"_blank\" rel=\"noopener\">Le Venezuela affirme avoir d\u00e9jou\u00e9 un complot des \u00c9tats-Unis pour intensifier leur pr\u00e9sence dans le pays<\/a>&#13;<br \/>\n  &#13;<br \/>\n&#13;\n<\/p>\n<p>Le dirigeant a invit\u00e9 ses sympathisants des r\u00e9gions orientales du pays \u00e0 organiser une \u00ab\u00a0veill\u00e9e et une marche permanente dans les rues\u00a0\u00bb durant ces manoeuvres, appelant \u00e0 \u00ab\u00a0se mobiliser avec une ferveur patriotique pour leur dire +Allez vous-en, bateaux imp\u00e9rialistes\u00a0!+\u00a0\u00bb. M. Maduro a n\u00e9anmoins exhort\u00e9 la population \u00e0 \u00ab\u00a0ne tomber dans la provocation \u00e0 aucun moment\u00a0\u00bb.<\/p>\n<p>Les exercices entre Washington et Port-d\u2019Espagne ont lieu alors que le d\u00e9ploiement militaire am\u00e9ricain dans la r\u00e9gion s\u2019est consid\u00e9rablement renforc\u00e9 avec l\u2019arriv\u00e9e toute r\u00e9cente du porte-avions Gerald Ford, le plus grand au monde.\n<\/p>\n<p>&#13;<br \/>\n&#13;<\/p>\n<p>&#13;<br \/>\n&#13;<\/p>\n<p>Un destroyer am\u00e9ricain avait d\u00e9j\u00e0 accost\u00e9 en octobre \u00e0 Trinit\u00e9-et-Tobago pour d\u2019autres entra\u00eenements que le Venezuela a qualifi\u00e9s de provocation.\n<\/p>\n<p>Les Etats-Unis m\u00e8nent depuis septembre des frappes a\u00e9riennes au large de l\u2019Am\u00e9rique latine contre des navires pr\u00e9sent\u00e9s, sans preuve, comme appartenant \u00e0 des trafiquants de drogue. Ces attaques ont d\u00e9truit au moins 21 navires lors de 20 assauts dans les eaux internationales, faisant au moins 80 morts. Cette campagne a nettement aggrav\u00e9 les tensions r\u00e9gionales, surtout avec le Venezuela.<\/p>\n<p>Le pr\u00e9sident Donald Trump accuse Nicolas Maduro d\u2019\u00eatre \u00e0 la t\u00eate d\u2019un cartel et la justice am\u00e9ricaine offre une r\u00e9compense de 50 millions de dollars pour sa capture.\n<\/p>\n<p>Selon Caracas, Washington cherche \u00e0 utiliser la lutte antidrogue comme pr\u00e9texte pour imposer un changement de r\u00e9gime au Venezuela et s\u2019emparer du p\u00e9trole du pays.\n<\/p>\n<p>&#13;<br \/>\n&#13;<\/p>\n<p>&#13;<br \/>\n&#13;<\/p>\n","protected":false},"excerpt":{"rendered":"Nicolas Maduro fustige les man\u0153uvres militaires entre les \u00c9tats-Unis et Trinit\u00e9-et-Tobago pr\u00e8s des c\u00f4tes v\u00e9n\u00e9zu\u00e9liennes, d\u00e9non\u00e7ant une provocation&hellip;\n","protected":false},"author":2,"featured_media":538778,"comment_status":"","ping_status":"","sticky":false,"template":"","format":"standard","meta":{"footnotes":""},"categories":[1589],"tags":[11,73,1866,12,63397,1864,1865,1863,308],"class_list":{"0":"post-538777","1":"post","2":"type-post","3":"status-publish","4":"format-standard","5":"has-post-thumbnail","7":"category-etats-unis","8":"tag-actualites","9":"tag-etats-unis","10":"tag-etats-unis-damerique","11":"tag-news","12":"tag-rtl-info","13":"tag-united-states","14":"tag-united-states-of-america","15":"tag-us","16":"tag-usa"},"share_on_mastodon":{"url":"https:\/\/pubeurope.com\/@fr\/115561150605965942","error":""},"_links":{"self":[{"href":"https:\/\/www.europesays.com\/fr\/wp-json\/wp\/v2\/posts\/538777","targetHints":{"allow":["GET"]}}],"collection":[{"href":"https:\/\/www.europesays.com\/fr\/wp-json\/wp\/v2\/posts"}],"about":[{"href":"https:\/\/www.europesays.com\/fr\/wp-json\/wp\/v2\/types\/post"}],"author":[{"embeddable":true,"href":"https:\/\/www.europesays.com\/fr\/wp-json\/wp\/v2\/users\/2"}],"replies":[{"embeddable":true,"href":"https:\/\/www.europesays.com\/fr\/wp-json\/wp\/v2\/comments?post=538777"}],"version-history":[{"count":0,"href":"https:\/\/www.europesays.com\/fr\/wp-json\/wp\/v2\/posts\/538777\/revisions"}],"wp:featuredmedia":[{"embeddable":true,"href":"https:\/\/www.europesays.com\/fr\/wp-json\/wp\/v2\/media\/538778"}],"wp:attachment":[{"href":"https:\/\/www.europesays.com\/fr\/wp-json\/wp\/v2\/media?parent=538777"}],"wp:term":[{"taxonomy":"category","embeddable":true,"href":"https:\/\/www.europesays.com\/fr\/wp-json\/wp\/v2\/categories?post=538777"},{"taxonomy":"post_tag","embeddable":true,"href":"https:\/\/www.europesays.com\/fr\/wp-json\/wp\/v2\/tags?post=538777"}],"curies":[{"name":"wp","href":"https:\/\/api.w.org\/{rel}","templated":true}]}}