{"id":53878,"date":"2025-04-26T07:57:07","date_gmt":"2025-04-26T07:57:07","guid":{"rendered":"https:\/\/www.europesays.com\/fr\/53878\/"},"modified":"2025-04-26T07:57:07","modified_gmt":"2025-04-26T07:57:07","slug":"atp-madrid-bautista-agut-met-en-garde-alcaraz-je-ne-pense-pas-quil-va-gagner-des-grands-chelems-en-se-couchant-a-7-heures-du-matin-il-doit-comprendre-que-sil-veut-egaler-federer-nadal-et-dj","status":"publish","type":"post","link":"https:\/\/www.europesays.com\/fr\/53878\/","title":{"rendered":"ATP &#8211; Madrid > Bautista Agut met en garde Alcaraz : \u00ab\u00a0Je ne pense pas qu&rsquo;il va gagner des Grands Chelems en se couchant \u00e0 7 heures du matin. Il doit comprendre que s&rsquo;il veut \u00e9galer Federer, Nadal et Djokovic, il devra jouer \u00e0 haut niveau pendant 15 ans\u00a0\u00bb"},"content":{"rendered":"<p>Si Carlos Alcaraz a l\u2019ob\u00adjectif de devenir l\u2019un des meilleurs joueurs de l\u2019his\u00adtoire, on comprend aussi dans le docu\u00admen\u00adtaire sorti sur Netflix sa volont\u00e9 de profiter de certains plai\u00adsirs de la vie, comme le ferait un jeune de 21 ans. L\u2019Espagnol raconte notam\u00adment son s\u00e9jour \u00e0 Ibiza pour faire la f\u00eate entre Roland\u2010Garros et Wimbledon 2023, alors que son \u00e9quipe lui avait conseill\u00e9 ne pas y\u00a0aller.\u00a0<\/p>\n<p>Au micro de la Cadena SER apr\u00e8s sa d\u00e9faite contre Alexander Zverev au deuxi\u00e8me tour du Masters 1000 de Madrid (6\u22122, 6\u20132), Roberto Bautista Agut a mis en garde son jeune compatriote.\u00a0<\/p>\n<blockquote class=\"twitter-tweet\">\n<p lang=\"es\" dir=\"ltr\">Le preguntan a Bautista por lo de Alcaraz, queriendo ser el mejor pero disfru\u00adtando. \u00c9l, que habla desde la expe\u00adriencia, le acon\u00adseja\u00a0:<\/p>\n<p>\ud83d\udde3\ufe0f \u201cEl tenis es muy exigente. No creo que vaya a ganar Grand Slams acost\u00e1n\u00addose a las 7 de la ma\u00f1ana\u201d <a href=\"https:\/\/t.co\/fGddeWjT1Q\" data-wpel-link=\"external\" target=\"_blank\" rel=\"nofollow external noopener\">pic.twitter.com\/fGddeWjT1Q<\/a><\/p>\n<p>\u2014 Jos\u00e9 Mor\u00f3n (@jmgmoron) <a href=\"https:\/\/twitter.com\/jmgmoron\/status\/1915786258728493127?ref_src=twsrc%5Etfw\" data-wpel-link=\"external\" target=\"_blank\" rel=\"nofollow external noopener\">April 25,\u00a02025<\/a><\/p><\/blockquote>\n<p><strong>\u00ab\u202fJe pense que le tennis de haut niveau est tr\u00e8s exigeant. Je ne pense pas que Carlos va gagner des Grands Chelems en se couchant \u00e0 7 heures du matin, n\u2019est\u2010ce pas\u202f? Au final, je pense que le tennis est tr\u00e8s exigeant, que tout est tr\u00e8s beau main\u00adte\u00adnant, qu\u2019il est tr\u00e8s jeune, mais il doit comprendre que s\u2019il veut \u00e9galer les r\u00e9sul\u00adtats des trois grands, il devra jouer \u00e0 haut niveau pendant 15 ans. Je le consi\u00add\u00e8re comme un joueur et une personne intel\u00adli\u00adgente. Je suis s\u00fbr qu\u2019il va peu \u00e0 peu se rendre compte de ce dont il a besoin pour atteindre ce niveau et qu\u2019il va s\u2019y mettre\u202f\u00bb.<\/strong><\/p>\n<p class=\"post-published-date\" style=\"color: silver; font-size: 75%; text-align: left;\">Publi\u00e9 le samedi 26 avril 2025 \u00e0 08:19<\/p>\n<p><script async src=\"https:\/\/platform.twitter.com\/widgets.js\" charset=\"utf-8\"><\/script><\/p>\n","protected":false},"excerpt":{"rendered":"Si Carlos Alcaraz a l\u2019ob\u00adjectif de devenir l\u2019un des meilleurs joueurs de l\u2019his\u00adtoire, on comprend aussi dans le&hellip;\n","protected":false},"author":2,"featured_media":53879,"comment_status":"","ping_status":"","sticky":false,"template":"","format":"standard","meta":{"footnotes":""},"categories":[1415],"tags":[1744,105,2199,1011,27,1960,60,1467,4542],"class_list":{"0":"post-53878","1":"post","2":"type-post","3":"status-publish","4":"format-standard","5":"has-post-thumbnail","7":"category-tennis","8":"tag-alcaraz","9":"tag-djokovic","10":"tag-federer","11":"tag-fr","12":"tag-france","13":"tag-nadal","14":"tag-sports","15":"tag-tennis","16":"tag-zverev"},"share_on_mastodon":{"url":"https:\/\/pubeurope.com\/@fr\/114403202997419941","error":""},"_links":{"self":[{"href":"https:\/\/www.europesays.com\/fr\/wp-json\/wp\/v2\/posts\/53878","targetHints":{"allow":["GET"]}}],"collection":[{"href":"https:\/\/www.europesays.com\/fr\/wp-json\/wp\/v2\/posts"}],"about":[{"href":"https:\/\/www.europesays.com\/fr\/wp-json\/wp\/v2\/types\/post"}],"author":[{"embeddable":true,"href":"https:\/\/www.europesays.com\/fr\/wp-json\/wp\/v2\/users\/2"}],"replies":[{"embeddable":true,"href":"https:\/\/www.europesays.com\/fr\/wp-json\/wp\/v2\/comments?post=53878"}],"version-history":[{"count":0,"href":"https:\/\/www.europesays.com\/fr\/wp-json\/wp\/v2\/posts\/53878\/revisions"}],"wp:featuredmedia":[{"embeddable":true,"href":"https:\/\/www.europesays.com\/fr\/wp-json\/wp\/v2\/media\/53879"}],"wp:attachment":[{"href":"https:\/\/www.europesays.com\/fr\/wp-json\/wp\/v2\/media?parent=53878"}],"wp:term":[{"taxonomy":"category","embeddable":true,"href":"https:\/\/www.europesays.com\/fr\/wp-json\/wp\/v2\/categories?post=53878"},{"taxonomy":"post_tag","embeddable":true,"href":"https:\/\/www.europesays.com\/fr\/wp-json\/wp\/v2\/tags?post=53878"}],"curies":[{"name":"wp","href":"https:\/\/api.w.org\/{rel}","templated":true}]}}