{"id":538781,"date":"2025-11-16T20:00:16","date_gmt":"2025-11-16T20:00:16","guid":{"rendered":"https:\/\/www.europesays.com\/fr\/538781\/"},"modified":"2025-11-16T20:00:16","modified_gmt":"2025-11-16T20:00:16","slug":"une-vente-aux-encheres-dobjets-de-la-shoah-finalement-annulee-en-allemagne","status":"publish","type":"post","link":"https:\/\/www.europesays.com\/fr\/538781\/","title":{"rendered":"Une vente aux ench\u00e8res d&rsquo;objets de la Shoah finalement annul\u00e9e en Allemagne"},"content":{"rendered":"<p class=\"ap-StoryElement ap-StoryElement--mb ap-StoryText\">Le Comit\u00e9 international d&rsquo;Auschwitz comme le ministre allemand des Affaires \u00e9trang\u00e8res s&rsquo;\u00e9taient indign\u00e9s de cette mise sous le marteau d&rsquo;objets aussi personnels et charg\u00e9s d&rsquo;Histoire que des lettres \u00e9crites dans des camps de concentration, des documents reprenant des noms de victimes ou une \u00e9toile de David \u00ab\u00a0visiblement port\u00e9e\u00a0\u00bb du camp de concentration de Buchenwald. Le comit\u00e9 avait d\u00e8s lors appel\u00e9 les responsables de la maison de vente \u00e0 la \u00ab\u00a0d\u00e9cence\u00a0\u00bb en demandant l&rsquo;annulation de l&rsquo;\u00e9v\u00e9nement. De son c\u00f4t\u00e9, le ministre Johann Wadephul avait qualifi\u00e9 de \u00ab\u00a0r\u00e9pugnante\u00a0\u00bb toute tentative de se faire de l&rsquo;argent sur le dos des victimes du g\u00e9nocide perp\u00e9tr\u00e9 par les nazis durant la Seconde Guerre mondiale.<\/p>\n","protected":false},"excerpt":{"rendered":"Le Comit\u00e9 international d&rsquo;Auschwitz comme le ministre allemand des Affaires \u00e9trang\u00e8res s&rsquo;\u00e9taient indign\u00e9s de cette mise sous le&hellip;\n","protected":false},"author":2,"featured_media":2837,"comment_status":"","ping_status":"","sticky":false,"template":"","format":"standard","meta":{"footnotes":""},"categories":[1587],"tags":[11,672,1804,1805,1803,1777,674,1801,1146,937,12,1802,104],"class_list":{"0":"post-538781","1":"post","2":"type-post","3":"status-publish","4":"format-standard","5":"has-post-thumbnail","7":"category-allemagne","8":"tag-actualites","9":"tag-allemagne","10":"tag-bundesrepublik-deutschland","11":"tag-de","12":"tag-deutschland","13":"tag-eu","14":"tag-europe","15":"tag-germany","16":"tag-guerre","17":"tag-histoire","18":"tag-news","19":"tag-republique-federale-dallemagne","20":"tag-societe"},"share_on_mastodon":{"url":"https:\/\/pubeurope.com\/@fr\/115561157550953071","error":""},"_links":{"self":[{"href":"https:\/\/www.europesays.com\/fr\/wp-json\/wp\/v2\/posts\/538781","targetHints":{"allow":["GET"]}}],"collection":[{"href":"https:\/\/www.europesays.com\/fr\/wp-json\/wp\/v2\/posts"}],"about":[{"href":"https:\/\/www.europesays.com\/fr\/wp-json\/wp\/v2\/types\/post"}],"author":[{"embeddable":true,"href":"https:\/\/www.europesays.com\/fr\/wp-json\/wp\/v2\/users\/2"}],"replies":[{"embeddable":true,"href":"https:\/\/www.europesays.com\/fr\/wp-json\/wp\/v2\/comments?post=538781"}],"version-history":[{"count":0,"href":"https:\/\/www.europesays.com\/fr\/wp-json\/wp\/v2\/posts\/538781\/revisions"}],"wp:featuredmedia":[{"embeddable":true,"href":"https:\/\/www.europesays.com\/fr\/wp-json\/wp\/v2\/media\/2837"}],"wp:attachment":[{"href":"https:\/\/www.europesays.com\/fr\/wp-json\/wp\/v2\/media?parent=538781"}],"wp:term":[{"taxonomy":"category","embeddable":true,"href":"https:\/\/www.europesays.com\/fr\/wp-json\/wp\/v2\/categories?post=538781"},{"taxonomy":"post_tag","embeddable":true,"href":"https:\/\/www.europesays.com\/fr\/wp-json\/wp\/v2\/tags?post=538781"}],"curies":[{"name":"wp","href":"https:\/\/api.w.org\/{rel}","templated":true}]}}