{"id":538790,"date":"2025-11-16T20:05:18","date_gmt":"2025-11-16T20:05:18","guid":{"rendered":"https:\/\/www.europesays.com\/fr\/538790\/"},"modified":"2025-11-16T20:05:18","modified_gmt":"2025-11-16T20:05:18","slug":"choose-france-le-gouvernement-annonce-plus-de-30-milliards-dinvestissements-tricolores-pour-151-projets","status":"publish","type":"post","link":"https:\/\/www.europesays.com\/fr\/538790\/","title":{"rendered":"Choose France : le gouvernement annonce plus de 30 milliards d\u2019investissements tricolores pour 151 projets"},"content":{"rendered":"<p><strong>150 entreprises fran\u00e7aises et repr\u00e9sentants de f\u00e9d\u00e9rations professionnelles,<\/strong> <a href=\"https:\/\/www.capital.fr\/entreprises-marches\/budget-2026-le-medef-et-d-autres-organisations-patronales-denoncent-les-53-milliards-deuros-de-hausses-de-fiscalite-1520759\" rel=\"nofollow noopener\" target=\"_blank\">d\u2019organisations syndicales et patronales <\/a>sont attendus ce lundi 17 novembre \u00e0 Paris pour une nouvelle \u00e9dition du sommet <a href=\"https:\/\/www.capital.fr\/economie-politique\/choose-france-lelysee-veut-attraper-dans-ses-filets-plus-dinvestisseurs-que-les-annees-precedentes-1513915\" rel=\"nofollow noopener\" target=\"_blank\">Choose France<\/a>, consacr\u00e9e aux entreprises fran\u00e7aises qui investissent en France. Ainsi, le gouvernement va annoncer <strong>30,4 milliards d\u2019euros d&rsquo;investissements fran\u00e7ais dans 151 projets <\/strong>r\u00e9partis partout en France. Parmi eux, <strong>9,2 milliards d\u2019euros <\/strong>se r\u00e9partissent dans diff\u00e9rents secteurs comme le tourisme, le num\u00e9rique, la sant\u00e9 ou encore les transports.<strong> 21,2 milliards d\u2019euros <\/strong>d\u2019investissements ont d\u00e9j\u00e0 \u00e9t\u00e9 annonc\u00e9s par les diff\u00e9rentes entreprises au cours des 12 derniers mois.<\/p>\n<p>Ce lundi, c\u2019est la premi\u00e8re fois que le sommet Choose France ouvre sa premi\u00e8re \u00ab\u00e9dition France\u00bb, et ainsi met \u00e0 l&rsquo;honneur les entreprises tricolores qui investissent dans le pays. Les participants sont invit\u00e9s \u00e0 \u00e9voquer <strong>le budget 2026<\/strong> aux c\u00f4t\u00e9s notamment de la ministre des Comptes publics, <a href=\"https:\/\/www.capital.fr\/votre-retraite\/retraite-la-piste-d-un-degel-partiel-evoquee-1520853\" rel=\"nofollow noopener\" target=\"_blank\">Am\u00e9lie de Montchalin<\/a>, de la diversification des partenariats avec le ministre d\u00e9l\u00e9gu\u00e9 charg\u00e9 du commerce ext\u00e9rieur et de l&rsquo;attractivit\u00e9 de France, Nicolas Forissier, ainsi que de la souverainet\u00e9 industrielle et num\u00e9rique avec, respectivement, le ministre d\u00e9l\u00e9gu\u00e9 charg\u00e9 de l&rsquo;Industrie, S\u00e9bastien Martin et la ministre d\u00e9l\u00e9gu\u00e9e charg\u00e9e de l&rsquo;Intelligence artificielle et du Num\u00e9rique, Anne Le H\u00e9nanff.<\/p>\n<p>Cette nouvelle version du sommet pourrait \u00eatre renouvel\u00e9e<\/p>\n<p>Parmi les invit\u00e9s, on devrait logiquement retrouver le groupe international\u00a0<strong>Safran<\/strong>\u00a0qui op\u00e8re dans l\u2019a\u00e9ronautique, l\u2019espace et la d\u00e9fense et qui a annonc\u00e9 l\u2019ouverture d\u2019une nouvelle usine en France. <strong>Mistral<\/strong>, sp\u00e9cialis\u00e9e dans l\u2019intelligence artificielle g\u00e9n\u00e9rative et qui a r\u00e9cemment lev\u00e9 1,7\u00a0milliard d\u2019euros, devait \u00e9galement \u00eatre convi\u00e9e. <strong>Urgo<\/strong>, entreprise sp\u00e9cialiste du pansement, et qui a d\u00e9clar\u00e9 un investissement de 50\u00a0millions d\u2019euros pour l\u2019ouverture d\u2019une nouvelle usine dans la Loire, sera \u00e9galement de la partie.<\/p>\n<p><strong>Plusieurs annonces d\u2019investissements<\/strong> devraient se succ\u00e9der au cours de la journ\u00e9e de lundi 17\u00a0novembre. Cette nouvelle version du sommet a vocation \u00e0 \u00eatre p\u00e9rennis\u00e9e, ont annonc\u00e9 Bercy et Matignon. En effet, les entreprises fran\u00e7aises ont demand\u00e9 \u00e0 ce que les investissements fran\u00e7ais soient c\u00e9l\u00e9br\u00e9s lors d\u2019un \u00e9v\u00e9nement d\u00e9di\u00e9.<\/p>\n","protected":false},"excerpt":{"rendered":"150 entreprises fran\u00e7aises et repr\u00e9sentants de f\u00e9d\u00e9rations professionnelles, d\u2019organisations syndicales et patronales sont attendus ce lundi 17 novembre&hellip;\n","protected":false},"author":2,"featured_media":538791,"comment_status":"","ping_status":"","sticky":false,"template":"","format":"standard","meta":{"footnotes":""},"categories":[4],"tags":[11,313,1011,27,693,399,12,25],"class_list":{"0":"post-538790","1":"post","2":"type-post","3":"status-publish","4":"format-standard","5":"has-post-thumbnail","7":"category-france","8":"tag-actualites","9":"tag-entreprises","10":"tag-fr","11":"tag-france","12":"tag-industrie","13":"tag-investissement","14":"tag-news","15":"tag-republique-francaise"},"share_on_mastodon":{"url":"https:\/\/pubeurope.com\/@fr\/115561176973733912","error":""},"_links":{"self":[{"href":"https:\/\/www.europesays.com\/fr\/wp-json\/wp\/v2\/posts\/538790","targetHints":{"allow":["GET"]}}],"collection":[{"href":"https:\/\/www.europesays.com\/fr\/wp-json\/wp\/v2\/posts"}],"about":[{"href":"https:\/\/www.europesays.com\/fr\/wp-json\/wp\/v2\/types\/post"}],"author":[{"embeddable":true,"href":"https:\/\/www.europesays.com\/fr\/wp-json\/wp\/v2\/users\/2"}],"replies":[{"embeddable":true,"href":"https:\/\/www.europesays.com\/fr\/wp-json\/wp\/v2\/comments?post=538790"}],"version-history":[{"count":0,"href":"https:\/\/www.europesays.com\/fr\/wp-json\/wp\/v2\/posts\/538790\/revisions"}],"wp:featuredmedia":[{"embeddable":true,"href":"https:\/\/www.europesays.com\/fr\/wp-json\/wp\/v2\/media\/538791"}],"wp:attachment":[{"href":"https:\/\/www.europesays.com\/fr\/wp-json\/wp\/v2\/media?parent=538790"}],"wp:term":[{"taxonomy":"category","embeddable":true,"href":"https:\/\/www.europesays.com\/fr\/wp-json\/wp\/v2\/categories?post=538790"},{"taxonomy":"post_tag","embeddable":true,"href":"https:\/\/www.europesays.com\/fr\/wp-json\/wp\/v2\/tags?post=538790"}],"curies":[{"name":"wp","href":"https:\/\/api.w.org\/{rel}","templated":true}]}}