{"id":538794,"date":"2025-11-16T20:09:17","date_gmt":"2025-11-16T20:09:17","guid":{"rendered":"https:\/\/www.europesays.com\/fr\/538794\/"},"modified":"2025-11-16T20:09:17","modified_gmt":"2025-11-16T20:09:17","slug":"billie-jean-king-cup-grosse-performance-de-la-belgique-qui-rejoint-la-phase-qualificative-en-battant-lallemagne","status":"publish","type":"post","link":"https:\/\/www.europesays.com\/fr\/538794\/","title":{"rendered":"Billie Jean King Cup\u00a0: grosse performance de la Belgique, qui rejoint la phase qualificative en battant l\u2019Allemagne"},"content":{"rendered":"<p>Apr\u00e8s leur victoire arrach\u00e9e au bout du suspense contre la Turquie (2-1) ce samedi, les Yellow Aces savaient qu\u2019elles pouvaient arracher leur qualification pour le groupe mondial de la\u00a0Billie Jean King Cup en s\u2019imposant face \u00e0 l\u2019Allemagne ce dimanche.<\/p>\n<p>Contre toute attente, tout a parfaitement d\u00e9marr\u00e9 gr\u00e2ce \u00e0 la jeune <strong>Jeline Vandromme <\/strong>(WTA 477). Le jour de ses 18 ans,<a href=\"https:\/\/www.rtbf.be\/article\/la-pepite-belge-jeline-vandromme-remporte-le-masters-de-tennis-juniors-la-recompense-d-une-magnifique-saison-11622415\" target=\"_blank\" rel=\"nofollow noopener\"> la r\u00e9cente laur\u00e9ate du Masters juniors<\/a>\u00a0a montr\u00e9 du caract\u00e8re pour s\u2019imposer en trois manches contre\u00a0<strong>Anna-Lena Friedsam<\/strong> (WTA 192) apr\u00e8s un combat de plus de deux heures et demie de jeu (7-9, 2-6, 6-3).<\/p>\n","protected":false},"excerpt":{"rendered":"Apr\u00e8s leur victoire arrach\u00e9e au bout du suspense contre la Turquie (2-1) ce samedi, les Yellow Aces savaient&hellip;\n","protected":false},"author":2,"featured_media":538795,"comment_status":"","ping_status":"","sticky":false,"template":"","format":"standard","meta":{"footnotes":""},"categories":[1415],"tags":[1011,27,60,1467],"class_list":{"0":"post-538794","1":"post","2":"type-post","3":"status-publish","4":"format-standard","5":"has-post-thumbnail","7":"category-tennis","8":"tag-fr","9":"tag-france","10":"tag-sports","11":"tag-tennis"},"share_on_mastodon":{"url":"https:\/\/pubeurope.com\/@fr\/115561192681425746","error":""},"_links":{"self":[{"href":"https:\/\/www.europesays.com\/fr\/wp-json\/wp\/v2\/posts\/538794","targetHints":{"allow":["GET"]}}],"collection":[{"href":"https:\/\/www.europesays.com\/fr\/wp-json\/wp\/v2\/posts"}],"about":[{"href":"https:\/\/www.europesays.com\/fr\/wp-json\/wp\/v2\/types\/post"}],"author":[{"embeddable":true,"href":"https:\/\/www.europesays.com\/fr\/wp-json\/wp\/v2\/users\/2"}],"replies":[{"embeddable":true,"href":"https:\/\/www.europesays.com\/fr\/wp-json\/wp\/v2\/comments?post=538794"}],"version-history":[{"count":0,"href":"https:\/\/www.europesays.com\/fr\/wp-json\/wp\/v2\/posts\/538794\/revisions"}],"wp:featuredmedia":[{"embeddable":true,"href":"https:\/\/www.europesays.com\/fr\/wp-json\/wp\/v2\/media\/538795"}],"wp:attachment":[{"href":"https:\/\/www.europesays.com\/fr\/wp-json\/wp\/v2\/media?parent=538794"}],"wp:term":[{"taxonomy":"category","embeddable":true,"href":"https:\/\/www.europesays.com\/fr\/wp-json\/wp\/v2\/categories?post=538794"},{"taxonomy":"post_tag","embeddable":true,"href":"https:\/\/www.europesays.com\/fr\/wp-json\/wp\/v2\/tags?post=538794"}],"curies":[{"name":"wp","href":"https:\/\/api.w.org\/{rel}","templated":true}]}}