{"id":538798,"date":"2025-11-16T20:14:17","date_gmt":"2025-11-16T20:14:17","guid":{"rendered":"https:\/\/www.europesays.com\/fr\/538798\/"},"modified":"2025-11-16T20:14:17","modified_gmt":"2025-11-16T20:14:17","slug":"girondins-bruno-irles-repond-sur-la-qualification-etienne-beugre-almamy-toure-et-lorient","status":"publish","type":"post","link":"https:\/\/www.europesays.com\/fr\/538798\/","title":{"rendered":"Girondins : Bruno Irl\u00e8s r\u00e9pond sur la qualification, \u00c9tienne Beugr\u00e9, Almamy Tour\u00e9, et Lorient"},"content":{"rendered":"<p><img decoding=\"async\" src=\"https:\/\/www.europesays.com\/fr\/wp-content\/uploads\/2025\/08\/671_639cac1e4b1fe83d1c59d056b160bd65.jpg\" alt=\"Girondins : Bruno Irl\u00e8s r\u00e9pond sur la qualification, \u00c9tienne Beugr\u00e9, Almamy Tour\u00e9, et Lorient\" class=\"img-responsive mt-3\"\/><\/p>\n<p class=\"text-center mb-3\" style=\"font-size: 14px\">\u00a9 Iconsport<\/p>\n<p>      <strong>Irl\u00e8s revient sur la qualification et fait le point sur Bahassa, Manna\u00ef et les choix \u00e0 venir<\/strong><\/p>\n<p style=\"text-align: justify;\">\u00a0<\/p>\n<p style=\"text-align: justify;\">Bruno Irl\u00e8s au micro de La radio forever : \u201cOn a vu un match de Coupe de France. Il ne faut pas s\u2019attendre \u00e0 du grand football. J\u2019en suis conscient. C\u2019\u00e9tait une s\u00e9ance forte dans notre semaine de travail, et j&rsquo;avais besoin qu\u2019ils donnent beaucoup pour pr\u00e9parer le match de Lorient (en N2). Ils ont r\u00e9pondu. Ce n&rsquo;est pas forc\u00e9ment beau, mais on passe un tour. Le jeu au sol n&rsquo;\u00e9tait pas \u00e9vident sur cette pelouse. Les joueurs ont su s\u2019adapter.\u00a0\u00bb<\/p>\n<p><strong>Presque 7000 personnes au Stade Armandie<\/strong><\/p>\n<p style=\"text-align: justify;\">\u00ab\u00a0On a l\u2019agr\u00e9able surprise de voir un stade avec autant de supporters bordelais \u00e0 2h de route face \u00e0 une R1. F\u00e9licitations \u00e0 eux, c\u2019est tr\u00e8s fort. Les supporters des Girondins sont partout.\u201d<\/p>\n<p><strong>Sur le buteur Soufiane Bahassa<\/strong><\/p>\n<p style=\"text-align: justify;\">\u201cJe connais les \u00e9tapes de retour de blessure. Il y a le manque de rythme, il y a l\u2019appr\u00e9hension. Il passe ses \u00e9tapes progressivement. Le vrai Soufiane qu&rsquo;on a connu l\u2019an dernier, on l\u2019aura en d\u00e9but d\u2019ann\u00e9e. Il m\u00e9rite avec son \u00e9tat d\u2019esprit. Il ne l\u00e2che rien et donne beaucoup sur le terrain. Je suis content qu\u2019il soit r\u00e9compens\u00e9. Il avance dans sa saison, c\u2019est une tr\u00e8s bonne chose.\u00a0\u00bb<\/p>\n<p><strong>La prestation en demi-teinte de Fa\u00efssal Manna\u00ef<\/strong><\/p>\n<p style=\"text-align: justify;\">\u201cIl a un jeu de percussion, dans la conduite de balle. Ce n\u2019\u00e9tait pas possible. Il a d\u00fb changer un peu ce soir. En deuxi\u00e8me p\u00e9riode, il a \u00e9t\u00e9 plus int\u00e9ressant. Les conditions du terrain n&rsquo;\u00e9taient pas favorables pour lui. Il a besoin de temps de jeu. La Coupe de France me sert pour \u00e7a. Tydiane Diagouraga a jou\u00e9 au milieu du terrain, plus haut, car il est polyvalent. Il est tr\u00e8s int\u00e9ressant pour moi dans l\u2019effectif.\u00a0\u00bb<\/p>\n<p><strong>Le d\u00e9placement \u00e0 Lorient<\/strong><\/p>\n<p style=\"text-align: justify;\">\u201cQuand on est entra\u00eeneur d\u2019une r\u00e9serve pro, qu&rsquo;on a la chance de jouer contre une \u00e9quipe qui joue bien au ballon dans le Stade de l\u00e9quipe UNE, on peut avoir des joueurs professionnels qui viennent renforcer le groupe. Notre syst\u00e8me sera le m\u00eame. Pour nous, c&rsquo;est galvanisant de jouer ce genre de rencontres.\u00a0\u00bb<\/p>\n<p><strong>Almamy Tour\u00e9 peut-il signer aux Girondins ?<\/strong><\/p>\n<p style=\"text-align: justify;\">\u00ab\u00a0Almamy Tour\u00e9 n\u2019est pas \u00e0 l&rsquo;essai. On ne peut pas l\u2019essayer, car il a soulev\u00e9 la Coupe d\u2019Europe il y a deux ans. Il se remet en selle chez nous. Il manque de rythme. Il se pr\u00e9pare avec nous. Il n\u2019a pas de club pour le moment. C\u2019est un autre niveau. C\u2019est une chance pour mon groupe d\u2019avoir ce joueur de ce niveau \u00e0 l&rsquo;entra\u00eenement. Son \u00e9tat d\u2019esprit est irr\u00e9prochable et il s\u2019est bien int\u00e9gr\u00e9 \u00e0 l&rsquo;entra\u00eenement.\u00a0\u00bb<\/p>\n<p><strong>Le retour d&rsquo;\u00c9tienne Beugre<\/strong><\/p>\n<p style=\"text-align: justify;\">\u00ab\u00a0Etienne, je n\u2019ai rien contre lui, le groupe non plus. Il a \u00e9t\u00e9 tr\u00e8s bien accueilli. Il manque de comp\u00e9tition. Il est dans le bon \u00e9tat d\u2019esprit. Je ne sais pas o\u00f9 est son avenir. Il est pr\u00eat. S\u2019il est performant, il est sous contrat avec nous. \u00c0 lui de saisir cette chance.\u00a0\u00bb<\/p>\n<p><strong>Sur le 8e tour de Coupe de France face au ASMUR qui pourrait se jouer au Noust Camp de Pau<\/strong><\/p>\n<p style=\"text-align: justify;\">\u00ab\u00a0Ce serait bien de jouer le prochain tour \u00e0 Pau devant un public qui m\u2019a tr\u00e8s bien accueilli et\/ou j\u2019ai pass\u00e9 un an et demi tr\u00e8s agr\u00e9able.\u00a0\u00bb (Il a \u00e9t\u00e9 l&rsquo;entra\u00eeneur du Pau FC, NDLR)<\/p>\n<p>\u00c0 lire &gt;&gt;\u00a0<strong><a href=\"https:\/\/www.webgirondins.com\/actualite-girondins-ebbe-bordeaux-le-but-de-la-qualification-des-girondins-en-video-131169\" target=\"_blank\" rel=\"noopener\">EBBE-Bordeaux : le but de la qualification des Girondins en vid\u00e9o<\/a><\/strong><\/p>\n<p>\u00a0<\/p>\n","protected":false},"excerpt":{"rendered":"\u00a9 Iconsport Irl\u00e8s revient sur la qualification et fait le point sur Bahassa, Manna\u00ef et les choix \u00e0&hellip;\n","protected":false},"author":2,"featured_media":323987,"comment_status":"","ping_status":"","sticky":false,"template":"","format":"standard","meta":{"footnotes":""},"categories":[1410],"tags":[65088,1020,150,11754,1997,3211,615,65090,18131,11753,2823,63,1011,27,1987,3212,2003,1781,65754,955,7720,5957,60,65089],"class_list":{"0":"post-538798","1":"post","2":"type-post","3":"status-publish","4":"format-standard","5":"has-post-thumbnail","7":"category-football","8":"tag-almamy","9":"tag-analyse","10":"tag-apres","11":"tag-beugre","12":"tag-bordeaux","13":"tag-bruno","14":"tag-coupe","15":"tag-encontre","16":"tag-entente","17":"tag-etienne","18":"tag-face","19":"tag-football","20":"tag-fr","21":"tag-france","22":"tag-girondins","23":"tag-irles","24":"tag-livre","25":"tag-lorient","26":"tag-lucide","27":"tag-match","28":"tag-qualification","29":"tag-repond","30":"tag-sports","31":"tag-toure"},"share_on_mastodon":{"url":"https:\/\/pubeurope.com\/@fr\/115561212606526683","error":""},"_links":{"self":[{"href":"https:\/\/www.europesays.com\/fr\/wp-json\/wp\/v2\/posts\/538798","targetHints":{"allow":["GET"]}}],"collection":[{"href":"https:\/\/www.europesays.com\/fr\/wp-json\/wp\/v2\/posts"}],"about":[{"href":"https:\/\/www.europesays.com\/fr\/wp-json\/wp\/v2\/types\/post"}],"author":[{"embeddable":true,"href":"https:\/\/www.europesays.com\/fr\/wp-json\/wp\/v2\/users\/2"}],"replies":[{"embeddable":true,"href":"https:\/\/www.europesays.com\/fr\/wp-json\/wp\/v2\/comments?post=538798"}],"version-history":[{"count":0,"href":"https:\/\/www.europesays.com\/fr\/wp-json\/wp\/v2\/posts\/538798\/revisions"}],"wp:featuredmedia":[{"embeddable":true,"href":"https:\/\/www.europesays.com\/fr\/wp-json\/wp\/v2\/media\/323987"}],"wp:attachment":[{"href":"https:\/\/www.europesays.com\/fr\/wp-json\/wp\/v2\/media?parent=538798"}],"wp:term":[{"taxonomy":"category","embeddable":true,"href":"https:\/\/www.europesays.com\/fr\/wp-json\/wp\/v2\/categories?post=538798"},{"taxonomy":"post_tag","embeddable":true,"href":"https:\/\/www.europesays.com\/fr\/wp-json\/wp\/v2\/tags?post=538798"}],"curies":[{"name":"wp","href":"https:\/\/api.w.org\/{rel}","templated":true}]}}