{"id":538801,"date":"2025-11-16T20:16:13","date_gmt":"2025-11-16T20:16:13","guid":{"rendered":"https:\/\/www.europesays.com\/fr\/538801\/"},"modified":"2025-11-16T20:16:13","modified_gmt":"2025-11-16T20:16:13","slug":"avant-apres-un-sublime-24-m%c2%b2-au-confort-inegale-pour-un-couple-de-retraites","status":"publish","type":"post","link":"https:\/\/www.europesays.com\/fr\/538801\/","title":{"rendered":"Avant-apr\u00e8s\u00a0: un sublime 24\u00a0m\u00b2 au confort in\u00e9gal\u00e9 pour un couple de retrait\u00e9s"},"content":{"rendered":"<p>        <strong>Les petites surfaces exigent une belle dose d&rsquo;ing\u00e9niosit\u00e9 pour \u00eatre bien agenc\u00e9es. Et \u00e7a tombe bien\u00a0: l&rsquo;architecte d&rsquo;int\u00e9rieur St\u00e9phanie Le Rouzic en a \u00e0 revendre. La preuve avec cette transformation bluffante.\u00a0<\/strong><br \/>\n Nous voici au 1\u1d49\u02b3 \u00e9tage d&rsquo;une r\u00e9sidence des ann\u00e9es 80\u00a0\u00e0 Bandol, en Provence. Ce 24\u00a0m\u00b2 allait devenir le terrain de jeu de l&rsquo;architecte d&rsquo;int\u00e9rieur\u00a0St\u00e9phanie Le Rouzic, fondatrice de l&rsquo;agence Mars Avril. Fan de son travail, la propri\u00e9taire des lieux s&rsquo;est donc naturellement tourn\u00e9e vers elle, et comme elle a bien fait\u00a0! Au d\u00e9part, il y avait une d\u00e9coration dat\u00e9e que ce couple des Bouches-du-Rh\u00f4ne proche de la retraite \u00e0 l&rsquo;\u00e9poque, ne pouvait plus voir en peinture. Ils avaient envie et besoin de modernit\u00e9, d&rsquo;en finir avec l&rsquo;esprit bord de mer too much et de reconfigurer ces espaces mal fichus. En prime, ils souhaitent\u00a0une vraie chambre \u00e0 l&rsquo;\u00e9cart,\u00a0tout le confort d&rsquo;un appartement plus grand, lave-vaisselle et machine \u00e0 laver compris, ainsi qu&rsquo;un coin repas bien d\u00e9fini pour recevoir leur famille et amis.\u00a0\u00ab\u00a0Ils avaient envie de se faire plaisir, parce qu&rsquo;ils savaient qu&rsquo;ils allaient y passer plus de temps\u00a0\u00bb, se souvient St\u00e9phanie Le Rouzic.\u00a0 <\/p>\n<p>Exploiter au mieux l&rsquo;espace limit\u00e9 disponible<\/p>\n<p> Afin de mener \u00e0 bien la r\u00e9novation de ce\u00a0pied-\u00e0-terre m\u00e9diterran\u00e9en, l&rsquo;architecte d&rsquo;int\u00e9rieur n&rsquo;a pas l\u00e9sin\u00e9 sur les bonnes id\u00e9es\u00a0:\u00a0\u00ab\u00a0c&rsquo;est mon projet Tetris\u00a0!\u00a0\u00bb, nous raconte-t-elle avec humour. Il y a d&rsquo;abord eu un petit\u00a0ragr\u00e9age du sol avant de couler un magnifique b\u00e9ton cir\u00e9 sur le carrelage d&rsquo;origine, qui \u00e9tait en bon \u00e9tat. Une r\u00e9alisation sign\u00e9e\u00a0Ad Astra, sp\u00e9cialiste en la mati\u00e8re. Aux murs, c&rsquo;est un blanc pur qui a vu le jour, comme une\u00a0toile de fond sur laquelle il ne restait plus qu&rsquo;\u00e0 distiller une ambiance douce, un brin japandi.\u00a0(Re)penser comme une cabane, la chambre du couple a pris de la hauteur. Aujourd&rsquo;hui juch\u00e9e sur une petite estrade, elle offre de beaux espaces de rangements en partie basse, comme ils en avaient toujours r\u00eav\u00e9. Un chantier sans emb\u00fbche, men\u00e9 \u00e0 bien par les \u00e9quipes super efficaces de l&rsquo;entreprise\u00a0Renoov et le savoir-faire de Mr Roz\u00e9, \u00e9b\u00e9niste \u00e0 Marseille, qui a r\u00e9alis\u00e9 toutes les menuiseries sur-mesure des lieux. Poussons-en la porte. <\/p>\n<ul>\n<li><strong>Dur\u00e9e des travaux<\/strong>\u00a0: 3\u00a0mois<\/li>\n<li><strong>Co\u00fbt de la r\u00e9novation<\/strong> : 45\u00a0300\u00a0euros, hors honoraires<\/li>\n<li><strong>Site de l&rsquo;agence<\/strong>\u00a0: <a href=\"https:\/\/www.mars-avril.com\/\" target=\"_blank\" rel=\"noopener\">mars-avril.com<\/a>\u00a0&#8211;\u00a0<a href=\"https:\/\/www.instagram.com\/mars.avril\/?hl=fr\" target=\"_blank\" rel=\"noopener\">@mars.avril<\/a><\/li>\n<\/ul>\n<p>\u00a9\u00a0Lisa Martens Carrillo pour l&rsquo;agence Mars Avril<br \/>\n    <script async src=\"\/\/www.instagram.com\/embed.js\"><\/script><\/p>\n","protected":false},"excerpt":{"rendered":"Les petites surfaces exigent une belle dose d&rsquo;ing\u00e9niosit\u00e9 pour \u00eatre bien agenc\u00e9es. Et \u00e7a tombe bien\u00a0: l&rsquo;architecte d&rsquo;int\u00e9rieur&hellip;\n","protected":false},"author":2,"featured_media":538802,"comment_status":"","ping_status":"","sticky":false,"template":"","format":"standard","meta":{"footnotes":""},"categories":[1358],"tags":[1348,1384,1385,59885,65755,51761,1386,58,59,53051,1011,27,57513],"class_list":{"0":"post-538801","1":"post","2":"type-post","3":"status-publish","4":"format-standard","5":"has-post-thumbnail","7":"category-arts-et-design","8":"tag-arts","9":"tag-arts-and-design","10":"tag-arts-et-design","11":"tag-avant-apres","12":"tag-cms-journaldesfemmes-3246910","13":"tag-controller-content","14":"tag-design","15":"tag-divertissement","16":"tag-entertainment","17":"tag-format-diaporama","18":"tag-fr","19":"tag-france","20":"tag-reportages-deco-et-visites-privees"},"share_on_mastodon":{"url":"https:\/\/pubeurope.com\/@fr\/115561220213112735","error":""},"_links":{"self":[{"href":"https:\/\/www.europesays.com\/fr\/wp-json\/wp\/v2\/posts\/538801","targetHints":{"allow":["GET"]}}],"collection":[{"href":"https:\/\/www.europesays.com\/fr\/wp-json\/wp\/v2\/posts"}],"about":[{"href":"https:\/\/www.europesays.com\/fr\/wp-json\/wp\/v2\/types\/post"}],"author":[{"embeddable":true,"href":"https:\/\/www.europesays.com\/fr\/wp-json\/wp\/v2\/users\/2"}],"replies":[{"embeddable":true,"href":"https:\/\/www.europesays.com\/fr\/wp-json\/wp\/v2\/comments?post=538801"}],"version-history":[{"count":0,"href":"https:\/\/www.europesays.com\/fr\/wp-json\/wp\/v2\/posts\/538801\/revisions"}],"wp:featuredmedia":[{"embeddable":true,"href":"https:\/\/www.europesays.com\/fr\/wp-json\/wp\/v2\/media\/538802"}],"wp:attachment":[{"href":"https:\/\/www.europesays.com\/fr\/wp-json\/wp\/v2\/media?parent=538801"}],"wp:term":[{"taxonomy":"category","embeddable":true,"href":"https:\/\/www.europesays.com\/fr\/wp-json\/wp\/v2\/categories?post=538801"},{"taxonomy":"post_tag","embeddable":true,"href":"https:\/\/www.europesays.com\/fr\/wp-json\/wp\/v2\/tags?post=538801"}],"curies":[{"name":"wp","href":"https:\/\/api.w.org\/{rel}","templated":true}]}}