{"id":538803,"date":"2025-11-16T20:18:16","date_gmt":"2025-11-16T20:18:16","guid":{"rendered":"https:\/\/www.europesays.com\/fr\/538803\/"},"modified":"2025-11-16T20:18:16","modified_gmt":"2025-11-16T20:18:16","slug":"arretez-avec-ca-michel-cymes-recadre-faustine-bollaert-dans-les-enfants-de-la-tele","status":"publish","type":"post","link":"https:\/\/www.europesays.com\/fr\/538803\/","title":{"rendered":"Arr\u00eatez avec \u00e7a\u00a0\u00bb : Michel Cymes recadre Faustine Bollaert dans \u00ab\u00a0Les Enfants de la t\u00e9l\u00e9"},"content":{"rendered":"<p><a href=\"https:\/\/vsd.fr\/tag\/michel-cymes\/\" target=\"_blank\" rel=\"noopener\">Michel Cymes<\/a> a <strong>toujours port\u00e9 assistance aux personnes en danger<\/strong> et souhaite le rappeler pour mettre fin \u00e0 d\u2019\u00e9ventuelles rumeurs. En effet, le c\u00e9l\u00e8bre m\u00e9decin n\u2019a pas h\u00e9sit\u00e9 \u00e0 recadrer <a href=\"https:\/\/www.public.fr\/tag\/faustine-bollaert\" target=\"_blank\" rel=\"noopener\">Faustine Bollaert<\/a> ce dimanche 16 novembre 2025, dans <strong>Les Enfants de la t\u00e9l\u00e9<\/strong>, lorsque celle-ci a \u00e9mis des doutes \u00e0 ce sujet, dans le cadre de la s\u00e9quence \u00ab\u00a0Incroyable mais vrai\u00a0\u00bb.<\/p>\n<p>L\u2019ancien acolyte de Marina Carr\u00e8re d\u2019Encausse dans <strong>le Mag de la sant\u00e9<\/strong> <a href=\"https:\/\/www.public.fr\/jen-ai-eu-assez-jai-debranche-michel-cymes-revient-sur-sa-rupture-davec-adriana-karembeu\" target=\"_blank\" rel=\"noopener\">et d&rsquo;Adriana Karembeu dans <strong>Les Pouvoirs extraordinaires du corps humain<\/strong><\/a>, n\u2019\u00e9tait pas le seul invit\u00e9 de l\u2019animatrice dans le programme de France 2 ce dimanche soir. En effet, <a href=\"https:\/\/www.public.fr\/tag\/titoff\" target=\"_blank\" rel=\"noopener\">les humoristes Titoff<\/a> <a href=\"https:\/\/www.public.fr\/anne-roumanoff-apres-lannonce-de-la-mort-du-pere-de-ses-enfants-des-suites-de-sa-maladie-lautre-epreuve-quelle-doit-affronter\" target=\"_blank\" rel=\"noopener\">et Anne Roumanoff<\/a> se trouvaient \u00e9galement autour de la table. Comme l\u2019artiste Ga\u00ebtan Roussel, ou encore <a href=\"https:\/\/www.public.fr\/agathe-lecaron-fait-ses-adieux-les-maternelles-cest-fini\" target=\"_blank\" rel=\"noopener\">l&rsquo;ancienne pr\u00e9sentatrice des <strong>Maternelles<\/strong>, Agathe Lecaron.\u00a0<\/a><\/p>\n<p>Agathe Lecaron, Titoff et Ga\u00ebtan Roussel, les premiers \u00e0 passer au d\u00e9tecteur<\/p>\n<p>Cette derni\u00e8re a d\u2019ailleurs \u00e9t\u00e9 la premi\u00e8re \u00e0 faire l\u2019objet d\u2019une affirmation vraie ou fausse, avant que Michel Cymes ne s&rsquo;y soumette. \u00ab\u00a0Lors de ses d\u00e9buts \u00e0 la t\u00e9l\u00e9vision belge, elle se faisait interrompre en plein direct \u00e0 Bagdad, vrai ou faux ?\u00a0\u00bb, a demand\u00e9 l\u2019animatrice \u00e0 ses invit\u00e9s, tr\u00e8s divis\u00e9s sur la question. Finalement, l\u2019affirmation s\u2019av\u00e9rait fausse \u00e9tant donn\u00e9 qu\u2019il s\u2019agissait en r\u00e9alit\u00e9 d\u2019un \u00ab\u00a0duplex\u00a0\u00bb depuis des toilettes au cours de son \u00e9mission <strong>Bel &amp; Bien<\/strong>.<\/p>\n<p>Titoff a \u00e9galement fait l\u2019objet de cette s\u00e9quence, tout comme Ga\u00ebtan Roussel d&rsquo;ailleurs vivement moqu\u00e9 pour ses talents en tant que cr\u00eapier. En effet, l\u2019animatrice a demand\u00e9 \u00e0 ses invit\u00e9s si le chanteur du groupe Louise Attaque avait d\u00e9j\u00e0 envisag\u00e9 d\u2019ouvrir une cr\u00eaperie. Pour prouver que cette affirmation n\u2019avait rien de vraie, elle a diffus\u00e9 une vid\u00e9o dans laquelle l\u2019artiste tente de faire une cr\u00eape mais \u00e9choue totalement.\u00a0<\/p>\n<p>Michel Cymes a toujours port\u00e9 assistance aux personnes en danger et souhaite le rappeler<\/p>\n<p>Apr\u00e8s l\u2019humoriste et le chanteur, Michel Cymes a \u00e9t\u00e9 le troisi\u00e8me invit\u00e9 interrog\u00e9 pour cette s\u00e9quence. \u00ab\u00a0Michel, maintenant, vous ne dites rien.<strong> On a d\u00e9j\u00e0 pris<\/strong> <strong>Michel Cymes<\/strong> <strong>en flagrant d\u00e9lit de non-assistance \u00e0 personne en danger\u00a0\u00bb<\/strong>, a alors demand\u00e9 Faustine Bollaert, surprenant le principal int\u00e9ress\u00e9.<\/p>\n<p>\u00ab\u00a0Oui, c&rsquo;est possible\u00a0\u00bb, a l\u00e2ch\u00e9 Anne Roumanoff, s\u00fbre d\u2019elle, avant que Titoff n\u2019en rajoute une couche : \u00ab\u00a0Je dirais m\u00eame plusieurs fois\u00a0\u00bb. Tout comme Agathe Lecaron pr\u00e9sumant une situation ayant eu lieu lors d\u2019une \u00e9mission de t\u00e9l\u00e9vision. \u00ab\u00a0Je ne peux m\u00eame pas vous aider l\u00e0\u00a0\u00bb, est finalement intervenu le m\u00e9decin. \u00ab\u00a0Parce que vous avez aucune id\u00e9e de quoi on parle ?\u00a0\u00bb, a alors r\u00e9torqu\u00e9 Faustine Bollaert face \u00e0 la surprise du principal int\u00e9ress\u00e9\u00a0\u00bb.<\/p>\n<p>R\u00e9pondant par l\u2019affirmative \u00e0 la question de Faustine Bollaert, Michel Cymes a souhait\u00e9 s\u2019expliquer et se d\u00e9fendre : \u00ab\u00a0Franchement, <strong>je ne crois pas, une seule fois dans ma vie, ne pas m&rsquo;\u00eatre arr\u00eat\u00e9 devant un accident<\/strong>, aider quelqu\u2019un qui faisait un malaise. Jamais. Je vous assure\u00a0\u00bb. <strong>\u00ab\u00a0Donc, arr\u00eatez avec \u00e7a, s&rsquo;il vous pla\u00eet\u00a0\u00bb<\/strong>, a finalement l\u00e2ch\u00e9 le m\u00e9decin en recardant l\u2019animatrice des <strong>Enfants de la t\u00e9l\u00e9<\/strong> avec humour. <\/p>\n<p>\u00ab\u00a0Mais est-ce que vous avez d\u00e9j\u00e0 laiss\u00e9 tomber une copine qui est en plein fou rire et vous la l\u00e2chez compl\u00e8tement ?\u00a0\u00bb, a finalement pr\u00e9cis\u00e9 Faustine Bollaert pour expliquer qu\u2019il s\u2019agissait en r\u00e9alit\u00e9 d\u2019un fou rire de Marina Carr\u00e8re d\u2019Encausse dans <strong>Le Mag de la sant\u00e9<\/strong>, durant lequel Michel Cymes n\u2019a pas r\u00e9ussi \u00e0 l\u2019aider pour reprendre ses esprits : \u00ab\u00a0Ha oui, \u00e7a tr\u00e8s souvent avec Marina, oui, tr\u00e8s souvent\u00a0\u00bb.<\/p>\n<p>\n          Hits &amp; People en continu\n        <\/p>\n<p>\n          Public Radio\n        <\/p>\n<p>      Mentionn\u00e9s dans cet article<\/p>\n<p>      Sur le m\u00eame sujet<\/p>\n","protected":false},"excerpt":{"rendered":"Michel Cymes a toujours port\u00e9 assistance aux personnes en danger et souhaite le rappeler pour mettre fin \u00e0&hellip;\n","protected":false},"author":2,"featured_media":538804,"comment_status":"","ping_status":"","sticky":false,"template":"","format":"standard","meta":{"footnotes":""},"categories":[1356],"tags":[24726,35415,58,59,6308,1011,27,20223,11712,252,11988,1364],"class_list":{"0":"post-538803","1":"post","2":"type-post","3":"status-publish","4":"format-standard","5":"has-post-thumbnail","7":"category-television","8":"tag-agathe-lecaron","9":"tag-anne-roumanoff","10":"tag-divertissement","11":"tag-entertainment","12":"tag-faustine-bollaert","13":"tag-fr","14":"tag-france","15":"tag-les-enfants-de-la-tele","16":"tag-michel-cymes","17":"tag-television","18":"tag-titoff","19":"tag-tv"},"share_on_mastodon":{"url":"https:\/\/pubeurope.com\/@fr\/115561228165342687","error":""},"_links":{"self":[{"href":"https:\/\/www.europesays.com\/fr\/wp-json\/wp\/v2\/posts\/538803","targetHints":{"allow":["GET"]}}],"collection":[{"href":"https:\/\/www.europesays.com\/fr\/wp-json\/wp\/v2\/posts"}],"about":[{"href":"https:\/\/www.europesays.com\/fr\/wp-json\/wp\/v2\/types\/post"}],"author":[{"embeddable":true,"href":"https:\/\/www.europesays.com\/fr\/wp-json\/wp\/v2\/users\/2"}],"replies":[{"embeddable":true,"href":"https:\/\/www.europesays.com\/fr\/wp-json\/wp\/v2\/comments?post=538803"}],"version-history":[{"count":0,"href":"https:\/\/www.europesays.com\/fr\/wp-json\/wp\/v2\/posts\/538803\/revisions"}],"wp:featuredmedia":[{"embeddable":true,"href":"https:\/\/www.europesays.com\/fr\/wp-json\/wp\/v2\/media\/538804"}],"wp:attachment":[{"href":"https:\/\/www.europesays.com\/fr\/wp-json\/wp\/v2\/media?parent=538803"}],"wp:term":[{"taxonomy":"category","embeddable":true,"href":"https:\/\/www.europesays.com\/fr\/wp-json\/wp\/v2\/categories?post=538803"},{"taxonomy":"post_tag","embeddable":true,"href":"https:\/\/www.europesays.com\/fr\/wp-json\/wp\/v2\/tags?post=538803"}],"curies":[{"name":"wp","href":"https:\/\/api.w.org\/{rel}","templated":true}]}}