{"id":538805,"date":"2025-11-16T20:19:15","date_gmt":"2025-11-16T20:19:15","guid":{"rendered":"https:\/\/www.europesays.com\/fr\/538805\/"},"modified":"2025-11-16T20:19:15","modified_gmt":"2025-11-16T20:19:15","slug":"ma-fille-victoria-est-nee-quand","status":"publish","type":"post","link":"https:\/\/www.europesays.com\/fr\/538805\/","title":{"rendered":"Ma fille Victoria est n\u00e9e quand\u2026"},"content":{"rendered":"<p>\n                            Fr\u00e9d\u00e9ric Fran\u00e7ois, attendu prochainement sur la sc\u00e8ne de l&rsquo;Olympia, a livr\u00e9 un souvenir touchant et personnel li\u00e9 \u00e0 la naissance de sa fille Victoria.<\/p>\n<p>\u00c0 75\u00a0ans, <a href=\"https:\/\/www.journaldesfemmes.fr\/people\/personnalites\/2926685-frederic-francois-age-vie-privee-femme\/\" title=\"Fr\u00e9d\u00e9ric Fran\u00e7ois\" target=\"_blank\" rel=\"noopener\">Fr\u00e9d\u00e9ric Fran\u00e7ois<\/a> est l&rsquo;idole de toute une g\u00e9n\u00e9ration. Apr\u00e8s 40\u00a0ans de carri\u00e8re, il continue de remplir des salles partout en France, mais \u00e9galement en Belgique et en Suisse o\u00f9 il est une v\u00e9ritable star.\u00a0<\/p>\n<p>Fr\u00e9d\u00e9ric Fran\u00e7ois\u00a0: l&rsquo;incroyable histoire de la naissance de sa fille<\/p>\n<p>Le 16\u00a0novembre prochain, il se produira une nouvelle fois \u00e0 l&rsquo;Olympia o\u00f9 il a d\u00e9j\u00e0 jou\u00e9 pas moins de 18\u00a0fois. Mais chacun de ses passages est un \u00e9v\u00e8nement pour lui, tant il entretient un lien sp\u00e9cial avec cette salle&#8230; Et pour cause : c&rsquo;est ici qu&rsquo;il a appris la naissance de sa fille Victoria\u00a0!<\/p>\n<p>Une anecdote que l&rsquo;interpr\u00e8te de Mon c\u0153ur te dit je t&rsquo;aime a r\u00e9cemment racont\u00e9 sur les ondes de RMC\u00a0: \u00ab\u00a0C&rsquo;est la v\u00e9rit\u00e9, je vous jure que c&rsquo;est la v\u00e9rit\u00e9. On avait demand\u00e9 de mettre un t\u00e9l\u00e9phone et une ligne sp\u00e9ciale raccord\u00e9e \u00e0 l&rsquo;h\u00f4pital, je ne sais plus lequel, en Belgique. Et donc je faisais mes sorties, je courrais dans ma loge, je faisais vite le num\u00e9ro de t\u00e9l\u00e9phone et on me disait &lsquo;toujours rien.'\u00a0\u00bb<\/p>\n<p><a class=\"fancy\" href=\"https:\/\/img-3.journaldesfemmes.fr\/w9_586NnjjDsF9X8DsK74BGPIFQ=\/1080x\/smart\/1657d97d2f8e45978b716468770d427e\/ccmcms-jdf\/40054310.jpg\" target=\"_blank\" rel=\"noopener\"><img decoding=\"async\" alt=\"\" src=\"https:\/\/www.europesays.com\/fr\/wp-content\/uploads\/2025\/11\/40054310.jpg\"\/><\/a><\/p>\n<p>Fr\u00e9d\u00e9ric Fran\u00e7ois et sa femme Monique \u00a9\u00a0SIPA <\/p>\n<p>Et \u00e0 Fr\u00e9d\u00e9ric Fran\u00e7ois de poursuivre\u00a0: \u00ab\u00a0Et en fait, la derni\u00e8re chanson, quand je chante &lsquo;Je t&rsquo;aime \u00e0 l&rsquo;italienne&rsquo;, je repars en coulisses, bien s\u00fbr c&rsquo;est \u00e0 la fin, et on me dit &lsquo;Voil\u00e0, c&rsquo;est une petite-fille et elle s&rsquo;appelle Victoria'\u00a0\u00bb. Avant de conclure cette belle anecdote\u00a0: \u00ab\u00a0Et le lendemain, je prenais un avion priv\u00e9 pour aller \u00e0 la clinique bien s\u00fbr f\u00e9liciter ma femme et faire des photos avec Victoria. Et je revenais \u00e0 Paris parce que j&rsquo;avais un spectacle \u00e0 l&rsquo;Olympia\u00a0\u00bb.\u00a0<\/p>\n<p>Fr\u00e9d\u00e9ric Fran\u00e7ois et sa femme ont v\u00e9cu un \u00ab\u00a0\u00e9v\u00e9nement douloureux\u00a0\u00bb\u00a0: \u00ab\u00a0On avait commenc\u00e9 \u00e0 tout pr\u00e9parer\u00a0\u00bb<\/p>\n<p>Mari\u00e9 depuis 55\u00a0ans \u00e0 sa discr\u00e8te femme Monique, Fr\u00e9d\u00e9ric Fran\u00e7ois coule des jours heureux avec son premier et unique amour \u00e0 qui il a dit oui un an seulement apr\u00e8s leur rencontre en Belgique, leur pays natal. Ensemble, ils ont eu quatre enfants\u00a0: Gloria, Vincent, Anthony et Victoria.\u00a0Mais le couple a \u00e9galement v\u00e9cu une \u00e9preuve extr\u00eamement difficile\u00a0: une fausse couche tardive alors que Monique \u00e9tait enceinte de jumeaux.<\/p>\n<p>\u00ab\u00a0\u00c7a a \u00e9t\u00e9 un \u00e9v\u00e9nement douloureux. On avait commenc\u00e9 \u00e0 tout pr\u00e9parer pour leur arriv\u00e9e. Puis, on a d\u00fb aller \u00e0 l&rsquo;h\u00f4pital en urgence, et\u00a0on nous a annonc\u00e9 qu&rsquo;on les avais perdus. Il a fallu du temps pour s&rsquo;en remettre. Il y a eu une phase de d\u00e9pression, c&rsquo;\u00e9tait un cauchemar.\u00a0On a d\u00e9cid\u00e9 tr\u00e8s vite d&rsquo;avoir un autre enfant.\u00a0C&rsquo;est ainsi que Victoria est arriv\u00e9e. \u00c7a a permis d&rsquo;att\u00e9nuer la douleur. Mais une perte pareille ne s&rsquo;oublie pas\u00a0\u00bb, a d\u00e9clar\u00e9 le chanteur dans les colonnes de Cin\u00e9 T\u00e9l\u00e9 Revue.\u00a0<\/p>\n","protected":false},"excerpt":{"rendered":"Fr\u00e9d\u00e9ric Fran\u00e7ois, attendu prochainement sur la sc\u00e8ne de l&rsquo;Olympia, a livr\u00e9 un souvenir touchant et personnel li\u00e9 \u00e0&hellip;\n","protected":false},"author":2,"featured_media":538806,"comment_status":"","ping_status":"","sticky":false,"template":"","format":"standard","meta":{"footnotes":""},"categories":[1355],"tags":[3723,65756,51761,58,59,51763,1011,27,28443,51766,1361,873,51767],"class_list":{"0":"post-538805","1":"post","2":"type-post","3":"status-publish","4":"format-standard","5":"has-post-thumbnail","7":"category-musique","8":"tag-actus","9":"tag-cms-journaldesfemmes-3247120","10":"tag-controller-content","11":"tag-divertissement","12":"tag-entertainment","13":"tag-format-papier","14":"tag-fr","15":"tag-france","16":"tag-frederic-francois","17":"tag-les-histoires-du-jdf","18":"tag-music","19":"tag-musique","20":"tag-parallaxeinfeed"},"share_on_mastodon":{"url":"https:\/\/pubeurope.com\/@fr\/115561232864450912","error":""},"_links":{"self":[{"href":"https:\/\/www.europesays.com\/fr\/wp-json\/wp\/v2\/posts\/538805","targetHints":{"allow":["GET"]}}],"collection":[{"href":"https:\/\/www.europesays.com\/fr\/wp-json\/wp\/v2\/posts"}],"about":[{"href":"https:\/\/www.europesays.com\/fr\/wp-json\/wp\/v2\/types\/post"}],"author":[{"embeddable":true,"href":"https:\/\/www.europesays.com\/fr\/wp-json\/wp\/v2\/users\/2"}],"replies":[{"embeddable":true,"href":"https:\/\/www.europesays.com\/fr\/wp-json\/wp\/v2\/comments?post=538805"}],"version-history":[{"count":0,"href":"https:\/\/www.europesays.com\/fr\/wp-json\/wp\/v2\/posts\/538805\/revisions"}],"wp:featuredmedia":[{"embeddable":true,"href":"https:\/\/www.europesays.com\/fr\/wp-json\/wp\/v2\/media\/538806"}],"wp:attachment":[{"href":"https:\/\/www.europesays.com\/fr\/wp-json\/wp\/v2\/media?parent=538805"}],"wp:term":[{"taxonomy":"category","embeddable":true,"href":"https:\/\/www.europesays.com\/fr\/wp-json\/wp\/v2\/categories?post=538805"},{"taxonomy":"post_tag","embeddable":true,"href":"https:\/\/www.europesays.com\/fr\/wp-json\/wp\/v2\/tags?post=538805"}],"curies":[{"name":"wp","href":"https:\/\/api.w.org\/{rel}","templated":true}]}}