{"id":538821,"date":"2025-11-16T20:27:12","date_gmt":"2025-11-16T20:27:12","guid":{"rendered":"https:\/\/www.europesays.com\/fr\/538821\/"},"modified":"2025-11-16T20:27:12","modified_gmt":"2025-11-16T20:27:12","slug":"france-travail-les-allocations-chomage-suspendues-en-france-pour-certains-comptes-bancaires-ce-que-le-senat-a-vote","status":"publish","type":"post","link":"https:\/\/www.europesays.com\/fr\/538821\/","title":{"rendered":"France Travail : les allocations ch\u00f4mage suspendues en France pour certains comptes bancaires, ce que le S\u00e9nat a vot\u00e9"},"content":{"rendered":"<p>Votre allocation peut-elle \u00eatre mise en pause si votre RIB n\u2019est<br \/>\npas fran\u00e7ais ? Le 13 novembre, les s\u00e9nateurs ont adopt\u00e9 un<br \/>\ndispositif qui durcit les r\u00e8gles de versement et arme davantage<br \/>\n<strong>France Travail<\/strong> pour d\u00e9tecter la fraude. Entre IBAN<br \/>\n\u00e9tranger et v\u00e9rification de r\u00e9sidence, le ton se durcit, sans que<br \/>\nla loi ne soit encore promulgu\u00e9e.<\/p>\n<p>Dans le projet de loi contre les fraudes sociales et fiscales<br \/>\nexamin\u00e9 depuis le 12 novembre, une mesure conditionne d\u00e9sormais le<br \/>\nversement des <strong>allocations ch\u00f4mage<\/strong> \u00e0 la<br \/>\ndomiciliation d\u2019un <strong>compte bancaire<\/strong> en France ou<br \/>\ndans l\u2019<strong>Union europ\u00e9enne<\/strong>. Les s\u00e9nateurs ont aussi<br \/>\nvalid\u00e9 de nouveaux moyens d\u2019enqu\u00eate sur la r\u00e9sidence des<br \/>\nallocataires. Le vote final au S\u00e9nat est pr\u00e9vu mardi 18 novembre,<br \/>\navant un passage \u00e0 l\u2019Assembl\u00e9e nationale. Ce qui peut changer pour<br \/>\nvous.<\/p>\n<p>France Travail, compte bancaire et allocations : ce que le<br \/>\nS\u00e9nat a vot\u00e9<\/p>\n<p>Le texte adopt\u00e9 conditionne l\u2019indemnisation au fait de percevoir<br \/>\nses versements sur un compte domicili\u00e9 en France ou dans l\u2019Union<br \/>\neurop\u00e9enne. Pour justifier ce changement, le ministre du Travail<br \/>\nJean-Pierre Farandou a d\u00e9clar\u00e9 : \u00ab\u00a0La possession d&rsquo;un compte<br \/>\nbancaire domicili\u00e9 \u00e0 l&rsquo;\u00e9tranger constitue un indice de r\u00e9sidence ou<br \/>\nd&rsquo;exercice d&rsquo;activit\u00e9 \u00e0 l&rsquo;\u00e9tranger potentiellement non d\u00e9clar\u00e9s \u00e0<br \/>\nFrance Travail\u00a0\u00bb, a-t-il justifi\u00e9. \u00ab\u00a0Cette situation peut aussi<br \/>\ncompromettre la capacit\u00e9 de l&rsquo;op\u00e9rateur \u00e0 recouvrer des indus\u00a0\u00bb,<br \/>\na-t-il ajout\u00e9.<\/p>\n<p>Autre volet, le renforcement des contr\u00f4les de r\u00e9sidence : France<br \/>\nTravail pourrait consulter des <strong>relev\u00e9s<br \/>\nt\u00e9l\u00e9phoniques<\/strong> aupr\u00e8s des op\u00e9rateurs et interroger le<br \/>\nfichier des <strong>compagnies a\u00e9riennes<\/strong>. En cas de<br \/>\nsoup\u00e7ons, l\u2019op\u00e9rateur \u00ab\u00a0pourrait suspendre \u00e0 titre conservatoire<br \/>\nl\u2019ensemble des allocations lorsque \u00ab\u00a0plusieurs indices s\u00e9rieux de<br \/>\nman\u0153uvres frauduleuses\u00a0\u00bb sont observ\u00e9s\u00a0\u00bb. \u00ab\u00a0France Travail nous<br \/>\ndemande des outils. On lui donne des outils pour pouvoir<br \/>\ncontr\u00f4ler\u00a0\u00bb, a d\u00e9clar\u00e9 la s\u00e9natrice Les R\u00e9publicains Fr\u00e9d\u00e9rique<br \/>\nPuissat, \u00e0 l\u2019origine de la mesure, selon Midi Libre. Elle y voit le<br \/>\n\u00ab\u00a0premier motif de fraude\u00a0\u00bb d\u00e9tect\u00e9 par France Travail en 2024, sur<br \/>\nun montant global de <strong>136 millions d\u2019euros<\/strong>.<\/p>\n<p>Qui est concern\u00e9, quels contr\u00f4les et<br \/>\nquel calendrier<\/p>\n<p>La gauche critique une ligne jug\u00e9e trop intrusive. \u00ab\u00a0C\u2019est<br \/>\nintroduire une forme de surveillance g\u00e9n\u00e9ralis\u00e9e des demandeurs<br \/>\nd\u2019emploi assimil\u00e9s \u00e0 des fraudeurs potentiels\u00a0\u00bb, a lanc\u00e9 le<br \/>\nsocialiste Jean-Luc Fichet, selon Midi Libre. L\u2019\u00e9cologiste Raymonde<br \/>\nPoncet Monge a craint un \u00ab\u00a0pr\u00e9c\u00e9dent dangereux pour les libert\u00e9s<br \/>\nindividuelles\u00a0\u00bb, selon le m\u00eame m\u00e9dia. C\u00f4t\u00e9 droite, les partisans du<br \/>\ntexte d\u00e9fendent un levier de recouvrement jug\u00e9 plus simple quand<br \/>\nles versements transitent par un compte fran\u00e7ais ou europ\u00e9en.<\/p>\n<p>Les inqui\u00e9tudes portent aussi sur les frontaliers et<br \/>\nsaisonniers. \u00ab\u00a0On cr\u00e9e un dispositif pour un probl\u00e8me qui n&rsquo;existe<br \/>\npas. Cette mesure p\u00e9nalise d&rsquo;abord les travailleurs<br \/>\ntransfrontaliers, les saisonniers, les int\u00e9rimaires et les<br \/>\npr\u00e9caires install\u00e9s dans les zones frontali\u00e8res\u00a0\u00bb, a regrett\u00e9 la<br \/>\ncommuniste Silvana Silvani, selon MoneyVox. Au-del\u00e0 du ch\u00f4mage, les<br \/>\ns\u00e9nateurs ont \u00e9galement adopt\u00e9 l\u2019obligation pour les titulaires du<br \/>\nCPF de se pr\u00e9senter aux \u00e9preuves de certification, sauf \u00ab\u00a0motif<br \/>\nl\u00e9gitime\u00a0\u00bb. L\u2019ensemble du projet sera soumis au vote final du S\u00e9nat<br \/>\nle 18 novembre, puis poursuivra sa navette \u00e0 l\u2019Assembl\u00e9e. Selon<br \/>\nMidi Libre, la r\u00e9forme pourrait rapporter <strong>2,3 milliards<br \/>\nd\u2019euros<\/strong> d\u00e8s 2026. Rien n\u2019est donc encore en vigueur,<br \/>\nseulment \u00e0 ce stade.<\/p>\n","protected":false},"excerpt":{"rendered":"Votre allocation peut-elle \u00eatre mise en pause si votre RIB n\u2019est pas fran\u00e7ais ? Le 13 novembre, les&hellip;\n","protected":false},"author":2,"featured_media":538822,"comment_status":"","ping_status":"","sticky":false,"template":"","format":"standard","meta":{"footnotes":""},"categories":[4],"tags":[11,523,21303,674,1011,27,418,12,316,25],"class_list":{"0":"post-538821","1":"post","2":"type-post","3":"status-publish","4":"format-standard","5":"has-post-thumbnail","7":"category-france","8":"tag-actualites","9":"tag-banque","10":"tag-buzz_nonli","11":"tag-europe","12":"tag-fr","13":"tag-france","14":"tag-gouvernement","15":"tag-news","16":"tag-politique","17":"tag-republique-francaise"},"share_on_mastodon":{"url":"https:\/\/pubeurope.com\/@fr\/115561263551621774","error":""},"_links":{"self":[{"href":"https:\/\/www.europesays.com\/fr\/wp-json\/wp\/v2\/posts\/538821","targetHints":{"allow":["GET"]}}],"collection":[{"href":"https:\/\/www.europesays.com\/fr\/wp-json\/wp\/v2\/posts"}],"about":[{"href":"https:\/\/www.europesays.com\/fr\/wp-json\/wp\/v2\/types\/post"}],"author":[{"embeddable":true,"href":"https:\/\/www.europesays.com\/fr\/wp-json\/wp\/v2\/users\/2"}],"replies":[{"embeddable":true,"href":"https:\/\/www.europesays.com\/fr\/wp-json\/wp\/v2\/comments?post=538821"}],"version-history":[{"count":0,"href":"https:\/\/www.europesays.com\/fr\/wp-json\/wp\/v2\/posts\/538821\/revisions"}],"wp:featuredmedia":[{"embeddable":true,"href":"https:\/\/www.europesays.com\/fr\/wp-json\/wp\/v2\/media\/538822"}],"wp:attachment":[{"href":"https:\/\/www.europesays.com\/fr\/wp-json\/wp\/v2\/media?parent=538821"}],"wp:term":[{"taxonomy":"category","embeddable":true,"href":"https:\/\/www.europesays.com\/fr\/wp-json\/wp\/v2\/categories?post=538821"},{"taxonomy":"post_tag","embeddable":true,"href":"https:\/\/www.europesays.com\/fr\/wp-json\/wp\/v2\/tags?post=538821"}],"curies":[{"name":"wp","href":"https:\/\/api.w.org\/{rel}","templated":true}]}}