{"id":538835,"date":"2025-11-16T20:35:11","date_gmt":"2025-11-16T20:35:11","guid":{"rendered":"https:\/\/www.europesays.com\/fr\/538835\/"},"modified":"2025-11-16T20:35:11","modified_gmt":"2025-11-16T20:35:11","slug":"intemperies-un-homme-porte-disparu-en-ardeche-les-recherches-interrompues","status":"publish","type":"post","link":"https:\/\/www.europesays.com\/fr\/538835\/","title":{"rendered":"Intemp\u00e9ries\u00a0: un homme port\u00e9 disparu en Ard\u00e8che, les recherches interrompues"},"content":{"rendered":"<p>Un septuag\u00e9naire est port\u00e9 disparu\u00a0\u00e0 Saint-Vincent-de-Barr\u00e8s (Ard\u00e8che) ce dimanche 16\u00a0novembre 2025, alors que <a href=\"https:\/\/rennes.maville.com\/actu\/actudet_-pluie-inondation-trois-departements-restent-places-en-vigilance-orange-cet-apres-midi-_9580-7065939_actu.Htm\" target=\"_self\" rel=\"noopener\">le d\u00e9partement \u00e9tait plac\u00e9 en vigilance orange pluie-inondation jusqu\u2019\u00e0 la mi-journ\u00e9e<\/a>.\u00a0Cet habitant de la commune, \u00e2g\u00e9 de 76\u00a0ans, voulait <strong>\u00ab\u00a0\u00e9loigner son v\u00e9hicule de la berge\u00a0\u00bb<\/strong> quand il a vu, vers 10h30, que le niveau du Rieutord <strong>\u00ab\u00a0montait tr\u00e8s fort\u00a0\u00bb<\/strong>, a expliqu\u00e9 \u00e0 l\u2019AFP le maire de la petite commune, Paul Savatier.<\/p>\n<p>Sa femme, ne le voyant pas revenir, a signal\u00e9 sa disparition. Selon   <a href=\"https:\/\/www.tf1info.fr\/meteo\/intemperies-pluie-inondation-un-septuagenaire-homme-78-ans-porte-disparu-en-ardeche-des-recherches-en-cours-2407003.html\" target=\"_blank\" rel=\"noopener\">LCI<\/a>  , l\u2019homme aurait chut\u00e9 dans la rivi\u00e8re, qui l\u2019aurait emport\u00e9.<\/p>\n<p>D\u2019importants moyens d\u00e9ploy\u00e9s pour le retrouver<\/p>\n<p>Quarante sapeurs-pompiers sont mobilis\u00e9s, dont 10\u00a0sauveteurs en milieu nautique, et une quinzaine de gendarmes, des drones et un h\u00e9licopt\u00e8re Dragon de la s\u00e9curit\u00e9 civile.\u00a0Les recherches ont \u00e9t\u00e9 suspendues pour la nuit et reprendront d\u00e8s l\u2019aube lundi, selon la pr\u00e9fecture.<\/p>\n<p>Seule la voiture de cet homme a \u00e9t\u00e9 retrouv\u00e9e \u00e0 quelques kilom\u00e8tres en aval dans le Rieutord, un affluent de l\u2019Ard\u00e8che, <strong>\u00ab\u00a0dans un \u00e9tat tr\u00e8s d\u00e9grad\u00e9\u00a0\u00bb<\/strong>, a annonc\u00e9 \u00e0 l\u2019AFP la pr\u00e9fecture.<\/p>\n<p>\u00a0<\/p>\n","protected":false},"excerpt":{"rendered":"Un septuag\u00e9naire est port\u00e9 disparu\u00a0\u00e0 Saint-Vincent-de-Barr\u00e8s (Ard\u00e8che) ce dimanche 16\u00a0novembre 2025, alors que le d\u00e9partement \u00e9tait plac\u00e9 en&hellip;\n","protected":false},"author":2,"featured_media":538836,"comment_status":"","ping_status":"","sticky":false,"template":"","format":"standard","meta":{"footnotes":""},"categories":[9619],"tags":[1111,11,4646,5796,1777,674,1011,27,4933,3059,43358,12,5396,882,10468,25,2310],"class_list":{"0":"post-538835","1":"post","2":"type-post","3":"status-publish","4":"format-standard","5":"has-post-thumbnail","7":"category-toulon","8":"tag-actu","9":"tag-actualites","10":"tag-ardeche","11":"tag-disparu","12":"tag-eu","13":"tag-europe","14":"tag-fr","15":"tag-france","16":"tag-homme","17":"tag-intemperies","18":"tag-interrompues","19":"tag-news","20":"tag-porte","21":"tag-provence-alpes-cote-dazur","22":"tag-recherches","23":"tag-republique-francaise","24":"tag-toulon"},"share_on_mastodon":{"url":"https:\/\/pubeurope.com\/@fr\/115561295044875867","error":""},"_links":{"self":[{"href":"https:\/\/www.europesays.com\/fr\/wp-json\/wp\/v2\/posts\/538835","targetHints":{"allow":["GET"]}}],"collection":[{"href":"https:\/\/www.europesays.com\/fr\/wp-json\/wp\/v2\/posts"}],"about":[{"href":"https:\/\/www.europesays.com\/fr\/wp-json\/wp\/v2\/types\/post"}],"author":[{"embeddable":true,"href":"https:\/\/www.europesays.com\/fr\/wp-json\/wp\/v2\/users\/2"}],"replies":[{"embeddable":true,"href":"https:\/\/www.europesays.com\/fr\/wp-json\/wp\/v2\/comments?post=538835"}],"version-history":[{"count":0,"href":"https:\/\/www.europesays.com\/fr\/wp-json\/wp\/v2\/posts\/538835\/revisions"}],"wp:featuredmedia":[{"embeddable":true,"href":"https:\/\/www.europesays.com\/fr\/wp-json\/wp\/v2\/media\/538836"}],"wp:attachment":[{"href":"https:\/\/www.europesays.com\/fr\/wp-json\/wp\/v2\/media?parent=538835"}],"wp:term":[{"taxonomy":"category","embeddable":true,"href":"https:\/\/www.europesays.com\/fr\/wp-json\/wp\/v2\/categories?post=538835"},{"taxonomy":"post_tag","embeddable":true,"href":"https:\/\/www.europesays.com\/fr\/wp-json\/wp\/v2\/tags?post=538835"}],"curies":[{"name":"wp","href":"https:\/\/api.w.org\/{rel}","templated":true}]}}