{"id":538837,"date":"2025-11-16T20:36:30","date_gmt":"2025-11-16T20:36:30","guid":{"rendered":"https:\/\/www.europesays.com\/fr\/538837\/"},"modified":"2025-11-16T20:36:30","modified_gmt":"2025-11-16T20:36:30","slug":"dans-lherault-une-experience-sensorielle-radicale-autour-dun-repas-sans-lumiere","status":"publish","type":"post","link":"https:\/\/www.europesays.com\/fr\/538837\/","title":{"rendered":"dans l\u2019H\u00e9rault, une exp\u00e9rience sensorielle radicale autour d\u2019un repas sans lumi\u00e8re"},"content":{"rendered":"<p>                    Par<br \/>\n        <strong><br \/>\n            <a href=\"https:\/\/actu.fr\/auteur\/lea-pippinato\" title=\"Consulter tous les articles de L\u00e9a Pippinato\" target=\"_blank\" rel=\"noopener\">L\u00e9a Pippinato<\/a><br \/>\n                    <\/strong><\/p>\n<p>        Publi\u00e9 le<\/p>\n<p>            16 nov. 2025 \u00e0 20h49        <\/p>\n<p>Quand la salle s\u2019est \u00e9teinte, le silence a dur\u00e9 trois secondes. Puis un couteau a gliss\u00e9, un verre a tint\u00e9. C\u2019est l\u00e0 que tout a vraiment commenc\u00e9. Au Pasino de La Grande-Motte, la grande soir\u00e9e Les \u00c9toiles Dans Le Noir 2025 a rassembl\u00e9 <strong>300 acteurs \u00e9conomiques <\/strong>au profit de France D\u00e9fi Vision. Le gala a propos\u00e9 un concert de jazz, une vente aux ench\u00e8res et une exp\u00e9rience rare : un d\u00eener gastronomique dans l\u2019obscurit\u00e9 absolue. Pas de lumi\u00e8re tamis\u00e9e, pas de halo r\u00e9siduel. Les invit\u00e9s ont port\u00e9 un bandeau sur les yeux.<\/p>\n<p>    <a href=\"https:\/\/www.google.com\/maps\/embed?pb=!1m18!1m12!1m3!1d5782.220401999947!2d4.078290476457708!3d43.56258677110647!2m3!1f0!2f0!3f0!3m2!1i1024!2i768!4f13.1!3m3!1m2!1s0x12b697f3e8edd229%3A0x983a4968ecf56c4f!2sPasino%20Partouche%20Grande%20Motte!5e0!3m2!1sfr!2sfr!4v1763224152547!5m2!1sfr!2sfr\" title=\"Ouvrie le lien\" target=\"_blank\" rel=\"noopener\">Cliquez ici pour visualiser le contenu<\/a><\/p>\n<p class=\" wall-content\">Cette immersion avait un but clair. Elle ouvrait une fen\u00eatre sur le quotidien des personnes atteintes de d\u00e9ficience visuelle. \u00ab\u00a0Nous voulions une sensibilisation directe, sans discours th\u00e9oriques. Nous avons mis\u00e9 sur le v\u00e9cu\u00a0\u00bb, a expliqu\u00e9 l\u2019organisateur J\u00e9r\u00f4me Boscus, vice-pr\u00e9sident de France D\u00e9fi Vision.<\/p>\n<p>Un d\u00eener dans un noir complet qui bouscule<\/p>\n<p class=\" wall-content\">Une fois les yeux couverts, la salle a bascul\u00e9 dans un monde sans rep\u00e8res. Le bruit est devenu plus fort. Le public a entendu les couverts, les verres, les chaises. Chaque choc semblait amplifi\u00e9. Les conversations ont perdu leur fluidit\u00e9. S\u2019adresser \u00e0 une personne inconnue sans voir son visage a perturb\u00e9 de nombreux convives. Il \u00e9tait difficile d\u2019identifier une voix, de savoir si elle venait de la gauche ou de la droite. Certains ont h\u00e9sit\u00e9 avant de r\u00e9pondre. Les chefs Jacques Mazerand, G\u00e9rard Cabiron et Alexandre Caillaud avaient construit le menu pour cr\u00e9er ces surprises. Le traiteur Fr\u00e9d\u00e9ric Husser en a assur\u00e9 la r\u00e9alisation.<\/p>\n<p>    <img   decoding=\"async\" loading=\"lazy\" src=\"https:\/\/www.europesays.com\/fr\/wp-content\/uploads\/2025\/11\/tempimageam8iny-960x640.jpg\" alt=\"Les invit\u00e9s tentent d\u2019identifier les textures et les saveurs sans rep\u00e8re visuel.\" width=\"960\" height=\"640\"\/><br \/>\n    Les invit\u00e9s tentent d\u2019identifier les textures et les saveurs sans rep\u00e8re visuel. (\u00a9M\u00e9tropolitain \/ LP)Vid\u00e9os : en ce moment sur Actu<\/p>\n<p class=\" wall-content\">Le gala a propos\u00e9 une tombola dot\u00e9e de <strong>plus de 6000 euros de lots<\/strong> : nuit\u00e9es, repas dans les plus grandes tables r\u00e9gionales, activit\u00e9s culturelles, loisirs et deux v\u00e9los \u00e9lectriques d\u2019une valeur totale de 1500 euros. \u00ab\u00a0Les billets sont \u00e0 30 euros. Le re\u00e7u fiscal ram\u00e8ne ce montant \u00e0 dix euros. C\u2019est un geste pour une cause essentielle\u00a0\u00bb, a rappel\u00e9 J\u00e9r\u00f4me Boscus. Le caricaturiste Dadou a apport\u00e9 une touche plus l\u00e9g\u00e8re. Il a croqu\u00e9 convives et personnalit\u00e9s tout au long de la soir\u00e9e. \u00ab\u00a0Venez me voir, je pourrai vous dessiner ou partir de vos photos. C\u2019est peut-\u00eatre l\u2019occasion de pr\u00e9parer un cadeau !\u00a0\u00bb Une partie de la vente de ses dessins et de son dernier livre sur les Jeux Olympiques a \u00e9t\u00e9 revers\u00e9e \u00e0 l\u2019association.<\/p>\n<p>    <img   decoding=\"async\" loading=\"lazy\" src=\"https:\/\/www.europesays.com\/fr\/wp-content\/uploads\/2025\/11\/tempimagei0l4zy-960x640.jpg\" alt=\"Le caricaturiste Dadou r\u00e9alise un dessin en direct devant les participants.\" width=\"960\" height=\"640\"\/><br \/>\n    Le caricaturiste Dadou r\u00e9alise un dessin en direct devant les participants. (\u00a9M\u00e9tropolitain \/ LP)<\/p>\n<p>Votre r\u00e9gion, votre actu !<\/p>\n<p>Recevez chaque jour les infos qui comptent pour vous.<\/p>\n<p>\t<a href=\"https:\/\/actu.fr\/newsletter\" class=\"ac-btn ac-btn--corner ac-btn--medium ac-btn--blue800\" target=\"_blank\" rel=\"noopener\">S&rsquo;incrire<\/a><br \/>\nUn projet majeur pour l\u2019Occitanie<\/p>\n<p class=\" wall-content\">L\u2019annonce centrale de la soir\u00e9e a concern\u00e9 la cr\u00e9ation de l\u2019\u00c9cole de chiens guides et d\u2019assistance Montpellier Occitanie. Elle ouvrira <strong>en janvier<\/strong> et formera des chiens guides, mais aussi des chiens d\u2019assistance pour d\u2019autres handicaps et troubles. Les locaux seront mis \u00e0 disposition par la Ville de Montpellier, le projet, parrain\u00e9 par Patrice Canayer. Thierry Jammes, pr\u00e9sident de France D\u00e9fi Vision, a soulign\u00e9 l\u2019urgence : \u00ab\u00a0En Occitanie, il faut aller \u00e0 Marseille ou Toulouse pour obtenir un chien-guide. Le d\u00e9lai d\u00e9passe souvent deux ans. Nous voulons le r\u00e9duire. Une autonomie ne peut pas attendre deux ans.\u00a0\u00bb Le gala a permis de d\u00e9gager <strong>environ 30 000 euros.<\/strong><\/p>\n<p>    <img   decoding=\"async\" loading=\"lazy\" src=\"https:\/\/www.europesays.com\/fr\/wp-content\/uploads\/2025\/11\/tempimagerolzel-960x640.jpg\" alt=\"J\u00e9r\u00f4me Boscus pr\u00e9sente les objectifs du gala devant les invit\u00e9s.\" width=\"960\" height=\"640\"\/><br \/>\n    J\u00e9r\u00f4me Boscus pr\u00e9sente les objectifs du gala devant les invit\u00e9s. (\u00a9M\u00e9tropolitain \/ LP)<\/p>\n<p class=\" wall-content\"><strong>Le groupe Vetocia \u2013 Languedocia<\/strong> a officialis\u00e9 un partenariat complet pour assurer le suivi v\u00e9t\u00e9rinaire de l\u2019\u00e9cole. Cette collaboration, esquiss\u00e9e il y a un an, s\u2019est concr\u00e9tis\u00e9e au fil des mois. Le dispositif couvre les soins en clinique, les interventions sp\u00e9cialis\u00e9es et le suivi m\u00e9dical continu.La soir\u00e9e a accueilli Th\u00e9r\u00e9sa Da Mota, sportive atteinte de r\u00e9tinite pigmentaire, qui vit et travaille avec son chien guide depuis deux ans. \u00ab\u00a0Elle me donne une libert\u00e9 \u00e9norme. Elle conna\u00eet une cinquantaine de commandes et \u00e9vite tous les obstacles. Je lui fais une confiance totale.\u00a0\u00bb Th\u00e9r\u00e9sa Da Mota a rappel\u00e9 la r\u00e9alit\u00e9 du quotidien : fatigue du chien, rythme soutenu, vigilance constante. Sa chienne s\u2019\u00e9tait d\u2019ailleurs repos\u00e9e avant de rejoindre la salle. Son t\u00e9moignage a apport\u00e9 une dimension intime et concr\u00e8te au projet.<\/p>\n<p>    <img   decoding=\"async\" loading=\"lazy\" src=\"https:\/\/www.europesays.com\/fr\/wp-content\/uploads\/2025\/11\/tempimagesmppfn-960x640.jpg\" alt=\"Th\u00e9r\u00e9sa Da Mota parle de son quotidien avec son chien-guide.\" width=\"960\" height=\"640\"\/><br \/>\n    Th\u00e9r\u00e9sa Da Mota parle de son quotidien avec son chien-guide. (\u00a9M\u00e9tropolitain \/ LP)<\/p>\n<p class=\" wall-content\">Personnalisez votre actualit\u00e9 en ajoutant vos villes et m\u00e9dias en favori avec <a href=\"https:\/\/moncompte.actu.fr\" title=\"D\u00e9couvez Mon Actu\" rel=\"nofollow noopener\" data-trk=\"{&quot;cta&quot;:{&quot;action&quot;:&quot;https:\\\/\\\/moncompte.actu.fr&quot;,&quot;category&quot;:&quot;mon compte&quot;,&quot;from&quot;:&quot;article footer&quot;,&quot;name&quot;:&quot;Mon actu&quot;,&quot;type&quot;:&quot;cta&quot;}}\" target=\"_blank\">Mon Actu<\/a>.<\/p>\n","protected":false},"excerpt":{"rendered":"Par L\u00e9a Pippinato Publi\u00e9 le 16 nov. 2025 \u00e0 20h49 Quand la salle s\u2019est \u00e9teinte, le silence a&hellip;\n","protected":false},"author":2,"featured_media":538838,"comment_status":"","ping_status":"","sticky":false,"template":"","format":"standard","meta":{"footnotes":""},"categories":[9599],"tags":[1111,11,1261,1777,674,1011,27,1943,1757,2208,12,2680,25,3400],"class_list":{"0":"post-538837","1":"post","2":"type-post","3":"status-publish","4":"format-standard","5":"has-post-thumbnail","7":"category-montpellier","8":"tag-actu","9":"tag-actualites","10":"tag-argent","11":"tag-eu","12":"tag-europe","13":"tag-fr","14":"tag-france","15":"tag-handicap","16":"tag-insolite","17":"tag-montpellier","18":"tag-news","19":"tag-occitanie","20":"tag-republique-francaise","21":"tag-solidarite"},"share_on_mastodon":{"url":"https:\/\/pubeurope.com\/@fr\/115561299238533639","error":""},"_links":{"self":[{"href":"https:\/\/www.europesays.com\/fr\/wp-json\/wp\/v2\/posts\/538837","targetHints":{"allow":["GET"]}}],"collection":[{"href":"https:\/\/www.europesays.com\/fr\/wp-json\/wp\/v2\/posts"}],"about":[{"href":"https:\/\/www.europesays.com\/fr\/wp-json\/wp\/v2\/types\/post"}],"author":[{"embeddable":true,"href":"https:\/\/www.europesays.com\/fr\/wp-json\/wp\/v2\/users\/2"}],"replies":[{"embeddable":true,"href":"https:\/\/www.europesays.com\/fr\/wp-json\/wp\/v2\/comments?post=538837"}],"version-history":[{"count":0,"href":"https:\/\/www.europesays.com\/fr\/wp-json\/wp\/v2\/posts\/538837\/revisions"}],"wp:featuredmedia":[{"embeddable":true,"href":"https:\/\/www.europesays.com\/fr\/wp-json\/wp\/v2\/media\/538838"}],"wp:attachment":[{"href":"https:\/\/www.europesays.com\/fr\/wp-json\/wp\/v2\/media?parent=538837"}],"wp:term":[{"taxonomy":"category","embeddable":true,"href":"https:\/\/www.europesays.com\/fr\/wp-json\/wp\/v2\/categories?post=538837"},{"taxonomy":"post_tag","embeddable":true,"href":"https:\/\/www.europesays.com\/fr\/wp-json\/wp\/v2\/tags?post=538837"}],"curies":[{"name":"wp","href":"https:\/\/api.w.org\/{rel}","templated":true}]}}