{"id":538841,"date":"2025-11-16T20:38:13","date_gmt":"2025-11-16T20:38:13","guid":{"rendered":"https:\/\/www.europesays.com\/fr\/538841\/"},"modified":"2025-11-16T20:38:13","modified_gmt":"2025-11-16T20:38:13","slug":"chute-brutale-du-mercure-ce-qui-vous-attend-cette-semaine-a-rouen","status":"publish","type":"post","link":"https:\/\/www.europesays.com\/fr\/538841\/","title":{"rendered":"Chute brutale du mercure : ce qui vous attend cette semaine \u00e0 Rouen."},"content":{"rendered":"<p>Apr\u00e8s plusieurs semaines anormalement douces pour la saison, la Normandie s\u2019appr\u00eate \u00e0 vivre un vrai <strong>choc thermique<\/strong>. Les temp\u00e9ratures vont d\u00e9gringoler et l\u2019hiver va enfin montrer le bout de son nez. Voici ce qui nous attend dans les jours \u00e0 venir.<\/p>\n<p><strong>Une chute brutale des temp\u00e9ratures<\/strong><\/p>\n<p>Il va falloir dire adieu aux petites soir\u00e9es douces : d\u00e8s ce lundi, les temp\u00e9ratures plongent nettement.<br \/>On passe d\u2019une douceur quasi printani\u00e8re \u00e0 des valeurs\u2026 <strong>sous les normales de saison<\/strong>.<\/p>\n<p>En clair :<br \/>\ud83d\udc49 Les matin\u00e9es seront froides, parfois proches de 0\u00b0C.<br \/>\ud83d\udc49 Les apr\u00e8s-midis tourneront autour de 5 \u00e0 7\u00b0C seulement.<\/p>\n<p style=\"margin: 0; color: #000000; font-size: 16px; font-weight: bold;\">\u00c0 voir aussi sur Rouen Bouge<\/p>\n<\/p>\n<p>                    \u2716\n                <\/p>\n<p>\u00c7a faisait longtemps qu\u2019on n\u2019avait pas vu \u00e7a : <strong>les premi\u00e8res temp\u00e9ratures n\u00e9gatives d\u00e9barquent en Normandie<\/strong> !<\/p>\n<p><strong>Un milieu de semaine bien arros\u00e9<\/strong><\/p>\n<p>Mardi, mercredi et surtout jeudi, le ciel se charge et nous offre un cocktail plut\u00f4t hivernal :<\/p>\n<p>\ud83c\udf27 Pluie r\u00e9guli\u00e8re \/ \ud83c\udf2b Ciel tr\u00e8s gris \/ \ud83d\udca8 Vent froid<\/p>\n<p>Et surtout\u2026 <strong>une ambiance humide qui pique un peu<\/strong>.<br \/>Bref, une semaine \u00e0 sortir le parapluie et r\u00e9viser sa technique de trottoir anti-flaque-d\u2019eau.<\/p>\n<p><strong>Les premiers flocons en approche ?<\/strong><\/p>\n<p>C\u2019est l\u2019info que tout le monde attend :<\/p>\n<p>\ud83d\udc49 <strong>Les premiers flocons pourraient faire leur apparition jeudi ou samedi !<\/strong><\/p>\n<p>Rien de tr\u00e8s intense pour l\u2019instant, mais assez pour blanchir l\u00e9g\u00e8rement certains secteurs, notamment dans l\u2019arri\u00e8re-pays normand. Sur Rouen, quelques flocons m\u00eal\u00e9s \u00e0 la pluie ne sont pas exclus.<\/p>\n<p>L\u2019hiver frappe \u00e0 la porte\u2026 doucement, mais s\u00fbrement.<\/p>\n<p><strong>Vendredi : une petite \u00e9claircie avant le froid du week-end<\/strong><\/p>\n<p>Vendredi sera <strong>la journ\u00e9e la plus lumineuse<\/strong> de la semaine, avec un retour du soleil mais des temp\u00e9ratures toujours froides.<\/p>\n<p>Profitez-en : samedi, la grisaille et les possibles giboul\u00e9es neigeuses reviennent.<\/p>\n<p><strong>Un conseil : ressortez les manteaux !<\/strong><\/p>\n<p>Oui, vraiment.<br \/>Doudounes, bonnets, gants, \u00e9charpes\u2026 tout peut ressortir du placard.<\/p>\n<p>Cette semaine, on passe <strong>d\u2019au-dessus de la normale\u2026 \u00e0 en-dessous de la normale<\/strong> en quelques jours.<\/p>\n<p>L\u2019hiver s\u2019installe d\u2019un coup, sans pr\u00e9avis.<\/p>\n<p><strong>En r\u00e9sum\u00e9<\/strong><\/p>\n<ul class=\"wp-block-list\">\n<li>\ud83c\udf21 Temp\u00e9ratures en chute libre<\/li>\n<li>\ud83e\udd76 Retour du froid, parfois n\u00e9gatif<\/li>\n<li>\ud83c\udf27 Pluie en milieu de semaine<\/li>\n<li>\u2744 Premiers flocons possibles jeudi ou samedi<\/li>\n<li>\ud83e\udde5 Manteaux obligatoires !<\/li>\n<\/ul>\n","protected":false},"excerpt":{"rendered":"Apr\u00e8s plusieurs semaines anormalement douces pour la saison, la Normandie s\u2019appr\u00eate \u00e0 vivre un vrai choc thermique. Les&hellip;\n","protected":false},"author":2,"featured_media":538842,"comment_status":"","ping_status":"","sticky":false,"template":"","format":"standard","meta":{"footnotes":""},"categories":[9587],"tags":[1111,11,1777,674,1011,27,12,5161,25,9590],"class_list":{"0":"post-538841","1":"post","2":"type-post","3":"status-publish","4":"format-standard","5":"has-post-thumbnail","7":"category-rouen","8":"tag-actu","9":"tag-actualites","10":"tag-eu","11":"tag-europe","12":"tag-fr","13":"tag-france","14":"tag-news","15":"tag-normandie","16":"tag-republique-francaise","17":"tag-rouen"},"share_on_mastodon":{"url":"https:\/\/pubeurope.com\/@fr\/115561306821298057","error":""},"_links":{"self":[{"href":"https:\/\/www.europesays.com\/fr\/wp-json\/wp\/v2\/posts\/538841","targetHints":{"allow":["GET"]}}],"collection":[{"href":"https:\/\/www.europesays.com\/fr\/wp-json\/wp\/v2\/posts"}],"about":[{"href":"https:\/\/www.europesays.com\/fr\/wp-json\/wp\/v2\/types\/post"}],"author":[{"embeddable":true,"href":"https:\/\/www.europesays.com\/fr\/wp-json\/wp\/v2\/users\/2"}],"replies":[{"embeddable":true,"href":"https:\/\/www.europesays.com\/fr\/wp-json\/wp\/v2\/comments?post=538841"}],"version-history":[{"count":0,"href":"https:\/\/www.europesays.com\/fr\/wp-json\/wp\/v2\/posts\/538841\/revisions"}],"wp:featuredmedia":[{"embeddable":true,"href":"https:\/\/www.europesays.com\/fr\/wp-json\/wp\/v2\/media\/538842"}],"wp:attachment":[{"href":"https:\/\/www.europesays.com\/fr\/wp-json\/wp\/v2\/media?parent=538841"}],"wp:term":[{"taxonomy":"category","embeddable":true,"href":"https:\/\/www.europesays.com\/fr\/wp-json\/wp\/v2\/categories?post=538841"},{"taxonomy":"post_tag","embeddable":true,"href":"https:\/\/www.europesays.com\/fr\/wp-json\/wp\/v2\/tags?post=538841"}],"curies":[{"name":"wp","href":"https:\/\/api.w.org\/{rel}","templated":true}]}}