{"id":538847,"date":"2025-11-16T20:42:22","date_gmt":"2025-11-16T20:42:22","guid":{"rendered":"https:\/\/www.europesays.com\/fr\/538847\/"},"modified":"2025-11-16T20:42:22","modified_gmt":"2025-11-16T20:42:22","slug":"a-grenoble-ecologistes-et-socialistes-font-liste-commune-liberation","status":"publish","type":"post","link":"https:\/\/www.europesays.com\/fr\/538847\/","title":{"rendered":"\u00e0 Grenoble, \u00e9cologistes et socialistes font liste commune \u2013 Lib\u00e9ration"},"content":{"rendered":"<p class=\"sc-cPiKLX AiZTS text-element\">Le parti socialiste grenoblois a annonc\u00e9, vendredi 14 novembre, son ralliement \u00e0 la liste d\u2019union de la gauche \u00e9cologiste et citoyenne men\u00e9e par <a href=\"https:\/\/www.liberation.fr\/portraits\/laurence-ruffin-en-pol-position-20241121_7M2YRBULDRCQRK7QLLILMEBD6A\/\" target=\"_blank\" rel=\"nofollow noopener\" title=\"https:\/\/www.liberation.fr\/portraits\/laurence-ruffin-en-pol-position-20241121_7M2YRBULDRCQRK7QLLILMEBD6A\/\">Laurence Ruffin<\/a>, h\u00e9riti\u00e8re d\u00e9sign\u00e9e de l\u2019\u00e9cologiste <a href=\"https:\/\/www.liberation.fr\/politique\/municipales-2026-a-grenoble-les-apres-debuts-de-la-succession-de-lecologiste-eric-piolle-20250925_VHCPV32AXZBPHEPQ2BGGF5BKO4\/\" target=\"_blank\" rel=\"nofollow noopener\" title=\"https:\/\/www.liberation.fr\/politique\/municipales-2026-a-grenoble-les-apres-debuts-de-la-succession-de-lecologiste-eric-piolle-20250925_VHCPV32AXZBPHEPQ2BGGF5BKO4\/\">Eric Piolle qui ne se repr\u00e9sente pas apr\u00e8s deux mandats<\/a> \u00e0 la t\u00eate de la cit\u00e9 alpine. \u00abC\u2019est un moment historique pour Grenoble\u00bb, assurent d\u2019une m\u00eame voix Laurence Ruffin \u2013 qui est \u00e9galement la s\u0153ur du d\u00e9put\u00e9 de la Somme Fran\u00e7ois Ruffin \u2013 et Amandine Germain, cheffe de file des socialistes grenoblois.<\/p>\n<p class=\"sc-cPiKLX AiZTS text-element\">C\u2019est de fait un vent nouveau pour la gauche grenobloise. Les socialistes \u00e9taient rest\u00e9s camp\u00e9s dans l\u2019opposition, parfois virulente, durant les deux mandats d\u2019Eric Piolle. Ce dernier avait \u00e9t\u00e9 \u00e9lu en 2014, puis en 2020 \u00e0 la t\u00eate d\u2019une union des Ecologistes, de La France insoumise, du Parti communiste et de mouvements citoyens face \u00e0 des candidats socialistes qui s\u2019\u00e9taient maintenus au second tour, <a href=\"https:\/\/www.liberation.fr\/france\/2014\/03\/28\/grenoble-mur-pour-vert_991250\/\" target=\"_blank\" rel=\"nofollow noopener\" title=\"https:\/\/www.liberation.fr\/france\/2014\/03\/28\/grenoble-mur-pour-vert_991250\/\">J\u00e9r\u00f4me Safar<\/a> puis Olivier Noblecourt.<\/p>\n<p class=\"sc-cPiKLX AiZTS text-element\">L\u2019union des \u00e9cologistes et des socialistes d\u00e8s le premier tour de l\u2019\u00e9lection municipale grenobloise n\u2019avait \u00e9t\u00e9 r\u00e9alis\u00e9e qu\u2019une seule fois, par Hubert Dubedout en 1983, et il faut remonter \u00e0 2001 pour retrouver une campagne commune au second tour, pour permettre la r\u00e9\u00e9lection du socialiste <a href=\"https:\/\/www.liberation.fr\/france\/2013\/09\/22\/le-socialiste-michel-destot-lache-grenoble_933878\/\" target=\"_blank\" rel=\"nofollow noopener\" title=\"https:\/\/www.liberation.fr\/france\/2013\/09\/22\/le-socialiste-michel-destot-lache-grenoble_933878\/\">Michel Destot<\/a>. La brouille s\u2019\u00e9tait ensuite nou\u00e9e durant ce second mandat de Destot et les \u00e9cologistes avaient pass\u00e9 son troisi\u00e8me et dernier mandat (2008-2014) dans l\u2019opposition.<\/p>\n<p class=\"sc-cPiKLX AiZTS text-element\">Amandine Germain, conseill\u00e8re d\u00e9partementale de l\u2019Is\u00e8re et ancienne conseill\u00e8re de Destot, le conc\u00e8de : \u00abIl a fallu beaucoup de r\u00e9unions et de discussion internes, une telle union n\u2019\u00e9tait pas naturelle il y a quelques mois encore.\u00bb Laurence Ruffin t\u00e9moigne d\u2019un long \u00abcheminement\u00bb, dans un \u00ab\u00e9tat d\u2019esprit volontaire, constructif et bienveillant\u00bb, qui a permis d\u2019aboutir \u00e0 la \u00abfabrication d\u2019un projet commun\u00bb. Germain le souligne : \u00abIl a fallu d\u00e9passer nos divergences pass\u00e9es, et peu \u00e0 peu, au fil des r\u00e9unions, nos convergences naturelles se sont affirm\u00e9es.\u00bb<\/p>\n<p class=\"sc-cPiKLX AiZTS text-element\">Les deux femmes, avec des sourires complices, convergent sur la d\u00e9finition de leur union : \u00abJustice sociale, climatique, fiscale\u00bb sur le fond ; \u00abchangement de la mani\u00e8re de travailler avec les citoyens, les associations, les agents\u00bb sur la m\u00e9thode, autour du concept de \u00abcoop\u00e9ration\u00bb au centre du projet de Laurence Ruffin, ex-dirigeante d\u2019une Scop. \u00abCette union est une construction collective, pas un simple accord \u00e9lectoral\u00bb, insiste Marie Coiffard, secr\u00e9taire des \u00e9cologistes grenoblois. Amandine Germain l\u2019assure : \u00abNous d\u00e9marrons cette campagne commune avec beaucoup d\u2019envie et d\u2019enthousiasme.\u00bb Saluant \u00able parcours et les qualit\u00e9s\u00bb de Laurence Ruffin, elle lui accorde sa \u00abconfiance\u00bb : \u00abC\u2019est quelqu\u2019un de solide qui saura diriger, g\u00e9rer et tenir une \u00e9quipe.\u00bb<\/p>\n<p class=\"sc-cPiKLX AiZTS text-element\">Si Ruffin compte d\u00e9sormais sur le soutien de neuf partis et mouvements (Les Ecologistes, PS, PCF, L\u2019Apr\u00e8s, l\u2019Ades, Ensemble, G\u00e9n\u00e9ration\u22c5s, R\u00e9seau citoyen de Grenoble et Parti animaliste), elle est cependant loin du grand chelem \u00e0 gauche. Place publique, Equinoxe et PRG ont leur propre candidat, Romain Gentil, tout comme La France insoumise qui fait cavalier seul derri\u00e8re Allan Brunon. Cette sortie des insoumis de l\u2019axe vert-rouge-citoyen cr\u00e9\u00e9 par Eric Piolle, dont ils avaient \u00e9t\u00e9 un pilier, a bien entendu grandement facilit\u00e9 le ralliement des socialistes \u00e0 Laurence Ruffin.<\/p>\n","protected":false},"excerpt":{"rendered":"Le parti socialiste grenoblois a annonc\u00e9, vendredi 14 novembre, son ralliement \u00e0 la liste d\u2019union de la gauche&hellip;\n","protected":false},"author":2,"featured_media":538848,"comment_status":"","ping_status":"","sticky":false,"template":"","format":"standard","meta":{"footnotes":""},"categories":[9566],"tags":[1111,11,2430,2286,1777,674,1011,27,2731,5945,12,429,25],"class_list":{"0":"post-538847","1":"post","2":"type-post","3":"status-publish","4":"format-standard","5":"has-post-thumbnail","7":"category-grenoble","8":"tag-actu","9":"tag-actualites","10":"tag-auvergne-rhone-alpes","11":"tag-eelv","12":"tag-eu","13":"tag-europe","14":"tag-fr","15":"tag-france","16":"tag-grenoble","17":"tag-municipales-elections","18":"tag-news","19":"tag-ps","20":"tag-republique-francaise"},"share_on_mastodon":{"url":"https:\/\/pubeurope.com\/@fr\/115561322471206632","error":""},"_links":{"self":[{"href":"https:\/\/www.europesays.com\/fr\/wp-json\/wp\/v2\/posts\/538847","targetHints":{"allow":["GET"]}}],"collection":[{"href":"https:\/\/www.europesays.com\/fr\/wp-json\/wp\/v2\/posts"}],"about":[{"href":"https:\/\/www.europesays.com\/fr\/wp-json\/wp\/v2\/types\/post"}],"author":[{"embeddable":true,"href":"https:\/\/www.europesays.com\/fr\/wp-json\/wp\/v2\/users\/2"}],"replies":[{"embeddable":true,"href":"https:\/\/www.europesays.com\/fr\/wp-json\/wp\/v2\/comments?post=538847"}],"version-history":[{"count":0,"href":"https:\/\/www.europesays.com\/fr\/wp-json\/wp\/v2\/posts\/538847\/revisions"}],"wp:featuredmedia":[{"embeddable":true,"href":"https:\/\/www.europesays.com\/fr\/wp-json\/wp\/v2\/media\/538848"}],"wp:attachment":[{"href":"https:\/\/www.europesays.com\/fr\/wp-json\/wp\/v2\/media?parent=538847"}],"wp:term":[{"taxonomy":"category","embeddable":true,"href":"https:\/\/www.europesays.com\/fr\/wp-json\/wp\/v2\/categories?post=538847"},{"taxonomy":"post_tag","embeddable":true,"href":"https:\/\/www.europesays.com\/fr\/wp-json\/wp\/v2\/tags?post=538847"}],"curies":[{"name":"wp","href":"https:\/\/api.w.org\/{rel}","templated":true}]}}