{"id":538851,"date":"2025-11-16T20:44:35","date_gmt":"2025-11-16T20:44:35","guid":{"rendered":"https:\/\/www.europesays.com\/fr\/538851\/"},"modified":"2025-11-16T20:44:35","modified_gmt":"2025-11-16T20:44:35","slug":"circulation-a-rennes-deux-secteurs-difficiles-cette-semaine-sport","status":"publish","type":"post","link":"https:\/\/www.europesays.com\/fr\/538851\/","title":{"rendered":"Circulation \u00e0 Rennes\u00a0: deux secteurs difficiles cette semaine . Sport"},"content":{"rendered":"<p>Il est conseill\u00e9 aux automobilistes d\u2019anticiper leur d\u00e9placement \u00e0 Rennes (Ille-et-Vilaine) dans les prochains jours. Dans le secteur de l\u2019avenue de Rochester, jusqu\u2019au vendredi 28\u00a0novembre, la circulation est interdite entre l\u2019avenue du G\u00e9n\u00e9ral Georges S. Patton et la rue de Tr\u00e9gain, dans le cadre de l\u2019am\u00e9nagement du carrefour Patton\/Rochester. Pour les v\u00e9hicules arrivant de l\u2019ouest, une d\u00e9viation est mise en place par l\u2019avenue du G\u00e9n\u00e9ral Georges S. Patton, le boulevard Emmanuel Mounier, la place Georges Bernanos et la rue de Foug\u00e8res. Pour les v\u00e9hicules arrivant de l\u2019est, une d\u00e9viation est mise en place par l\u2019avenue des Gayeulles, la rue de la H\u00e9roni\u00e8re et l\u2019avenue du G\u00e9n\u00e9ral Georges S. Patton.<\/p>\n<p>Gal\u00e8re sur la rocade sud<\/p>\n<p>Mais le point noir attendu et d\u00e9j\u00e0 annonc\u00e9 depuis une semaine et celui des abords de la porte de Nantes, sur la rocade sud et de la RN 137. Endommag\u00e9 par l\u2019incendie d\u2019un bus, lors du mouvement \u00ab\u00a0Bloquons tout\u00a0\u00bb du 10\u00a0septembre 2025, le pont de l\u2019Alma \u00e0 Rennes doit faire l\u2019objet d\u2019une semaine intensive de r\u00e9paration, du vendredi 21\u00a0novembre, \u00e0 partir de 21\u00a0h, jusqu\u2019au jeudi 27\u00a0novembre.<\/p>\n<p><strong>Lire auss<\/strong>i\u00a0: <a href=\"https:\/\/rennes.maville.com\/actu\/actudet_-a-rennes-le-pont-de-l-alma-sera-ferme-pendant-une-semaine-24h-24-des-perturbations-attendues-aussi-sur-la-rocade-_7-7054093_actu.Htm\" target=\"_blank\" rel=\"noopener\">\u00c0 Rennes, le pont de l\u2019Alma sera ferm\u00e9 pendant une semaine 24h\/24\u00a0: des perturbations attendues aussi sur la rocade<\/a><\/p>\n<p>Le pont de la RN137\u00a0sera donc ferm\u00e9 \u00e0 la circulation dans le sens entrant vers Rennes pour permettre \u00e0 la Diro (Direction interd\u00e9partementale des routes Ouest) de r\u00e9aliser des travaux de r\u00e9paration du pont. Pour les v\u00e9hicules arrivant de Nantes, une d\u00e9viation sera mise en place par la rocade ext\u00e9rieure et la porte d\u2019Angers o\u00f9 les automobilistes pourront faire demi-tour vers la rocade int\u00e9rieure.<\/p>\n<p>La rocade ext\u00e9rieure (sens ouest &gt;\u00a0est) sera r\u00e9duite \u00e0 une voie de circulation au niveau de l\u2019\u00e9changeur de la porte de Nantes. La bretelle d\u2019insertion sur la rocade ext\u00e9rieure depuis l\u2019avenue Henri Fr\u00e9ville sera \u00e9galement ferm\u00e9e \u00e0 la circulation. De tr\u00e8s fortes perturbations sont attendues \u00e0 partir de la journ\u00e9e du samedi 22\u00a0novembre.<\/p>\n<p>.<\/p>\n<p>\u00a0<\/p>\n","protected":false},"excerpt":{"rendered":"Il est conseill\u00e9 aux automobilistes d\u2019anticiper leur d\u00e9placement \u00e0 Rennes (Ille-et-Vilaine) dans les prochains jours. Dans le secteur&hellip;\n","protected":false},"author":2,"featured_media":538852,"comment_status":"","ping_status":"","sticky":false,"template":"","format":"standard","meta":{"footnotes":""},"categories":[2821],"tags":[1111,11,3809,1465,829,1777,674,63,1011,27,1792,1922,12,584,25,479,3728,517,1470],"class_list":{"0":"post-538851","1":"post","2":"type-post","3":"status-publish","4":"format-standard","5":"has-post-thumbnail","7":"category-rennes","8":"tag-actu","9":"tag-actualites","10":"tag-ball","11":"tag-basket","12":"tag-bretagne","13":"tag-eu","14":"tag-europe","15":"tag-football","16":"tag-fr","17":"tag-france","18":"tag-handball","19":"tag-info","20":"tag-news","21":"tag-rennes","22":"tag-republique-francaise","23":"tag-rugby","24":"tag-saint-malo","25":"tag-sport","26":"tag-volley"},"share_on_mastodon":{"url":"https:\/\/pubeurope.com\/@fr\/115561330447205292","error":""},"_links":{"self":[{"href":"https:\/\/www.europesays.com\/fr\/wp-json\/wp\/v2\/posts\/538851","targetHints":{"allow":["GET"]}}],"collection":[{"href":"https:\/\/www.europesays.com\/fr\/wp-json\/wp\/v2\/posts"}],"about":[{"href":"https:\/\/www.europesays.com\/fr\/wp-json\/wp\/v2\/types\/post"}],"author":[{"embeddable":true,"href":"https:\/\/www.europesays.com\/fr\/wp-json\/wp\/v2\/users\/2"}],"replies":[{"embeddable":true,"href":"https:\/\/www.europesays.com\/fr\/wp-json\/wp\/v2\/comments?post=538851"}],"version-history":[{"count":0,"href":"https:\/\/www.europesays.com\/fr\/wp-json\/wp\/v2\/posts\/538851\/revisions"}],"wp:featuredmedia":[{"embeddable":true,"href":"https:\/\/www.europesays.com\/fr\/wp-json\/wp\/v2\/media\/538852"}],"wp:attachment":[{"href":"https:\/\/www.europesays.com\/fr\/wp-json\/wp\/v2\/media?parent=538851"}],"wp:term":[{"taxonomy":"category","embeddable":true,"href":"https:\/\/www.europesays.com\/fr\/wp-json\/wp\/v2\/categories?post=538851"},{"taxonomy":"post_tag","embeddable":true,"href":"https:\/\/www.europesays.com\/fr\/wp-json\/wp\/v2\/tags?post=538851"}],"curies":[{"name":"wp","href":"https:\/\/api.w.org\/{rel}","templated":true}]}}