{"id":538853,"date":"2025-11-16T20:45:37","date_gmt":"2025-11-16T20:45:37","guid":{"rendered":"https:\/\/www.europesays.com\/fr\/538853\/"},"modified":"2025-11-16T20:45:37","modified_gmt":"2025-11-16T20:45:37","slug":"voici-la-date-douverture-officielle-du-nouveau-bowling-de-lorangerie","status":"publish","type":"post","link":"https:\/\/www.europesays.com\/fr\/538853\/","title":{"rendered":"voici la date d&rsquo;ouverture officielle du nouveau bowling de l\u2019Orangerie"},"content":{"rendered":"<p>    <img loading=\"lazy\" width=\"1800\" height=\"900\" src=\"https:\/\/www.europesays.com\/fr\/wp-content\/uploads\/2025\/11\/jeanne-callthepolice.jpg\" class=\"attachment-full size-full\" alt=\"\" id=\"imageLove\" decoding=\"async\"  \/><\/p>\n<p id=\"breadcrumbs\"><a href=\"https:\/\/pokaa.fr\/\" target=\"_blank\" rel=\"noopener\">Accueil<\/a> \/ <a href=\"https:\/\/pokaa.fr\/categories\/actu\/\" target=\"_blank\" rel=\"noopener\">Info locale<\/a> \/ Strasbourg : voici la date d\u2019ouverture officielle du nouveau bowling de l\u2019Orangerie<\/p>\n<p>                    Info locale<\/p>\n<p><b>En chantier depuis de longs mois, le bowling de l\u2019Orangerie sera inaugur\u00e9 le 4 d\u00e9cembre prochain, et accueillera du public d\u00e8s le 5 d\u00e9cembre. Une ouverture avec quelques petits jours de retard par rapport \u00e0 ce qui avait \u00e9t\u00e9 annonc\u00e9, mais qui ravira les Strasbourgeois(es) en manque d\u2019endroits o\u00f9 aller striker. Petit retour sur le projet qui contient aussi un restaurant, un salon de th\u00e9\u2026 et des toilettes publiques.<\/b><\/p>\n<p class=\"p1\">On va bient\u00f4t pouvoir \u00e0 nouveau aller striker \u00e0 l\u2019Orangerie [ou envoyer les boules dans la goutti\u00e8re, selon le niveau, ndlr]. L\u2019immense chantier qui s\u2019active depuis de longs mois n\u2019a jamais \u00e9t\u00e9 aussi proche d\u2019arriver \u00e0 son terme, <b>pour d\u00e9voiler ses 4 700 nouveaux m\u00e8tres carr\u00e9s aux Strasbourgeois(es)<\/b>.<\/p>\n<p class=\"p1\">D\u2019un budget de 8 millions d\u2019euros, <b>le projet de la SARL RIMEA pr\u00e9voit 32 pistes modernes avec aussi bornes d\u2019arcade et fl\u00e9chettes, un restaurant de 330 m2 pour 189 couverts, <\/b>avec \u00e0 sa t\u00eate Gr\u00e9gory Reich et Pauline George, les g\u00e9rant(e)s de La Cuiller \u00e0 Pot \u00e0 la Petite France, une brasserie et un salon de th\u00e9. Le tout, avec deux toilettes publiques flambant neuves, accessibles gratuitement et g\u00e9r\u00e9es par la Ville.<\/p>\n<p>                <img width=\"667\" height=\"500\" src=\"https:\/\/www.europesays.com\/fr\/wp-content\/uploads\/2025\/11\/img-2634-grande-667x500.jpeg\" class=\"attachment-gallery size-gallery\" alt=\"bowling orangerie travaux\" data-full-url=\"https:\/\/pokaa.fr\/wp-content\/uploads\/2025\/11\/15\/img-2634-grande.jpeg\" decoding=\"async\" loading=\"lazy\"  \/>            <\/p>\n<p>                <img width=\"667\" height=\"500\" src=\"https:\/\/www.europesays.com\/fr\/wp-content\/uploads\/2025\/11\/img-2632-grande-667x500.jpeg\" class=\"attachment-gallery size-gallery\" alt=\"bowling orangerie travaux\" data-full-url=\"https:\/\/pokaa.fr\/wp-content\/uploads\/2025\/11\/15\/img-2632-grande.jpeg\" decoding=\"async\" loading=\"lazy\"  \/>            <\/p>\n<p>                    \u00a9 Nicolas Kaspar \/ Pokaa<\/p>\n<p>Un bowling qui ouvrira au public le 5 d\u00e9cembre<\/p>\n<p class=\"p1\">Il ne manquait plus qu\u2019une date d\u2019ouverture. <b>Et certain(e)s ont pu avoir peur qu\u2019elle ne se fasse pas tout de suite, en lisant un article d\u2019Actu Strasbourg<\/b>, laissant entendre que \u00ab l\u2019ouverture du nouveau bowling de l\u2019Orangerie \u00e0 Strasbourg, pr\u00e9vue d\u00e9but d\u00e9cembre, est finalement repouss\u00e9e \u00bb. <a href=\"https:\/\/actu.fr\/grand-est\/strasbourg_67482\/strasbourg-l-ouverture-du-nouveau-bowling-du-parc-de-l-orangerie-retardee-voici-quand-il-va-ouvrir_63429817.html\" target=\"_blank\" rel=\"noopener\">L\u2019article \u00e9tant r\u00e9serv\u00e9 aux abonn\u00e9s<\/a>, impossible pour les lecteurs\/rices de conna\u00eetre la date d\u2019inauguration avanc\u00e9e par le m\u00e9dia local.<\/p>\n<p>                <img width=\"667\" height=\"500\" src=\"https:\/\/www.europesays.com\/fr\/wp-content\/uploads\/2025\/11\/img-2631-grande-667x500.jpeg\" class=\"attachment-gallery size-gallery\" alt=\"bowling orangerie travaux\" data-full-url=\"https:\/\/pokaa.fr\/wp-content\/uploads\/2025\/11\/15\/img-2631-grande.jpeg\" decoding=\"async\" loading=\"lazy\"  \/>            <\/p>\n<p>                <img width=\"667\" height=\"500\" src=\"https:\/\/www.europesays.com\/fr\/wp-content\/uploads\/2025\/11\/img-2633-grande-667x500.jpeg\" class=\"attachment-gallery size-gallery\" alt=\"bowling orangerie travaux\" data-full-url=\"https:\/\/pokaa.fr\/wp-content\/uploads\/2025\/11\/15\/img-2633-grande.jpeg\" decoding=\"async\" loading=\"lazy\"  \/>            <\/p>\n<p>                    \u00a9 Nicolas Kaspar \/ Pokaa<\/p>\n<p class=\"p1\">Contact\u00e9s \u00e0 ce sujet, les services de la Ville confirment pourtant une inauguration d\u00e9but d\u00e9cembre. <b>Si celle-ci \u00e9tait pr\u00e9vue le 1er ou 2 d\u00e9cembre il y a quelques mois, elle aura finalement lieu le jeudi 4 d\u00e9cembre. <\/b>Avec deux jours de retard certes, mais toujours d\u00e9but d\u00e9cembre.<\/p>\n<p class=\"p1\">Une bonne nouvelle, confirm\u00e9e par le bowling lui-m\u00eame. Contact\u00e9 par mail, <strong>il pr\u00e9cise que <\/strong><strong>\u00ab la date de la commission de s\u00e9curit\u00e9 est pr\u00e9vue le 3 d\u00e9cembre, pour une ouverture du bowling et restaurant pour le public le 5 d\u00e9cembre \u00bb.<\/strong>\u00a0Quant aux salles de s\u00e9minaires, elles ouvriront en janvier. On n\u2019a jamais \u00e9t\u00e9 aussi proche de pouvoir \u00e0 nouveau\u00a0striker\u00a0\u00e0 l\u2019Orangerie.<\/p>\n","protected":false},"excerpt":{"rendered":"Accueil \/ Info locale \/ Strasbourg : voici la date d\u2019ouverture officielle du nouveau bowling de l\u2019Orangerie Info&hellip;\n","protected":false},"author":2,"featured_media":538854,"comment_status":"","ping_status":"","sticky":false,"template":"","format":"standard","meta":{"footnotes":""},"categories":[2820],"tags":[1111,65427,11,30306,1777,674,1011,27,775,12,25967,25,640],"class_list":{"0":"post-538853","1":"post","2":"type-post","3":"status-publish","4":"format-standard","5":"has-post-thumbnail","7":"category-strasbourg","8":"tag-actu","9":"tag-actu-locale-strasbourg","10":"tag-actualites","11":"tag-bowling-orangerie","12":"tag-eu","13":"tag-europe","14":"tag-fr","15":"tag-france","16":"tag-grand-est","17":"tag-news","18":"tag-parc-de-lorangerie","19":"tag-republique-francaise","20":"tag-strasbourg"},"share_on_mastodon":{"url":"https:\/\/pubeurope.com\/@fr\/115561336132712602","error":""},"_links":{"self":[{"href":"https:\/\/www.europesays.com\/fr\/wp-json\/wp\/v2\/posts\/538853","targetHints":{"allow":["GET"]}}],"collection":[{"href":"https:\/\/www.europesays.com\/fr\/wp-json\/wp\/v2\/posts"}],"about":[{"href":"https:\/\/www.europesays.com\/fr\/wp-json\/wp\/v2\/types\/post"}],"author":[{"embeddable":true,"href":"https:\/\/www.europesays.com\/fr\/wp-json\/wp\/v2\/users\/2"}],"replies":[{"embeddable":true,"href":"https:\/\/www.europesays.com\/fr\/wp-json\/wp\/v2\/comments?post=538853"}],"version-history":[{"count":0,"href":"https:\/\/www.europesays.com\/fr\/wp-json\/wp\/v2\/posts\/538853\/revisions"}],"wp:featuredmedia":[{"embeddable":true,"href":"https:\/\/www.europesays.com\/fr\/wp-json\/wp\/v2\/media\/538854"}],"wp:attachment":[{"href":"https:\/\/www.europesays.com\/fr\/wp-json\/wp\/v2\/media?parent=538853"}],"wp:term":[{"taxonomy":"category","embeddable":true,"href":"https:\/\/www.europesays.com\/fr\/wp-json\/wp\/v2\/categories?post=538853"},{"taxonomy":"post_tag","embeddable":true,"href":"https:\/\/www.europesays.com\/fr\/wp-json\/wp\/v2\/tags?post=538853"}],"curies":[{"name":"wp","href":"https:\/\/api.w.org\/{rel}","templated":true}]}}