{"id":538855,"date":"2025-11-16T20:46:12","date_gmt":"2025-11-16T20:46:12","guid":{"rendered":"https:\/\/www.europesays.com\/fr\/538855\/"},"modified":"2025-11-16T20:46:12","modified_gmt":"2025-11-16T20:46:12","slug":"lasptt-strasbourg-sest-reveillee-bien-trop-tard","status":"publish","type":"post","link":"https:\/\/www.europesays.com\/fr\/538855\/","title":{"rendered":"l\u2019ASPTT Strasbourg s\u2019est r\u00e9veill\u00e9e bien trop tard"},"content":{"rendered":"<p>Longtemps, trop longtemps, les Bisontines, venues en effectif r\u00e9duit, ont pu avancer tr\u00e8s sereinement dans cette partie. Bien trop sereinement. Face \u00e0 de jeunes joueuses certes talentueuses, l\u2019ASPTT n\u2019a pas su jouer la carte de l\u2019exp\u00e9rience, \u00e9voluer avec son style, d\u00e9velopper ses qualit\u00e9s.<\/p>\n<p>Apr\u00e8s un tout d\u00e9but de partie entra\u00eenant (4-2, 4e ), Besan\u00e7on commence \u00e0 s\u2019\u00e9chapper (5-8, 9e ), profitant ensuite d\u2019un trou d\u2019air de l\u2019ASPTT pour aller plus loin\u00a0: de 7-9 (12e ), on passe \u00e0 7-12 (15e ), puis \u00e0 10-16 (19e ).<\/p>\n<p>Les buts encaiss\u00e9s sont bien trop nombreux,&#8230;<\/p>\n","protected":false},"excerpt":{"rendered":"Longtemps, trop longtemps, les Bisontines, venues en effectif r\u00e9duit, ont pu avancer tr\u00e8s sereinement dans cette partie. Bien&hellip;\n","protected":false},"author":2,"featured_media":538856,"comment_status":"","ping_status":"","sticky":false,"template":"","format":"standard","meta":{"footnotes":""},"categories":[2820],"tags":[1111,11,2880,1777,674,1011,27,775,1792,12,25,517,640,2879],"class_list":{"0":"post-538855","1":"post","2":"type-post","3":"status-publish","4":"format-standard","5":"has-post-thumbnail","7":"category-strasbourg","8":"tag-actu","9":"tag-actualites","10":"tag-edition-strasbourg","11":"tag-eu","12":"tag-europe","13":"tag-fr","14":"tag-france","15":"tag-grand-est","16":"tag-handball","17":"tag-news","18":"tag-republique-francaise","19":"tag-sport","20":"tag-strasbourg","21":"tag-strasbourg-ville"},"share_on_mastodon":{"url":"https:\/\/pubeurope.com\/@fr\/115561338221062842","error":""},"_links":{"self":[{"href":"https:\/\/www.europesays.com\/fr\/wp-json\/wp\/v2\/posts\/538855","targetHints":{"allow":["GET"]}}],"collection":[{"href":"https:\/\/www.europesays.com\/fr\/wp-json\/wp\/v2\/posts"}],"about":[{"href":"https:\/\/www.europesays.com\/fr\/wp-json\/wp\/v2\/types\/post"}],"author":[{"embeddable":true,"href":"https:\/\/www.europesays.com\/fr\/wp-json\/wp\/v2\/users\/2"}],"replies":[{"embeddable":true,"href":"https:\/\/www.europesays.com\/fr\/wp-json\/wp\/v2\/comments?post=538855"}],"version-history":[{"count":0,"href":"https:\/\/www.europesays.com\/fr\/wp-json\/wp\/v2\/posts\/538855\/revisions"}],"wp:featuredmedia":[{"embeddable":true,"href":"https:\/\/www.europesays.com\/fr\/wp-json\/wp\/v2\/media\/538856"}],"wp:attachment":[{"href":"https:\/\/www.europesays.com\/fr\/wp-json\/wp\/v2\/media?parent=538855"}],"wp:term":[{"taxonomy":"category","embeddable":true,"href":"https:\/\/www.europesays.com\/fr\/wp-json\/wp\/v2\/categories?post=538855"},{"taxonomy":"post_tag","embeddable":true,"href":"https:\/\/www.europesays.com\/fr\/wp-json\/wp\/v2\/tags?post=538855"}],"curies":[{"name":"wp","href":"https:\/\/api.w.org\/{rel}","templated":true}]}}