{"id":538859,"date":"2025-11-16T20:49:24","date_gmt":"2025-11-16T20:49:24","guid":{"rendered":"https:\/\/www.europesays.com\/fr\/538859\/"},"modified":"2025-11-16T20:49:24","modified_gmt":"2025-11-16T20:49:24","slug":"plusieurs-departements-du-sud-est-en-alerte-pour-fortes-pluies-et-risques-dinondations-un-homme-porte-disparu","status":"publish","type":"post","link":"https:\/\/www.europesays.com\/fr\/538859\/","title":{"rendered":"Plusieurs d\u00e9partements du sud-est en alerte pour fortes pluies et risques d\u2019inondations, un homme port\u00e9 disparu"},"content":{"rendered":"<p>\n    Les Alpes-Maritimes, la Dr\u00f4me et l\u2019Ard\u00e8che ainsi que l\u2019Is\u00e8re \u00e9taient concern\u00e9s par ce nouvel \u00e9pisode, plus actif et \u00e9tendu que celui de samedi.<\/p>\n<p class=\"fig-paragraph\">Ce dimanche s\u2019est montr\u00e9<a href=\"http:\/\/www.lefigaro.fr\/meteo\/meteo-du-15-et-16-novembre-un-climat-plus-frais-et-nuageux-20251114\" data-fig-type=\"NewsFlash\" data-gtm-custom-categorie=\"navigation\" data-gtm-custom-action=\"crossclick\" data-gtm-custom-label=\"Contextuel\" data-gtm-event=\"customEventSPE\" data-fig-domain=\"LEFIGARO\" target=\"_blank\" rel=\"noopener\">\u00a0mouvement\u00e9<\/a>\u00a0dans le ciel du sud-est de la France. Les d\u00e9partements des Alpes-Maritimes et de l\u2019Ard\u00e8che \u00e9taient plac\u00e9s en alerte orange par\u00a0<a href=\"https:\/\/actualite.lachainemeteo.com\/alerte-meteo\/8864-fortes-pluies-orages-et-risque-de-grele-au-sud-est-dimanche\" target=\"_blank\" rel=\"sponsored noopener\" data-gtm-custom-categorie=\"navigation\" data-gtm-custom-action=\"crossclick\" data-gtm-custom-label=\"Contextuel\" data-gtm-event=\"customEventSPE\">La cha\u00eene m\u00e9t\u00e9o<\/a>, tandis que Les Alpes-de-Haute-Provence, les Hautes-Alpes, les Bouches-du-Rh\u00f4nes, la Dr\u00f4me, le Gard, l\u2019Is\u00e8re, le Var et le Vaucluse \u00e9taient plac\u00e9s en alerte jaune.<\/p>\n<p class=\"fig-paragraph\">De son c\u00f4t\u00e9, M\u00e9t\u00e9o France a plac\u00e9 quatre d\u00e9partements en vigilance orange pour pluie et risques d&rsquo;inondation dimanche. En milieu d\u2019apr\u00e8s-midi, seules les Alpes-Maritimes \u00e9taient encore color\u00e9s d\u2019orange sur la carte de l\u2019organisme, les autres \u00e9tant repass\u00e9s en vigilance jaune.<\/p>\n<p>                                    <a class=\"fig-a11y-skip a11y-hidden\" href=\"#fig-a11y-skip-main-inarticle\"><br \/>\n        Passer la publicit\u00e9<br \/>\n    <\/a><\/p>\n<p class=\"fig-paragraph\">Un\u00a0<a href=\"https:\/\/video.lefigaro.fr\/figaro\/actualite-france\/ardeche-un-septuagenaire-emporte-par-les-eaux-provoquees-par-les-fortes-intemperies-20251116\" data-fig-type=\"Video\" data-gtm-custom-categorie=\"navigation\" data-gtm-custom-action=\"crossclick\" data-gtm-custom-label=\"Contextuel\" data-gtm-event=\"customEventSPE\" data-fig-domain=\"LEFIGARO\" target=\"_blank\" rel=\"noopener\">septuag\u00e9naire a cependant \u00e9t\u00e9 port\u00e9 disparu<\/a>\u00a0ce dimanche midi en Ard\u00e8che, \u00e0 Saint-Vincent-de-Barr\u00e8s. Selon plusieurs m\u00e9dias, il serait all\u00e9 mettre sa voiture \u00e0 l\u2019abri pour \u00e9viter qu\u2019elle ne soit emport\u00e9e par les flots. Ce dimanche soir, les recherches \u00e9taient toujours en cours pour tenter de le retrouver.<\/p>\n<p class=\"fig-paragraph\">\u00abDe nouvelles pluies orageuses remontent sur le sud-est du pays et vont \u00e0 nouveau arroser notablement les plaines de l&rsquo;Ard\u00e8che et de la Dr\u00f4me, ainsi que les Alpes Maritimes et une partie de l&rsquo;Is\u00e8re\u00bb, a indiqu\u00e9 M\u00e9t\u00e9o France \u00e0 6H00, heure \u00e0 laquelle la vigilance orange entrait en vigueur. Elle doit s&rsquo;appliquer jusqu&rsquo;\u00e0 18H00.<\/p>\n<p>    Les d\u00e9partements concern\u00e9s par les risques de fortes pluies et orage.<br \/>\n                La Cha\u00eene m\u00e9t\u00e9o<\/p>\n<p>Une cellule de vigilance \u00e0 Nice<\/p>\n<p class=\"fig-paragraph\">La \u00abd\u00e9gradation pluvieuse remonte par le sud. Les pluies s&rsquo;intensifient en cours de matin\u00e9e et prennent localement un caract\u00e8re orageux\u00bb, notait l&rsquo;agence m\u00e9t\u00e9orologique, ajoutant que \u00abc&rsquo;est surtout l&rsquo;intensit\u00e9 des pr\u00e9cipitations qui est \u00e0 surveiller\u00bb. Dans les Alpes-Maritimes en particulier, l&rsquo;intensit\u00e9 des \u00abnombreux passages pluvieux\u00bb \u00e9tait pr\u00e9vue comme forte, \u00absurtout vers le littoral et les premiers reliefs\u00bb, expliquait le bulletin: \u00abDes cumuls allant de 80 \u00e0 120 mm sont attendus, avec de possibles pointes \u00e0 pr\u00e8s de 150 mm.\u00bb<\/p>\n<p class=\"fig-paragraph\">Le Maire de Nice Christian Estrosi a annonc\u00e9 sur son compte X ouvrir \u00abune cellule de vigilance d\u00e8s (dimanche) matin pour surveiller l&rsquo;\u00e9volution de la situation\u00bb, ajoutant que \u00ables parcs, jardins, cimeti\u00e8res, plages et sentier du littoral seront ferm\u00e9s\u00bb et incit\u00e9 les habitants \u00e0 limiter leurs d\u00e9placements.<\/p>\n<p class=\"fig-paragraph\">Ailleurs, en Ard\u00e8che, Dr\u00f4me et Is\u00e8re, l&rsquo;\u00e9pisode de pluie \u00e9tait attendu \u00abassez court mais intense\u00bb, avec \u00ab50 \u00e0 70 mm de pluie (attendus) en 6 \u00e0 9 heures\u00bb. Le risque de ruissellement et d&rsquo;inondation est soulign\u00e9 par M\u00e9t\u00e9o France \u00abdu pi\u00e9mont c\u00e9venol (situ\u00e9 au sud du parc national des C\u00e9vennes) jusqu&rsquo;au nord de l&rsquo;Is\u00e8re\u00bb.<\/p>\n<p>                                    <a class=\"fig-a11y-skip a11y-hidden\" href=\"#fig-a11y-skip-main-inarticle_mtf\"><br \/>\n        Passer la publicit\u00e9<br \/>\n    <\/a><\/p>\n<p class=\"fig-paragraph\">L&rsquo;Ard\u00e8che avait d\u00e9j\u00e0 \u00e9t\u00e9 plac\u00e9e en vigilance orange pluie-inondation samedi matin, aux c\u00f4t\u00e9s de la Loire et du Rh\u00f4ne, lev\u00e9e sans que d&rsquo;importants d\u00e9g\u00e2ts n&rsquo;aient \u00e9t\u00e9 signal\u00e9s.<\/p>\n<p class=\"fig-paragraph\">La Cha\u00eene M\u00e9t\u00e9o* est une propri\u00e9t\u00e9 du groupe Figaro.<\/p>\n","protected":false},"excerpt":{"rendered":"Les Alpes-Maritimes, la Dr\u00f4me et l\u2019Ard\u00e8che ainsi que l\u2019Is\u00e8re \u00e9taient concern\u00e9s par ce nouvel \u00e9pisode, plus actif et&hellip;\n","protected":false},"author":2,"featured_media":538860,"comment_status":"","ping_status":"","sticky":false,"template":"","format":"standard","meta":{"footnotes":""},"categories":[2819],"tags":[1111,11,1777,674,1011,27,2487,7750,7752,7751,7749,2357,12,2401,7748,882,25],"class_list":{"0":"post-538859","1":"post","2":"type-post","3":"status-publish","4":"format-standard","5":"has-post-thumbnail","7":"category-nice","8":"tag-actu","9":"tag-actualites","10":"tag-eu","11":"tag-europe","12":"tag-fr","13":"tag-france","14":"tag-meteo","15":"tag-meteo-aujourdhui","16":"tag-meteo-demain","17":"tag-meteo-du-jour","18":"tag-meteo-paris","19":"tag-meteo-france","20":"tag-news","21":"tag-nice","22":"tag-prevision-meteo","23":"tag-provence-alpes-cote-dazur","24":"tag-republique-francaise"},"share_on_mastodon":{"url":"https:\/\/pubeurope.com\/@fr\/115561350010918843","error":""},"_links":{"self":[{"href":"https:\/\/www.europesays.com\/fr\/wp-json\/wp\/v2\/posts\/538859","targetHints":{"allow":["GET"]}}],"collection":[{"href":"https:\/\/www.europesays.com\/fr\/wp-json\/wp\/v2\/posts"}],"about":[{"href":"https:\/\/www.europesays.com\/fr\/wp-json\/wp\/v2\/types\/post"}],"author":[{"embeddable":true,"href":"https:\/\/www.europesays.com\/fr\/wp-json\/wp\/v2\/users\/2"}],"replies":[{"embeddable":true,"href":"https:\/\/www.europesays.com\/fr\/wp-json\/wp\/v2\/comments?post=538859"}],"version-history":[{"count":0,"href":"https:\/\/www.europesays.com\/fr\/wp-json\/wp\/v2\/posts\/538859\/revisions"}],"wp:featuredmedia":[{"embeddable":true,"href":"https:\/\/www.europesays.com\/fr\/wp-json\/wp\/v2\/media\/538860"}],"wp:attachment":[{"href":"https:\/\/www.europesays.com\/fr\/wp-json\/wp\/v2\/media?parent=538859"}],"wp:term":[{"taxonomy":"category","embeddable":true,"href":"https:\/\/www.europesays.com\/fr\/wp-json\/wp\/v2\/categories?post=538859"},{"taxonomy":"post_tag","embeddable":true,"href":"https:\/\/www.europesays.com\/fr\/wp-json\/wp\/v2\/tags?post=538859"}],"curies":[{"name":"wp","href":"https:\/\/api.w.org\/{rel}","templated":true}]}}