{"id":538867,"date":"2025-11-16T20:53:11","date_gmt":"2025-11-16T20:53:11","guid":{"rendered":"https:\/\/www.europesays.com\/fr\/538867\/"},"modified":"2025-11-16T20:53:11","modified_gmt":"2025-11-16T20:53:11","slug":"but-de-dingue-a-vitre-bordeaux-qualifie-le-recap-de-la-coupe-de-france-coupe-de-france-7e-tour","status":"publish","type":"post","link":"https:\/\/www.europesays.com\/fr\/538867\/","title":{"rendered":"But de dingue \u00e0 Vitr\u00e9, Bordeaux qualifi\u00e9&#8230; le r\u00e9cap de la Coupe\u00a0de\u00a0France &#8211; Coupe de France &#8211; 7e Tour"},"content":{"rendered":"<p>La folie !<\/p>\n<p>Un retourn\u00e9 acrobatique du gardien, et c\u2019est la folie \u00e0 l\u2019Avant-Garde de Plouvorn. Le pensionnaire de R\u00e9gional 1 s\u2019est qualifi\u00e9 pour le 8e tour de la Coupe de France gr\u00e2ce \u00e0 un but compl\u00e8tement dingue, r\u00e9cup\u00e9r\u00e9 par le m\u00e9dia NationalFootball. On joue la derni\u00e8re minute du temps additionnel. Les locaux de l\u2019AS Vitr\u00e9 sont proches de se qualifier lorsqu\u2019Aur\u00e9lien Deniel, gardien des visiteurs, envoie un retourn\u00e9 acrobatique sur le dernier corner de la partie. <strong>Les Finist\u00e9riens (Yvon Le Roux est n\u00e9 dans le Finist\u00e8re) se qualifient ensuite aux tirs au but.<\/strong><\/p>\n<blockquote class=\"twitter-tweet\" data-media-max-width=\"560\">\n<p lang=\"fr\" dir=\"ltr\">\ud83d\udea8\ud83c\udfc6 \ud835\uddd6&rsquo;\ud835\uddd8\ud835\udde6\ud835\udde7 \ud835\uddd6\ud835\udde2\ud835\udde0\ud835\udde3\ud835\udddf\ud835\uddd8\u0300\ud835\udde7\ud835\uddd8\ud835\udde0\ud835\uddd8\ud835\udde1\ud835\udde7 \ud835\uddd9\ud835\udde2\ud835\udde8 \ud835\uddd6\ud835\uddd8 \ud835\udde4\ud835\udde8&rsquo;\ud835\udddc\ud835\udddf \ud835\udde6\ud835\uddd8 \ud835\udde3\ud835\uddd4\ud835\udde6\ud835\udde6\ud835\uddd8 \ud835\uddd4\u0300 \ud835\udde9\ud835\udddc\ud835\udde7\ud835\udde5\ud835\uddd8\u0301 !!! \ud83e\udd2f\ud83e\udd2f\ud83e\udd2f<br \/>\nAlors que les locaux de l&rsquo;AS Vitr\u00e9 (N3) menaient 1 \u00e0 0 depuis la sortie des vestiaires, le gardien de l&rsquo;AG Plouvorn (R1) a l\u00e2ch\u00e9 cette \ud835\udde5\ud835\uddd8\ud835\udde7\ud835\udde2\ud835\udde8\ud835\udde5\ud835\udde1\ud835\uddd8\u0301\ud835\uddd8\u2026 <a target=\"_blank\" href=\"https:\/\/t.co\/j1qBGDhNWZ\" rel=\"nofollow\">pic.twitter.com\/j1qBGDhNWZ<\/a><\/p>\n<p>\u2014 NationalFootball \ud83c\uddeb\ud83c\uddf7 (@nationalfoot_) <a target=\"_blank\" href=\"https:\/\/twitter.com\/nationalfoot_\/status\/1990089961979163025?ref_src=twsrc%5Etfw\" rel=\"nofollow noopener\">November 16, 2025<\/a><\/p><\/blockquote>\n<p>Le petit Poucet et deux clubs de Ligue 2 \u00e9limin\u00e9s<\/p>\n<p>Derni\u00e8re \u00e9quipe de district encore en lice, Bobigny s\u2019incline contre Villeneuve-la-Garenne, club de R2, aux tirs au but. Les R\u00e9unionnais de la Saint-Pauloise verront le 8e tour. Comme Bordeaux, vainqueur sans \u00e9clat de l\u2019Entente Bo\u00e9\/Bon-Encontre, club de la banlieue d\u2019Agen <strong>(1-0)<\/strong>. En 2011, le PSG de Nen\u00ea s\u2019y \u00e9tait d\u00e9plac\u00e9 (contre le SUA), et l\u2019avait difficilement emport\u00e9 (3-2). <strong>Les clubs de Ligue 2 du Red Star, de Nancy et de Montpellier passent sans encombres.<\/strong><\/p>\n<p>Au rayon des belles histoires, la Sainte-Anne de Reims, club de R2, scalpe le GFC Ajaccio (N3) <strong>(2-1)<\/strong>, P\u00e9rigny (R1), en banlieue de La Rochelle, atteint les 64es de finale pour la premi\u00e8re fois de son histoire, et Blois r\u00e9siste contre Clermont-Ferrand, et finit par s\u2019imposer au bout du bout de la s\u00e9ance de tirs au but <strong>(1-1, 7-6 aux TAB).<\/strong> Except\u00e9 la saison 1996-1997 et le <a target=\"_blank\" href=\"https:\/\/www.sofoot.com\/articles\/le-jour-ou-clermont-a-renverse-psg-coupe-de-france-32es-bordeaux\" rel=\"nofollow noopener\">scalp du PSG de Ra\u00ed<\/a> en huiti\u00e8mes de finale, la capitale de l\u2019Auvergne confirme qu\u2019elle n\u2019est pas une terre de Coupe de France. Enfin, dans le seul duel 100% Ligue 2 du week-end, Dunkerque fait chuter Boulogne <strong>(2-2, 5-4 aux TAB)<\/strong>.<\/p>\n<p>Le 8e tour se disputera le dernier week-end de novembre.<\/p>\n<p>\t\t\t\t\t\t\t\t\t\t<a class=\"lien-connexe\" href=\"https:\/\/www.sofoot.com\/breves\/les-girondins-de-bordeaux-reagissent-apres-avoir-vu-eric-zemmour-safficher-avec-leur-maillot\" rel=\"nofollow noopener\" target=\"_blank\">Eric Zemmour s\u2019affiche avec le maillot de Bordeaux, le club r\u00e9agit<\/a>\t\t\t\t\t<script async src=\"https:\/\/platform.twitter.com\/widgets.js\" charset=\"utf-8\"><\/script><\/p>\n","protected":false},"excerpt":{"rendered":"La folie ! Un retourn\u00e9 acrobatique du gardien, et c\u2019est la folie \u00e0 l\u2019Avant-Garde de Plouvorn. Le pensionnaire&hellip;\n","protected":false},"author":2,"featured_media":538868,"comment_status":"","ping_status":"","sticky":false,"template":"","format":"standard","meta":{"footnotes":""},"categories":[2817],"tags":[1111,47,11,61,1997,69,65,64,1777,674,63,1011,27,68,66,12,62,2219,70,25,67],"class_list":{"0":"post-538867","1":"post","2":"type-post","3":"status-publish","4":"format-standard","5":"has-post-thumbnail","7":"category-bordeaux","8":"tag-actu","9":"tag-actualite","10":"tag-actualites","11":"tag-actus-football","12":"tag-bordeaux","13":"tag-bundesliga","14":"tag-championnats-europeens","15":"tag-equipe-de-france","16":"tag-eu","17":"tag-europe","18":"tag-football","19":"tag-fr","20":"tag-france","21":"tag-ligua","22":"tag-ligue-1","23":"tag-news","24":"tag-news-foot","25":"tag-nouvelle-aquitaine","26":"tag-premier-league","27":"tag-republique-francaise","28":"tag-serie-a"},"share_on_mastodon":{"url":"https:\/\/pubeurope.com\/@fr\/115561365799877161","error":""},"_links":{"self":[{"href":"https:\/\/www.europesays.com\/fr\/wp-json\/wp\/v2\/posts\/538867","targetHints":{"allow":["GET"]}}],"collection":[{"href":"https:\/\/www.europesays.com\/fr\/wp-json\/wp\/v2\/posts"}],"about":[{"href":"https:\/\/www.europesays.com\/fr\/wp-json\/wp\/v2\/types\/post"}],"author":[{"embeddable":true,"href":"https:\/\/www.europesays.com\/fr\/wp-json\/wp\/v2\/users\/2"}],"replies":[{"embeddable":true,"href":"https:\/\/www.europesays.com\/fr\/wp-json\/wp\/v2\/comments?post=538867"}],"version-history":[{"count":0,"href":"https:\/\/www.europesays.com\/fr\/wp-json\/wp\/v2\/posts\/538867\/revisions"}],"wp:featuredmedia":[{"embeddable":true,"href":"https:\/\/www.europesays.com\/fr\/wp-json\/wp\/v2\/media\/538868"}],"wp:attachment":[{"href":"https:\/\/www.europesays.com\/fr\/wp-json\/wp\/v2\/media?parent=538867"}],"wp:term":[{"taxonomy":"category","embeddable":true,"href":"https:\/\/www.europesays.com\/fr\/wp-json\/wp\/v2\/categories?post=538867"},{"taxonomy":"post_tag","embeddable":true,"href":"https:\/\/www.europesays.com\/fr\/wp-json\/wp\/v2\/tags?post=538867"}],"curies":[{"name":"wp","href":"https:\/\/api.w.org\/{rel}","templated":true}]}}