{"id":538879,"date":"2025-11-16T21:05:16","date_gmt":"2025-11-16T21:05:16","guid":{"rendered":"https:\/\/www.europesays.com\/fr\/538879\/"},"modified":"2025-11-16T21:05:16","modified_gmt":"2025-11-16T21:05:16","slug":"ary-abittan-revient-a-lyon-avec-authentique-un-spectacle-de-reconstruction","status":"publish","type":"post","link":"https:\/\/www.europesays.com\/fr\/538879\/","title":{"rendered":"Ary Abittan revient \u00e0 Lyon avec \u201cAuthentique\u201d, un spectacle de reconstruction"},"content":{"rendered":"<p>\t\t\t\t\t\t\t\t\t\t\t<img decoding=\"async\" src=\"https:\/\/www.europesays.com\/fr\/wp-content\/uploads\/2025\/11\/1280x720_ary-abittan-revient-a-lyon-avec-authentique-un-spectacle-de-reconstruction_691a00ef1e2e6.jp.jpeg\" alt=\"Ary Abittan revient \u00e0 Lyon avec \u201cAuthentique\u201d, un spectacle de reconstruction\" title=\"Ary Abittan revient \u00e0 Lyon avec \u201cAuthentique\u201d, un spectacle de reconstruction\" width=\"1280\" height=\"720\" class=\"img-fluid  mb-3\" loading=\"lazy\"\/>\t\t\t\t\t\t\t\t\t\t\t\t<\/p>\n<p>Ary Abittan revient \u00e0 Lyon avec \u201cAuthentique\u201d, un spectacle de reconstruction &#8211; DR<\/p>\n<p itemprop=\"description\"><strong>Trois ans apr\u00e8s s\u2019\u00eatre retir\u00e9 de la sc\u00e8ne, Ary Abittan signe son retour avec \u201cAuthentique\u201d, un spectacle qu\u2019il pr\u00e9sentera le 25 novembre \u00e0 la Bourse du Travail.<\/strong><\/p>\n<p>Un rendez-vous tr\u00e8s attendu pour l\u2019humoriste, longtemps tenu \u00e9loign\u00e9 du public apr\u00e8s les accusations de viol qui ont marqu\u00e9 son actualit\u00e9 judiciaire. Blanchi et d\u00e9termin\u00e9 \u00e0 reprendre sa place, il \u00e9voque d\u00e9sormais cette p\u00e9riode \u00e0 travers un spectacle qu\u2019il d\u00e9crit comme un chemin vers la v\u00e9rit\u00e9.<\/p>\n<p>\u00ab\u00a0C\u2019est vrai que je suis heureux parce que la sc\u00e8ne, c\u2019est mon premier amour\u00a0\u00bb, nous confie l\u2019artiste, toujours marqu\u00e9 par l\u2019accueil du public depuis son retour. L\u2019attente des spectateurs a jou\u00e9 un r\u00f4le essentiel dans sa d\u00e9cision de remonter sur les planches. \u00ab\u00a0Je crois que ce qui me manquait, au fond, je vais vous dire, c\u2019\u00e9tait moi. Voil\u00e0, je me suis manqu\u00e9, moi, tout seul \u00e0 la sc\u00e8ne.\u00a0\u00bb<\/p>\n<p>Dans Authentique, Abittan parle frontalement de ses ann\u00e9es d\u2019absence. Non pas pour revenir sur l\u2019affaire, mais pour expliquer ce que la temp\u00eate a fait de lui. \u00ab\u00a0Je parle de ce que j\u2019ai v\u00e9cu, je ne parle pas de l\u2019\u00e9preuve elle-m\u00eame (\u2026) c\u2019est un spectacle sur la chute, sur le silence, sur l\u2019ego qu\u2019on enl\u00e8ve, sur comment on se rel\u00e8ve.\u00a0\u00bb Le rire sert ici de catharsis, mais aussi de miroir pour le public. \u00ab\u00a0Les gens rient parce qu\u2019ils se reconnaissent, en fait.\u00a0\u00bb<\/p>\n<p>Sa reconstruction, il la doit aussi \u00e0 la foi et \u00e0 ses proches. \u00ab\u00a0Quand tout s\u2019\u00e9croule autour, il faut un endroit qui ne bouge pas. Pour moi, \u00e7a a \u00e9t\u00e9 la foi. (\u2026) C\u2019est ce qui m\u2019a permis de ne pas me perdre.\u00a0\u00bb<\/p>\n<p>Abittan assume ce nouveau chapitre : \u00ab\u00a0On peut l\u2019appeler comme \u00e7a, la maturit\u00e9, c\u2019est surtout le show de la v\u00e9rit\u00e9.\u00a0\u00bb Authentique raconte ce qu\u2019il a appris, et non ce qu\u2019il a subi. Un retour tout en pudeur, mais profond\u00e9ment ancr\u00e9 dans l\u2019humain.<\/p>\n<p>Authentique, le 25 novembre \u00e0 20h \u2013 Bourse du Travail (Lyon 3e).<br \/>Tarifs : 42 \u00e0 45 \u20ac.<\/p>\n","protected":false},"excerpt":{"rendered":"Ary Abittan revient \u00e0 Lyon avec \u201cAuthentique\u201d, un spectacle de reconstruction &#8211; DR Trois ans apr\u00e8s s\u2019\u00eatre retir\u00e9&hellip;\n","protected":false},"author":2,"featured_media":538880,"comment_status":"","ping_status":"","sticky":false,"template":"","format":"standard","meta":{"footnotes":""},"categories":[1889],"tags":[42568,1111,47,11,2430,1777,674,6017,1011,27,2808,19615,1922,6417,1114,7285,2428,45213,2487,19618,45212,12,316,1404,4049,25,801,2812],"class_list":{"0":"post-538879","1":"post","2":"type-post","3":"status-publish","4":"format-standard","5":"has-post-thumbnail","7":"category-lyon","8":"tag-42568","9":"tag-actu","10":"tag-actualite","11":"tag-actualites","12":"tag-auvergne-rhone-alpes","13":"tag-eu","14":"tag-europe","15":"tag-fait-divers","16":"tag-fr","17":"tag-france","18":"tag-grand-lyon","19":"tag-gratuitement","20":"tag-info","21":"tag-information","22":"tag-infos","23":"tag-jours","24":"tag-lyon","25":"tag-m-lyon","26":"tag-meteo","27":"tag-meteos","28":"tag-mlyon","29":"tag-news","30":"tag-politique","31":"tag-quotidien","32":"tag-quotidienne","33":"tag-republique-francaise","34":"tag-social","35":"tag-sociale"},"share_on_mastodon":{"url":"https:\/\/pubeurope.com\/@fr\/115561413623703082","error":""},"_links":{"self":[{"href":"https:\/\/www.europesays.com\/fr\/wp-json\/wp\/v2\/posts\/538879","targetHints":{"allow":["GET"]}}],"collection":[{"href":"https:\/\/www.europesays.com\/fr\/wp-json\/wp\/v2\/posts"}],"about":[{"href":"https:\/\/www.europesays.com\/fr\/wp-json\/wp\/v2\/types\/post"}],"author":[{"embeddable":true,"href":"https:\/\/www.europesays.com\/fr\/wp-json\/wp\/v2\/users\/2"}],"replies":[{"embeddable":true,"href":"https:\/\/www.europesays.com\/fr\/wp-json\/wp\/v2\/comments?post=538879"}],"version-history":[{"count":0,"href":"https:\/\/www.europesays.com\/fr\/wp-json\/wp\/v2\/posts\/538879\/revisions"}],"wp:featuredmedia":[{"embeddable":true,"href":"https:\/\/www.europesays.com\/fr\/wp-json\/wp\/v2\/media\/538880"}],"wp:attachment":[{"href":"https:\/\/www.europesays.com\/fr\/wp-json\/wp\/v2\/media?parent=538879"}],"wp:term":[{"taxonomy":"category","embeddable":true,"href":"https:\/\/www.europesays.com\/fr\/wp-json\/wp\/v2\/categories?post=538879"},{"taxonomy":"post_tag","embeddable":true,"href":"https:\/\/www.europesays.com\/fr\/wp-json\/wp\/v2\/tags?post=538879"}],"curies":[{"name":"wp","href":"https:\/\/api.w.org\/{rel}","templated":true}]}}