{"id":538885,"date":"2025-11-16T21:09:18","date_gmt":"2025-11-16T21:09:18","guid":{"rendered":"https:\/\/www.europesays.com\/fr\/538885\/"},"modified":"2025-11-16T21:09:18","modified_gmt":"2025-11-16T21:09:18","slug":"victor-hugo-ou-lamoureux-du-patrimoine-parisien","status":"publish","type":"post","link":"https:\/\/www.europesays.com\/fr\/538885\/","title":{"rendered":"Victor Hugo ou l&rsquo;amoureux du patrimoine parisien"},"content":{"rendered":"<p>                    Par<br \/>\n        <strong><br \/>\n            <a href=\"https:\/\/actu.fr\/auteur\/fabienne-marie\" title=\"Consulter tous les articles de Fabienne Marie\" target=\"_blank\" rel=\"noopener\">Fabienne Marie<\/a><br \/>\n                    <\/strong><\/p>\n<p>        Publi\u00e9 le<\/p>\n<p>            16 nov. 2025 \u00e0 19h58        <\/p>\n<p>L\u2019\u00e9crivain fran\u00e7ais Victor Hugo, n\u00e9 le 26\u00a0f\u00e9vrier 1802 et mort le 22\u00a0mai 1885, \u00e9tait un <strong>grand d\u00e9fenseur du patrimoine fran\u00e7ais<\/strong>. Il a m\u00eame fait de certains monuments de <strong>Paris<\/strong> des personnages \u00e0 part enti\u00e8re de ses r\u00e9cits, quand d\u2019autres ont permis de c\u00e9l\u00e9brer son immortalit\u00e9. Retour sur les plus embl\u00e9matiques.<\/p>\n<p>    <img   decoding=\"async\" loading=\"lazy\" src=\"https:\/\/www.europesays.com\/fr\/wp-content\/uploads\/2025\/11\/adobestock-72326912-960x640.jpeg\" alt=\"Dans son livre Notre-Dame de Paris, la cath\u00e9drale est plac\u00e9e au c\u0153ur du roman.\" width=\"960\" height=\"640\"\/><br \/>\n    Dans son livre Notre-Dame de Paris, la cath\u00e9drale est plac\u00e9e au c\u0153ur du roman. (\u00a9Par evannovostro\/Adobestock)#La cath\u00e9drale Notre-Dame de Paris<\/p>\n<p class=\" wall-content\">Dans son livre Notre-Dame de Paris, la cath\u00e9drale est plac\u00e9e au c\u0153ur du roman. Autour de l\u2019\u00e9glise gravitent Quasimodo, Esm\u00e9ralda, Fleur-de-Lys ou encore Claude Frollo. En plus de traiter la passion et l\u2019amour interdit, ce livre est \u00e9galement un <strong>plaidoyer politiqu<\/strong>e pour la <strong>pr\u00e9servation<\/strong> des monuments et du patrimoine.<\/p>\n<p class=\" wall-content\">Gr\u00e2ce au succ\u00e8s imm\u00e9diat du roman, un mouvement en faveur de <strong>l\u2019architecture gothiqu<\/strong>e et de la pr\u00e9servation du patrimoine national voit le jour, relay\u00e9 par<strong> Prosper M\u00e9rim\u00e9e<\/strong>, inspecteur des monuments historiques.<\/p>\n<p class=\" wall-content\">En 1842, gr\u00e2ce \u00e0 l\u2019\u00e9moi suscit\u00e9 par le roman de Victor Hugo, un <strong>grand projet de restauration<\/strong> voit le jour. Et c\u2019est m\u00eame gr\u00e2ce \u00e0 Victor Hugo que les fabuleuses chim\u00e8res contemplent la ville de Paris depuis des si\u00e8cles\u2009!<\/p>\n<p>    <img   decoding=\"async\" loading=\"lazy\" src=\"https:\/\/www.europesays.com\/fr\/wp-content\/uploads\/2025\/11\/arc-de-triomphe-960x640.jpg\" alt=\"Les coureurs de l'Adidas 10k Paris arriveront pr\u00e8s de l'Arc de Triomphe ce dimanche 7 juin 2025. \" width=\"960\" height=\"640\"\/><br \/>\n    \u00c0 sa mort, en 1885, le cercueil de Victor Hugo est expos\u00e9 une nuit enti\u00e8re aux pieds du monument.(\u00a9AG\/ actu Paris)#L\u2019Arc de triomphe<\/p>\n<p class=\" wall-content\">Si l\u2019\u00e9crivain est tr\u00e8s attach\u00e9 \u00e0 la cath\u00e9drale de l\u2019\u00eele de la Cit\u00e9, il l\u2019est aussi d\u2019un autre monument parisien\u2009: l\u2019Arc de triomphe. Celui-ci lui a inspir\u00e9 de nombreux po\u00e8mes. C\u2019est ici m\u00eame que se tiendront ses fun\u00e9railles. \u00c0 sa mort, en 1885, son cercueil est expos\u00e9 une nuit enti\u00e8re aux pieds du monument.<\/p>\n<p class=\" wall-content\">Sous la grande arche, un catafalque de 22 m\u00e8tres de haut dessin\u00e9 par Charles Garnier y a \u00e9t\u00e9 install\u00e9. L\u2019architecte de l\u2019Op\u00e9ra avait tenu \u00e0 concevoir b\u00e9n\u00e9volement cette \u0153uvre dont la forme rappelait \u00e0 la fois une urne et un encrier.<\/p>\n<p>Votre r\u00e9gion, votre actu !<\/p>\n<p>Recevez chaque jour les infos qui comptent pour vous.<\/p>\n<p>\t<a href=\"https:\/\/actu.fr\/newsletter\" class=\"ac-btn ac-btn--corner ac-btn--medium ac-btn--blue800\" target=\"_blank\" rel=\"noopener\">S&rsquo;incrire<\/a><\/p>\n<p>    <img   decoding=\"async\" loading=\"lazy\" src=\"https:\/\/www.europesays.com\/fr\/wp-content\/uploads\/2025\/11\/adobestock-602336692-1-960x640.jpeg\" alt=\"Le 1\u1d49\u02b3 juin 1885, le cort\u00e8ge fun\u00e8bre, parti de l\u2019Arc de triomphe, escortait Victor Hugo au Panth\u00e9on.\" width=\"960\" height=\"640\"\/><br \/>\n    Le 1\u1d49\u02b3 juin 1885, le cort\u00e8ge fun\u00e8bre, parti de l\u2019Arc de triomphe, escortait Victor Hugo au Panth\u00e9on. (\u00a9Par Andrei Antipov\/Adobestock)#Le Panth\u00e9on<\/p>\n<p class=\" wall-content\">C\u2019est en avril 1791 que le Panth\u00e9on, tout juste construit, voit son destin changer. Alors qu\u2019il se destinait \u00e0 devenir la<strong> future \u00e9glise Saint-Genevi\u00e8ve<\/strong>, l\u2019Assembl\u00e9e nationale constituante d\u00e9cr\u00e8te qu\u2019il servirait de tombeau aux personnalit\u00e9s exceptionnelles ayant contribu\u00e9 \u00e0 la grandeur de la France.<\/p>\n<p class=\" wall-content\">Le 1\u1d49\u02b3 juin 1885, le cort\u00e8ge fun\u00e8bre, parti de l\u2019Arc de triomphe, escortait Victor Hugo au Panth\u00e9on. Deux millions de Fran\u00e7ais ont suivi le cercueil. Ce jour-l\u00e0, le Panth\u00e9on a quitt\u00e9 son statut d\u2019\u00e9glise et devient le temple la\u00efque des grands hommes et grandes femmes.<\/p>\n<p class=\" wall-content\">Personnalisez votre actualit\u00e9 en ajoutant vos villes et m\u00e9dias en favori avec <a href=\"https:\/\/moncompte.actu.fr\" title=\"D\u00e9couvez Mon Actu\" rel=\"nofollow noopener\" data-trk=\"{&quot;cta&quot;:{&quot;action&quot;:&quot;https:\\\/\\\/moncompte.actu.fr&quot;,&quot;category&quot;:&quot;mon compte&quot;,&quot;from&quot;:&quot;article footer&quot;,&quot;name&quot;:&quot;Mon actu&quot;,&quot;type&quot;:&quot;cta&quot;}}\" target=\"_blank\">Mon Actu<\/a>.<\/p>\n","protected":false},"excerpt":{"rendered":"Par Fabienne Marie Publi\u00e9 le 16 nov. 2025 \u00e0 19h58 L\u2019\u00e9crivain fran\u00e7ais Victor Hugo, n\u00e9 le 26\u00a0f\u00e9vrier 1802&hellip;\n","protected":false},"author":2,"featured_media":538886,"comment_status":"","ping_status":"","sticky":false,"template":"","format":"standard","meta":{"footnotes":""},"categories":[1888],"tags":[1111,1928,11,1927,17864,8777,1777,674,1011,27,58904,12,1926,626,1925,2551,64164,25],"class_list":{"0":"post-538885","1":"post","2":"type-post","3":"status-publish","4":"format-standard","5":"has-post-thumbnail","7":"category-paris","8":"tag-actu","9":"tag-actu-paris","10":"tag-actualites","11":"tag-actualites-paris","12":"tag-arc-de-triomphe","13":"tag-cathedrale-notre-dame-de-paris","14":"tag-eu","15":"tag-europe","16":"tag-fr","17":"tag-france","18":"tag-histoire-patrimoine","19":"tag-news","20":"tag-news-paris","21":"tag-paris","22":"tag-paris-news","23":"tag-patrimoine","24":"tag-personnages-historiques","25":"tag-republique-francaise"},"share_on_mastodon":{"url":"https:\/\/pubeurope.com\/@fr\/115561430238129060","error":""},"_links":{"self":[{"href":"https:\/\/www.europesays.com\/fr\/wp-json\/wp\/v2\/posts\/538885","targetHints":{"allow":["GET"]}}],"collection":[{"href":"https:\/\/www.europesays.com\/fr\/wp-json\/wp\/v2\/posts"}],"about":[{"href":"https:\/\/www.europesays.com\/fr\/wp-json\/wp\/v2\/types\/post"}],"author":[{"embeddable":true,"href":"https:\/\/www.europesays.com\/fr\/wp-json\/wp\/v2\/users\/2"}],"replies":[{"embeddable":true,"href":"https:\/\/www.europesays.com\/fr\/wp-json\/wp\/v2\/comments?post=538885"}],"version-history":[{"count":0,"href":"https:\/\/www.europesays.com\/fr\/wp-json\/wp\/v2\/posts\/538885\/revisions"}],"wp:featuredmedia":[{"embeddable":true,"href":"https:\/\/www.europesays.com\/fr\/wp-json\/wp\/v2\/media\/538886"}],"wp:attachment":[{"href":"https:\/\/www.europesays.com\/fr\/wp-json\/wp\/v2\/media?parent=538885"}],"wp:term":[{"taxonomy":"category","embeddable":true,"href":"https:\/\/www.europesays.com\/fr\/wp-json\/wp\/v2\/categories?post=538885"},{"taxonomy":"post_tag","embeddable":true,"href":"https:\/\/www.europesays.com\/fr\/wp-json\/wp\/v2\/tags?post=538885"}],"curies":[{"name":"wp","href":"https:\/\/api.w.org\/{rel}","templated":true}]}}