{"id":538887,"date":"2025-11-16T21:10:21","date_gmt":"2025-11-16T21:10:21","guid":{"rendered":"https:\/\/www.europesays.com\/fr\/538887\/"},"modified":"2025-11-16T21:10:21","modified_gmt":"2025-11-16T21:10:21","slug":"emmanuel-macron-recoit-volodymyr-zelensky-lundi-a-paris-voici-le-programme-de-leur-rencontre","status":"publish","type":"post","link":"https:\/\/www.europesays.com\/fr\/538887\/","title":{"rendered":"Emmanuel Macron re\u00e7oit Volodymyr Zelensky lundi \u00e0 Paris : voici le programme de leur rencontre"},"content":{"rendered":"<ul class=\"jsx-862013697 ArticleChapo__List\">\n<li class=\"jsx-862013697 ArticleChapo__List_Item flex\">Volodymyr Zelensky sera re\u00e7u lundi par Emmanuel Macron \u00e0 Paris.<\/li>\n<li class=\"jsx-862013697 ArticleChapo__List_Item flex\">Il s&rsquo;agira de la 9\u1d49 visite du pr\u00e9sident ukrainien en France depuis le d\u00e9but de la guerre en Ukraine.<\/li>\n<li class=\"jsx-862013697 ArticleChapo__List_Item flex\">Briefing de l&rsquo;\u00e9tat-major de la \u00ab\u00a0force multinationale Ukraine\u00a0\u00bb, pr\u00e9sentation par les industriels de la d\u00e9fense des armements fran\u00e7ais\u2026 Voici le d\u00e9roul\u00e9 de cette rencontre.<\/li>\n<\/ul>\n<p><a href=\"https:\/\/www.tf1info.fr\/actualite\/guerre-ukraine-russie-une-rencontre-donald-trump-vladimir-poutine-historique-le-vendredi-15-aout-2025-en-alaska-sans-volodymyr-zelensky-14326\/\" rel=\"noopener\" class=\"jsx-484472199 Link jsx-1428418400 jsx-554215408\" target=\"_blank\"><\/p>\n<p style=\"font-weight:400\" class=\"jsx-1837267516\">Suivez la couverture compl\u00e8te<\/p>\n<p style=\"font-weight:800\" class=\"jsx-1837267516\">Ukraine-Russie : l&rsquo;espoir de n\u00e9gociations au point mort<\/p>\n<p><\/a><\/p>\n<p data-module=\"article-paragraph\" class=\"jsx-3046738180 Paragraph Paragraph__End\">Un programme dense et une entrevue pour \u00ab\u00a0r\u00e9affirmer l&rsquo;engagement de la France aux c\u00f4t\u00e9s de l&rsquo;Ukraine\u00a0\u00bb. Emmanuel Macron recevra lundi 17 novembre son homologue ukrainien <a href=\"https:\/\/www.tf1info.fr\/international\/guerre-ukraine-russie-emmanuel-macron-recoit-volodymyr-zelensky-lundi-a-paris-de-quoi-vont-ils-parler-2406742.html\" target=\"_blank\" rel=\"noopener\">Volodymyr Zelensky \u00e0 Paris<\/a>. Il s&rsquo;agira de sa neuvi\u00e8me visite en France depuis le d\u00e9but de la guerre en Ukraine en f\u00e9vrier 2022. Au cours de cette journ\u00e9e, les deux dirigeants \u00e9changeront \u00ab\u00a0sur les enjeux de coop\u00e9ration bilat\u00e9rale, notamment dans les domaines \u00e9nerg\u00e9tique, \u00e9conomique et de d\u00e9fense\u00a0\u00bb, liste la pr\u00e9sidence fran\u00e7aise dans un communiqu\u00e9.\u00a0<\/p>\n<p>La pr\u00e9sentation d&rsquo;\u00e9quipements militaires tricolores<\/p>\n<p data-module=\"article-paragraph\" class=\"jsx-3046738180 Paragraph\">Emmanuel Macron et Volodymyr Zelensky commenceront leur journ\u00e9e par un d\u00e9placement sur la base a\u00e9rienne militaire de Villacoublay, au sud-ouest de Paris. Le pr\u00e9sident de la R\u00e9publique y arrivera \u00e0 9h30, dix minutes avant une c\u00e9r\u00e9monie d&rsquo;accueil du chef d&rsquo;\u00c9tat ukrainien, rythm\u00e9e par les honneurs militaires et une revue des troupes. Les deux leaders assisteront ensuite \u00e0 un briefing d&rsquo;une demi-heure avec les industriels fran\u00e7ais du secteur de la d\u00e9fense, lors duquel des \u00e9quipements militaires seront pr\u00e9sent\u00e9s.<\/p>\n<p data-module=\"article-paragraph\" class=\"jsx-3046738180 Paragraph\">Parmi eux, le missile <a href=\"https:\/\/www.tf1info.fr\/international\/guerre-en-ukraine-qu-est-ce-que-le-missile-aster-que-la-france-va-de-nouveau-livrer-a-kiev-2294027.html\" target=\"_blank\" rel=\"noopener\">Aster 30 B1 NT<\/a>, qui fonctionne avec le <a href=\"https:\/\/www.tf1info.fr\/high-tech\/armee-francaise-operation-mercure-aster-30-b1-nt-la-cible-a-ete-touchee-le-nouveau-missile-anti-aerien-francais-reussit-son-premier-test-d-interception-2327521.html\" target=\"_blank\" rel=\"noopener\">syst\u00e8me de d\u00e9fense sol-air de moyenne port\u00e9e de nouvelle g\u00e9n\u00e9ration<\/a> (SAMP\/T NG). Il doit entrer en service en 2026 et aura la capacit\u00e9 d&rsquo;atteindre une cible volant \u00e0 25.000 m d&rsquo;altitude, \u00e0 150 km \u00e0 la ronde. Les syst\u00e8mes de drone seront \u00e9galement pass\u00e9s en revue, de m\u00eame que <a href=\"https:\/\/www.tf1info.fr\/international\/video-drones-russes-au-coeur-de-la-mission-des-rafale-francais-charges-de-surveiller-le-ciel-polonais-2395186.html\" target=\"_blank\" rel=\"noopener\">l&rsquo;avion Rafale et son armement<\/a>, fleuron de l&rsquo;a\u00e9ronautique fran\u00e7aise, que Volodymyr Zelensky souhaite recevoir pour renforcer sa flotte d&rsquo;avions. Le pr\u00e9sident ukrainien a annonc\u00e9 ce dimanche sur X avoir conclu un \u00ab\u00a0accord historique\u00a0\u00bb avec la France qui \u00ab\u00a0pr\u00e9voit un renforcement significatif de notre aviation de combat, de notre d\u00e9fense a\u00e9rienne et de nos autres capacit\u00e9s de d\u00e9fense\u00a0\u00bb.\u00a0<\/p>\n<p data-module=\"article-paragraph\" class=\"jsx-3046738180 Paragraph Paragraph__End\">Avec cette pr\u00e9sentation des industriels, l&rsquo;\u00c9lys\u00e9e compte \u00ab\u00a0mettre l&rsquo;excellence fran\u00e7aise en mati\u00e8re d&rsquo;industrie d&rsquo;armement au service de la d\u00e9fense de l&rsquo;Ukraine\u00a0\u00bb. Il s&rsquo;agira aussi de \u00ab\u00a0permettre d&rsquo;acqu\u00e9rir les syst\u00e8mes qui sont n\u00e9cessaires [\u00e0 l&rsquo;Ukraine] pour r\u00e9pondre \u00e0 l&rsquo;agression russe\u00a0\u00bb.<\/p>\n<blockquote data-testid=\"EmbedTwitter\" id=\"tweet-1989946753085542625-:Riqpd6j979m:\" class=\"jsx-aeff1a1c40f54d7a twitter-tweet flex justify-center items-center\"><p>A historic agreement has also been prepared with France \u2013 there will be a significant strengthening of our combat aviation, air defense, and other defense capabilities. According to the visit schedule, this will take place on Monday. \u2014 Volodymyr Zelenskyy \/ \u0412\u043e\u043b\u043e\u0434\u0438\u043c\u0438\u0440 \u0417\u0435\u043b\u0435\u043d\u0441\u044c\u043a\u0438\u0439 (@ZelenskyyUa)  November 16, 2025<\/p><\/blockquote>\n<p>Un briefing par l&rsquo;\u00e9tat-major de la \u00ab\u00a0force multinationale Ukraine\u00a0\u00bb<\/p>\n<p data-module=\"article-paragraph\" class=\"jsx-3046738180 Paragraph\">Apr\u00e8s la signature, \u00e0 10h20, d&rsquo;une lettre d&rsquo;intention, Emmanuel Macron et Volodymyr Zelensky se dirigeront vers l&rsquo;\u00e9tat-major de la \u00ab\u00a0force multinationale Ukraine\u00a0\u00bb, dont le lieu demeure inconnu. Une force que s&rsquo;efforcent de cr\u00e9er la France et le Royaume-Uni pour qu&rsquo;elle puisse \u00eatre d\u00e9ploy\u00e9e dans le cadre d&rsquo;un <a href=\"https:\/\/www.tf1info.fr\/international\/guerre-ukraine-russie-proposition-de-cessez-le-feu-quelles-sont-les-exigences-russes-de-vladimir-poutine-2359169.html\" target=\"_blank\" rel=\"noopener\">accord de cessez-le-feu avec la Russie<\/a> et des \u00ab\u00a0garanties de s\u00e9curit\u00e9\u00a0\u00bb \u00e0 fournir \u00e0 Kiev.<\/p>\n<p data-module=\"article-paragraph\" class=\"jsx-3046738180 Paragraph Paragraph__End\">La <a href=\"https:\/\/www.tf1info.fr\/international\/video-guerre-ukraine-russie-maintien-de-la-paix-kiev-la-coalition-des-volontaires-voulue-par-macron-et-starmer-prend-forme-2360696.html\" target=\"_blank\" rel=\"noopener\">force multinationale Ukraine<\/a> a \u00e9t\u00e9 mise en place par la <a href=\"https:\/\/www.tf1info.fr\/international\/guerre-en-ukraine-russie-3-choses-a-savoir-sur-la-coalition-des-volontaires-qui-se-reunit-ce-dimanche-2389170.html\" target=\"_blank\" rel=\"noopener\">Coalition des volontaires<\/a>, qui s&rsquo;est r\u00e9unie la derni\u00e8re fois \u00e0 Londres le 24 octobre et qui comprend 35 pays, dont l&rsquo;Ukraine. Le palais pr\u00e9sidentiel assure que cet \u00e9tat-major est d&rsquo;ores et d\u00e9j\u00e0 op\u00e9rationnel. Un briefing de ce dernier d\u00e9butera \u00e0 11h05<\/p>\n<p>Une conf\u00e9rence de presse et un forum sur les drones<\/p>\n<p data-module=\"article-paragraph\" class=\"jsx-3046738180 Paragraph Paragraph__End\">Volodymyr Zelensky sera par la suite accueilli \u00e0 l&rsquo;\u00c9lys\u00e9e par le pr\u00e9sident de la R\u00e9publique, \u00e0 12h30, pour notamment signer plusieurs accords. Tous deux tiendront, dans la foul\u00e9e, une conf\u00e9rence de presse qui sera suivie d&rsquo;un d\u00e9jeuner de travail en t\u00eate-\u00e0-t\u00eate. \u00c0 15h, les pr\u00e9sidents participeront au forum drones franco-ukrainien, derni\u00e8re \u00e9tape de leur journ\u00e9e marathon. La <a href=\"https:\/\/www.tf1info.fr\/international\/guerre-en-ukraine-un-mur-de-drones-francais-atreyd-pour-lutter-contre-les-attaques-russes-2406529.html\" target=\"_blank\" rel=\"noopener\">lutte antidrones<\/a> est une des priorit\u00e9s \u00e0 l&rsquo;ordre du jour, selon l&rsquo;\u00c9lys\u00e9e, qui a condamn\u00e9 \u00ab\u00a0avec la plus grande v\u00e9h\u00e9mence les frappes qui ont \u00e0 nouveau vis\u00e9 Kiev dans la nuit\u00a0\u00bb de jeudi \u00e0 vendredi. Une attaque russe de missiles et de drones ciblant principalement de nombreux quartiers de Kiev a fait au moins six morts, selon les autorit\u00e9s ukrainiennes.<\/p>\n<p><a href=\"https:\/\/www.tf1info.fr\/international\/en-direct-guerre-en-ukraine-russie-volodymyr-zelensky-reclame-des-systemes-de-defense-aerienne-2406969.html\" rel=\"noopener\" class=\"jsx-3308031228 Link flex\" target=\"_blank\"><img decoding=\"async\" src=\"https:\/\/www.europesays.com\/fr\/wp-content\/uploads\/2025\/11\/dominique-de-villepin-lci-16-novembre-2025-a45e0c-0@1x.jpeg\" alt=\"LCI\" loading=\"lazy\" importance=\"low\" fetchpriority=\"low\" class=\"\" aria-hidden=\"true\"\/><\/p>\n<p class=\"jsx-3657663356 ReadMoreArticle__Title\">Lire aussi<\/p>\n<p class=\"jsx-3657663356\">EN DIRECT &#8211; Guerre en Ukraine : l&rsquo;\u00c9tat fran\u00e7ais \u00ab\u00a0ne doit pas \u00eatre chef de guerre\u00a0\u00bb, affirme Dominique de Villepin sur LCI<\/p>\n<p><\/a><\/p>\n<p data-module=\"article-paragraph\" class=\"jsx-3046738180 Paragraph Paragraph__End\">Avant de se rendre dans l&rsquo;Hexagone, c&rsquo;est \u00e0 Ath\u00e8nes que Volodymyr Zelensky a atterri ce dimanche, dans le cadre d&rsquo;un tour d&rsquo;Europe pour discuter de d\u00e9fense et d&rsquo;\u00e9nergie. L&rsquo;Ukraine et la Gr\u00e8ce ont sign\u00e9 un accord pour la livraison de gaz naturel liqu\u00e9fi\u00e9 (GNL) am\u00e9ricain \u00e0 Kiev de d\u00e9cembre 2025 \u00e0 mars 2026 afin de r\u00e9pondre aux besoins hivernaux ukrainiens. Mardi, Volodymyr Zelensky se rendra \u00e0 Madrid, en Espagne, o\u00f9 il rencontrera notamment les repr\u00e9sentants des deux chambres du Parlement espagnol.<\/p>\n<p>No\u00e9mie KOSKAS<\/p>\n","protected":false},"excerpt":{"rendered":"Volodymyr Zelensky sera re\u00e7u lundi par Emmanuel Macron \u00e0 Paris. Il s&rsquo;agira de la 9\u1d49 visite du pr\u00e9sident&hellip;\n","protected":false},"author":2,"featured_media":538888,"comment_status":"","ping_status":"","sticky":false,"template":"","format":"standard","meta":{"footnotes":""},"categories":[1888],"tags":[1111,1928,11,1927,1921,1073,1777,674,1011,27,1922,12,1926,626,1925,25,132,220,1917,59253,133,1920,134],"class_list":{"0":"post-538887","1":"post","2":"type-post","3":"status-publish","4":"format-standard","5":"has-post-thumbnail","7":"category-paris","8":"tag-actu","9":"tag-actu-paris","10":"tag-actualites","11":"tag-actualites-paris","12":"tag-article-video","13":"tag-emmanuel-macron","14":"tag-eu","15":"tag-europe","16":"tag-fr","17":"tag-france","18":"tag-info","19":"tag-news","20":"tag-news-paris","21":"tag-paris","22":"tag-paris-news","23":"tag-republique-francaise","24":"tag-russie","25":"tag-ukraine","26":"tag-ukraine-4-annee-de-guerre","27":"tag-ukraine-russie-lespoir-de-negociations-au-point-mort","28":"tag-video","29":"tag-video-international","30":"tag-volodymyr-zelensky"},"share_on_mastodon":{"url":"https:\/\/pubeurope.com\/@fr\/115561432968816471","error":""},"_links":{"self":[{"href":"https:\/\/www.europesays.com\/fr\/wp-json\/wp\/v2\/posts\/538887","targetHints":{"allow":["GET"]}}],"collection":[{"href":"https:\/\/www.europesays.com\/fr\/wp-json\/wp\/v2\/posts"}],"about":[{"href":"https:\/\/www.europesays.com\/fr\/wp-json\/wp\/v2\/types\/post"}],"author":[{"embeddable":true,"href":"https:\/\/www.europesays.com\/fr\/wp-json\/wp\/v2\/users\/2"}],"replies":[{"embeddable":true,"href":"https:\/\/www.europesays.com\/fr\/wp-json\/wp\/v2\/comments?post=538887"}],"version-history":[{"count":0,"href":"https:\/\/www.europesays.com\/fr\/wp-json\/wp\/v2\/posts\/538887\/revisions"}],"wp:featuredmedia":[{"embeddable":true,"href":"https:\/\/www.europesays.com\/fr\/wp-json\/wp\/v2\/media\/538888"}],"wp:attachment":[{"href":"https:\/\/www.europesays.com\/fr\/wp-json\/wp\/v2\/media?parent=538887"}],"wp:term":[{"taxonomy":"category","embeddable":true,"href":"https:\/\/www.europesays.com\/fr\/wp-json\/wp\/v2\/categories?post=538887"},{"taxonomy":"post_tag","embeddable":true,"href":"https:\/\/www.europesays.com\/fr\/wp-json\/wp\/v2\/tags?post=538887"}],"curies":[{"name":"wp","href":"https:\/\/api.w.org\/{rel}","templated":true}]}}