{"id":538911,"date":"2025-11-16T21:22:12","date_gmt":"2025-11-16T21:22:12","guid":{"rendered":"https:\/\/www.europesays.com\/fr\/538911\/"},"modified":"2025-11-16T21:22:12","modified_gmt":"2025-11-16T21:22:12","slug":"le-gouvernement-annonce-92-milliards-deuros-de-nouveaux-investissements-dans-lhexagone-liberation","status":"publish","type":"post","link":"https:\/\/www.europesays.com\/fr\/538911\/","title":{"rendered":"le gouvernement annonce 9,2\u00a0milliards d\u2019euros de nouveaux investissements dans l\u2019Hexagone \u2013 Lib\u00e9ration"},"content":{"rendered":"<p class=\"sc-cPiKLX AiZTS text-element\">On peinait \u00e0 comprendre les contours du premier sommet \u00abChoose France &#8211; \u00e9dition France\u00bb, pr\u00e9vu lundi 17 novembre 2025, \u00e0 Paris. Ce soir, Bercy commence \u00e0 distiller des informations et des chiffres qui permettent d\u2019y voir plus clair. Le gouvernement annonce ainsi 9,2 milliards d\u2019investissements dans des \u00abprojets totalement nouveaux\u00bb, m\u00eame s\u2019il pr\u00e9f\u00e8re communiquer sur le chiffre de 30,4 milliards, qui int\u00e8gre \u00ab21,2 milliards d\u2019euros d\u2019investissements d\u00e9j\u00e0 annonc\u00e9s par les diff\u00e9rentes entreprises ces douze derniers mois\u00bb. 151 projets, r\u00e9partis dans toute la France, sont compris dans cette version compil\u00e9e.<\/p>\n<p class=\"sc-cPiKLX AiZTS text-element\">Si tous les secteurs de l\u2019\u00e9conomie sont impliqu\u00e9s dans les nouveaux investissements, Bercy pr\u00e9cise que le spatial, l\u2019agroalimentaire, la chimie, l\u2019\u00e9nergie et surtout le num\u00e9rique en forment la majeure partie. Pr\u00e8s des deux tiers des 9,2 milliards de nouvelles annonces \u2013 moiti\u00e9 moins que <a href=\"https:\/\/www.liberation.fr\/economie\/choose-france-la-promesse-annoncee-dun-record-dinvestissements-20250519_K5UGJ4HVFVHQRCD6Q3CA2RUFAA\/\" target=\"_blank\" rel=\"noreferrer nofollow noopener\" title=\"https:\/\/www.liberation.fr\/economie\/choose-france-la-promesse-annoncee-dun-record-dinvestissements-20250519_K5UGJ4HVFVHQRCD6Q3CA2RUFAA\/\">la version plus classique de mai 2025, \u00e0 Versailles (20 milliards)<\/a> \u2013 concernent ainsi des data centers, notamment un projet emmen\u00e9 par Iliad (qui d\u00e9tient Free), EDF et Infravia, pour 4 milliards d\u2019euros, afin de devenir possiblement l\u2019un des plus grands c<\/p>\n","protected":false},"excerpt":{"rendered":"On peinait \u00e0 comprendre les contours du premier sommet \u00abChoose France &#8211; \u00e9dition France\u00bb, pr\u00e9vu lundi 17 novembre&hellip;\n","protected":false},"author":2,"featured_media":538912,"comment_status":"","ping_status":"","sticky":false,"template":"","format":"standard","meta":{"footnotes":""},"categories":[4],"tags":[11,1073,1011,27,10805,12,25,11067],"class_list":{"0":"post-538911","1":"post","2":"type-post","3":"status-publish","4":"format-standard","5":"has-post-thumbnail","7":"category-france","8":"tag-actualites","9":"tag-emmanuel-macron","10":"tag-fr","11":"tag-france","12":"tag-industries","13":"tag-news","14":"tag-republique-francaise","15":"tag-sebastien-lecornu"},"share_on_mastodon":{"url":"https:\/\/pubeurope.com\/@fr\/115561479748642177","error":""},"_links":{"self":[{"href":"https:\/\/www.europesays.com\/fr\/wp-json\/wp\/v2\/posts\/538911","targetHints":{"allow":["GET"]}}],"collection":[{"href":"https:\/\/www.europesays.com\/fr\/wp-json\/wp\/v2\/posts"}],"about":[{"href":"https:\/\/www.europesays.com\/fr\/wp-json\/wp\/v2\/types\/post"}],"author":[{"embeddable":true,"href":"https:\/\/www.europesays.com\/fr\/wp-json\/wp\/v2\/users\/2"}],"replies":[{"embeddable":true,"href":"https:\/\/www.europesays.com\/fr\/wp-json\/wp\/v2\/comments?post=538911"}],"version-history":[{"count":0,"href":"https:\/\/www.europesays.com\/fr\/wp-json\/wp\/v2\/posts\/538911\/revisions"}],"wp:featuredmedia":[{"embeddable":true,"href":"https:\/\/www.europesays.com\/fr\/wp-json\/wp\/v2\/media\/538912"}],"wp:attachment":[{"href":"https:\/\/www.europesays.com\/fr\/wp-json\/wp\/v2\/media?parent=538911"}],"wp:term":[{"taxonomy":"category","embeddable":true,"href":"https:\/\/www.europesays.com\/fr\/wp-json\/wp\/v2\/categories?post=538911"},{"taxonomy":"post_tag","embeddable":true,"href":"https:\/\/www.europesays.com\/fr\/wp-json\/wp\/v2\/tags?post=538911"}],"curies":[{"name":"wp","href":"https:\/\/api.w.org\/{rel}","templated":true}]}}