{"id":538913,"date":"2025-11-16T21:25:13","date_gmt":"2025-11-16T21:25:13","guid":{"rendered":"https:\/\/www.europesays.com\/fr\/538913\/"},"modified":"2025-11-16T21:25:13","modified_gmt":"2025-11-16T21:25:13","slug":"michalak-se-paie-gentiment-galthie","status":"publish","type":"post","link":"https:\/\/www.europesays.com\/fr\/538913\/","title":{"rendered":"Michalak se paie gentiment Galthi\u00e9"},"content":{"rendered":"<p><strong>Le XV de France a p\u00e9niblement<br \/>\nbattu les Fidji samedi dans le cadre de sa tourn\u00e9e automnale. Et<br \/>\nl\u2019ancien international Fr\u00e9d\u00e9ric Michalak de pointer les lacunes du<br \/>\ncollectif tricolore.<\/strong><\/p>\n<p>Une semaine apr\u00e8s son cuisant revers devant les doubles<br \/>\nchampions du monde en titre sud-africains (17-32) \u2013 une d\u00e9faite<br \/>\nconc\u00e9d\u00e9e en sup\u00e9riorit\u00e9 num\u00e9rique \u2013 <strong><a href=\"https:\/\/www.sports.fr\/rugby\/xv-de-france\" rel=\"nofollow noopener\" target=\"_blank\">le XV de<br \/>\nFrance<\/a><\/strong> devait se rattraper contre les Fidji ce samedi<br \/>\n\u00e0 Bordeaux, toujours dans le cadre de sa tourn\u00e9e automnale. Mission<br \/>\npartiellement accomplie seulement, les Bleus s\u2019\u00e9tant certes impos\u00e9s<br \/>\n(34-21) mais en faisant montre d\u2019une f\u00e9brilit\u00e9 coupable gu\u00e8re<br \/>\nrassurante.<\/p>\n<p>Tr\u00e8s attentif \u00e0 cette derni\u00e8re rencontre en tant qu\u2019ancien<br \/>\ninternational tricolore mais aussi et surtout entra\u00eeneur de<br \/>\nl\u2019attaque du Racing 92 \u2013 avec deux joueurs \u00e0 suivre<br \/>\nparticuli\u00e8rement puisque Josua Tuisova et Selestino Ravutaumada<br \/>\n\u00e9taient des d\u00e9bats \u2013 Fr\u00e9d\u00e9ric Michalak a pu donner son point de vue<br \/>\nsur cette prestation en demi-teinte des hommes de Fabien<br \/>\nGalthi\u00e9.<\/p>\n<blockquote class=\"twitter-tweet\"><p><a class=\"twitter-link\" rel=\"noindex, nofollow noopener\" href=\"https:\/\/twitter.com\/sports_fr\/status\/1990054693549097217\" target=\"_blank\"><\/p><\/blockquote>\n<p>\u00ab\u00a0On sait que ces matches sont difficiles \u00e0 passer. Il<br \/>\ny a eu un manque de confiance par rapport aux derni\u00e8res<br \/>\nd\u00e9faites, dixit l\u2019ancien demi d\u2019ouverture aux 77 capes<br \/>\ninternationales (pour 436 points \u00e0 son cr\u00e9dit). Certains<br \/>\njoueurs manquent d\u2019exp\u00e9rience \u00e0 ce niveau-l\u00e0. La plupart \u00e9taient<br \/>\nsur le banc auparavant, d\u2019o\u00f9 le manque d\u2019automatismes sur un lancer<br \/>\nen touche qui passe par-dessus quand on est \u00e0 six points alors<br \/>\nqu\u2019on peut appuyer un peu plus.\u00a0\u00bb<\/p>\n<p>Galthi\u00e9 premier responsable\u00a0?<\/p>\n<p>Bien s\u00fbr, histoire de ne pas tirer sur l\u2019ambulance, Fr\u00e9d\u00e9ric<br \/>\nMichalak a pris soin de nuancer son propos sur les ondes de RMC.<br \/>\n\u00ab\u00a0Cette \u00e9quipe a \u00e9t\u00e9 tr\u00e8s solide sur les 20 premi\u00e8res<br \/>\nminutes, puis il y a eu un petit rel\u00e2chement. Et les Fidjiens ont<br \/>\nune tr\u00e8s tr\u00e8s belle \u00e9quipe\u2026 Ils ont inqui\u00e9t\u00e9 l\u2019Angleterre la<br \/>\nsemaine derni\u00e8re. Attention, il ne faut pas les sous-estimer. Tous<br \/>\nles joueurs fidjiens dans notre championnat sont des facteurs<br \/>\nX\u00a0!\u00a0\u00bb<\/p>\n<p>Pour autant, Fabien Galthi\u00e9 n\u2019est peut-\u00eatre pas exempt de tout<br \/>\nreproche dans la construction de son collectif. \u00ab\u00a0Sur la<br \/>\ncomposition d\u2019\u00e9quipe, la question \u00e0 se poser c\u2019est comment<br \/>\nam\u00e9liorer cette coh\u00e9sion qui permettrait aux joueurs d\u2019appuyer aux<br \/>\nmoments cl\u00e9 avec les finisseurs sur les 20 derni\u00e8res<br \/>\nminutes.\u00a0\u00bb Aux yeux de Fr\u00e9d\u00e9ric Michalak, certains<br \/>\njoueurs comme Julien Marchand m\u00e9riteraient ainsi d\u2019avoir davantage<br \/>\nde temps de jeu \u00ab\u00a0car ils ont les capacit\u00e9s physiques et<br \/>\nde leadership pour prendre des d\u00e9cisions importantes sur le terrain<br \/>\net avoir le sentiment d\u2019\u00eatre en confiance.\u00a0\u00bb<\/p>\n<p><script async src=\"https:\/\/platform.twitter.com\/widgets.js\" charset=\"utf-8\"><\/script><\/p>\n","protected":false},"excerpt":{"rendered":"Le XV de France a p\u00e9niblement battu les Fidji samedi dans le cadre de sa tourn\u00e9e automnale. Et&hellip;\n","protected":false},"author":2,"featured_media":538914,"comment_status":"","ping_status":"","sticky":false,"template":"","format":"standard","meta":{"footnotes":""},"categories":[1416],"tags":[1011,27,479,1468,60],"class_list":{"0":"post-538913","1":"post","2":"type-post","3":"status-publish","4":"format-standard","5":"has-post-thumbnail","7":"category-rugby","8":"tag-fr","9":"tag-france","10":"tag-rugby","11":"tag-rugby-football","12":"tag-sports"},"share_on_mastodon":{"url":"https:\/\/pubeurope.com\/@fr\/115561491678739700","error":""},"_links":{"self":[{"href":"https:\/\/www.europesays.com\/fr\/wp-json\/wp\/v2\/posts\/538913","targetHints":{"allow":["GET"]}}],"collection":[{"href":"https:\/\/www.europesays.com\/fr\/wp-json\/wp\/v2\/posts"}],"about":[{"href":"https:\/\/www.europesays.com\/fr\/wp-json\/wp\/v2\/types\/post"}],"author":[{"embeddable":true,"href":"https:\/\/www.europesays.com\/fr\/wp-json\/wp\/v2\/users\/2"}],"replies":[{"embeddable":true,"href":"https:\/\/www.europesays.com\/fr\/wp-json\/wp\/v2\/comments?post=538913"}],"version-history":[{"count":0,"href":"https:\/\/www.europesays.com\/fr\/wp-json\/wp\/v2\/posts\/538913\/revisions"}],"wp:featuredmedia":[{"embeddable":true,"href":"https:\/\/www.europesays.com\/fr\/wp-json\/wp\/v2\/media\/538914"}],"wp:attachment":[{"href":"https:\/\/www.europesays.com\/fr\/wp-json\/wp\/v2\/media?parent=538913"}],"wp:term":[{"taxonomy":"category","embeddable":true,"href":"https:\/\/www.europesays.com\/fr\/wp-json\/wp\/v2\/categories?post=538913"},{"taxonomy":"post_tag","embeddable":true,"href":"https:\/\/www.europesays.com\/fr\/wp-json\/wp\/v2\/tags?post=538913"}],"curies":[{"name":"wp","href":"https:\/\/api.w.org\/{rel}","templated":true}]}}