{"id":538915,"date":"2025-11-16T21:26:27","date_gmt":"2025-11-16T21:26:27","guid":{"rendered":"https:\/\/www.europesays.com\/fr\/538915\/"},"modified":"2025-11-16T21:26:27","modified_gmt":"2025-11-16T21:26:27","slug":"la-charge-forte-de-tim-henman-contre-le-calendrier-atp","status":"publish","type":"post","link":"https:\/\/www.europesays.com\/fr\/538915\/","title":{"rendered":"la charge forte de Tim Henman contre le calendrier ATP"},"content":{"rendered":"<p>                <img decoding=\"async\" src=\"https:\/\/www.europesays.com\/fr\/wp-content\/uploads\/2025\/11\/dsd7.jpg\" fetchpriority=\"high\" alt=\"\u00ab Il y a trop de tennis sans v\u00e9ritable enjeu \u00bb : la charge forte de Tim Henman contre le calendrier ATP\"\/><\/p>\n<p>Alors que les Masters 1000 sont rallong\u00e9s et que les tournois s\u2019encha\u00eenent sans pause, Tim Henman interpelle l\u2019ATP : il faut redonner du sens et du rythme au calendrier. Sa suggestion : r\u00e9duire la dur\u00e9e des grands rendez-vous et r\u00e9introduire de vraies semaines de repos.<\/p>\n<p>Le calendrier ATP a \u00e9t\u00e9 l\u2019un des sujets de discussion les plus importants de la saison 2025. De nombreux joueurs se sont plaints de sa densit\u00e9 et de l\u2019organisation des Masters 1000 sur douze jours, qui semble b\u00e9n\u00e9ficier davantage aux tournois qu\u2019aux joueurs.<\/p>\n<p>En amont de la finale du Masters, l\u2019ancien n\u00b04 mondial Tim Henman a livr\u00e9 son analyse sur le calendrier, consid\u00e9rant qu\u2019il manque parfois \u00ab d\u2019un fil conducteur lisible \u00bb :<\/p>\n<p>\u00ab Il y a parfois trop de tennis sans v\u00e9ritable enjeu. En f\u00e9vrier, on peut compter jusqu\u2019\u00e0 douze tournois en quatre semaines. Vous avez Sinner qui joue ici, Alcaraz l\u00e0-bas, Zverev ailleurs et Djokovic dans un autre endroit. Pour les fans, il n\u2019y a pas de fil conducteur lisible.<\/p>\n<p>Avoir des semaines sans tennis, c\u2019est une bonne chose. Cela permet aux joueurs de se reposer et aux fans de retrouver l\u2019envie avant le prochain tournoi. Je ne suis pas un grand fan de F1, mais c\u2019est assez simple \u00e0 suivre : une course tous les quinze jours, une vingtaine de courses au total, des points qui s\u2019additionnent et des pauses entre chaque.<\/p>\n<p>Le tennis poss\u00e8de de formidables atouts, comme les Grands Chelems et les Masters 1000, mais les Masters sur douze jours sont trop longs. Huit ou neuf jours fonctionnent mieux : cela permet aux joueurs d\u2019\u00e9voluer au plus haut niveau tout en ayant le temps de r\u00e9cup\u00e9rer et de se reposer.<\/p>\n<p>En ce moment, c\u2019est difficile pour les fans de s\u2019y retrouver. Si je pouvais changer quelque chose, ce serait l\u2019organisation du calendrier. \u00bb<\/p>\n","protected":false},"excerpt":{"rendered":"Alors que les Masters 1000 sont rallong\u00e9s et que les tournois s\u2019encha\u00eenent sans pause, Tim Henman interpelle l\u2019ATP&hellip;\n","protected":false},"author":2,"featured_media":538916,"comment_status":"","ping_status":"","sticky":false,"template":"","format":"standard","meta":{"footnotes":""},"categories":[1415],"tags":[1011,27,60,1467],"class_list":{"0":"post-538915","1":"post","2":"type-post","3":"status-publish","4":"format-standard","5":"has-post-thumbnail","7":"category-tennis","8":"tag-fr","9":"tag-france","10":"tag-sports","11":"tag-tennis"},"share_on_mastodon":{"url":"https:\/\/pubeurope.com\/@fr\/115561496308966084","error":""},"_links":{"self":[{"href":"https:\/\/www.europesays.com\/fr\/wp-json\/wp\/v2\/posts\/538915","targetHints":{"allow":["GET"]}}],"collection":[{"href":"https:\/\/www.europesays.com\/fr\/wp-json\/wp\/v2\/posts"}],"about":[{"href":"https:\/\/www.europesays.com\/fr\/wp-json\/wp\/v2\/types\/post"}],"author":[{"embeddable":true,"href":"https:\/\/www.europesays.com\/fr\/wp-json\/wp\/v2\/users\/2"}],"replies":[{"embeddable":true,"href":"https:\/\/www.europesays.com\/fr\/wp-json\/wp\/v2\/comments?post=538915"}],"version-history":[{"count":0,"href":"https:\/\/www.europesays.com\/fr\/wp-json\/wp\/v2\/posts\/538915\/revisions"}],"wp:featuredmedia":[{"embeddable":true,"href":"https:\/\/www.europesays.com\/fr\/wp-json\/wp\/v2\/media\/538916"}],"wp:attachment":[{"href":"https:\/\/www.europesays.com\/fr\/wp-json\/wp\/v2\/media?parent=538915"}],"wp:term":[{"taxonomy":"category","embeddable":true,"href":"https:\/\/www.europesays.com\/fr\/wp-json\/wp\/v2\/categories?post=538915"},{"taxonomy":"post_tag","embeddable":true,"href":"https:\/\/www.europesays.com\/fr\/wp-json\/wp\/v2\/tags?post=538915"}],"curies":[{"name":"wp","href":"https:\/\/api.w.org\/{rel}","templated":true}]}}