{"id":538917,"date":"2025-11-16T21:30:15","date_gmt":"2025-11-16T21:30:15","guid":{"rendered":"https:\/\/www.europesays.com\/fr\/538917\/"},"modified":"2025-11-16T21:30:15","modified_gmt":"2025-11-16T21:30:15","slug":"ef-education-aevolo-leffectif-2026-actualite","status":"publish","type":"post","link":"https:\/\/www.europesays.com\/fr\/538917\/","title":{"rendered":"EF Education-Aevolo : L&rsquo;effectif 2026 &#8211; Actualit\u00e9"},"content":{"rendered":"<p style=\"text-align: justify;\">La Continentale EF Education-Aevolo poss\u00e8de un effectif de quatorze \u00e9l\u00e9ments pour la saison 2026, selon Cyclingnews. La r\u00e9serve de la WorldTeam EF Education-EasyPost accueille six nouveaux coureurs.<br \/>Le sprinteur britannique Noah Hobbs est le seul \u00e0 faire le grand saut vers la WorldTeam cet hiver. Le printemps dernier, Colby Simons l\u2019avait pr\u00e9c\u00e9d\u00e9.<\/p>\n<p><strong>L\u2019effectif 2026 d\u2019EF Education-Aevolo :<\/strong><br \/>Alfredo Bueno, 20 ans<br \/>Peyton Burckel, 18 ans (EF Education-ONTO)<br \/>Roberto Capello, 18 ans (Team Grenke Auto Eder)<br \/>Magnus Carstensen, 19 ans<br \/>Nathan Cusack, 20 ans (Kelly Benefit Strategies Elite)<br \/>Joshua Golliker, 21 ans<br \/>Gavin Hlady, 22 ans<br \/>Linus Larsson, 19 ans<br \/>Jack Makohon, 20 ans (Team Skyline)<br \/>Miguel Angel Marin Martinez, 19 ans<br \/>Tomos Pattinson, 20 ans (Team Visma-Lease a Bike Development)<br \/>Juan Felipe Rodriguez, 22 ans (Team Sistecr\u00e9dito)<br \/>Noah Streif, 19 ans<br \/>Jenthe Verstraete, 19 ans<\/p>\n<p>Les d\u00e9parts : Noah Hobbs (EF Education-EasyPost), Ian Lopez de Roman (Modern Adventure Pro Cycling)\u00a0et Kellen Caldwell.<\/p>\n","protected":false},"excerpt":{"rendered":"La Continentale EF Education-Aevolo poss\u00e8de un effectif de quatorze \u00e9l\u00e9ments pour la saison 2026, selon Cyclingnews. La r\u00e9serve&hellip;\n","protected":false},"author":2,"featured_media":538918,"comment_status":"","ping_status":"","sticky":false,"template":"","format":"standard","meta":{"footnotes":""},"categories":[1411],"tags":[834,828,836,829,837,827,83,826,824,823,1154,207,814,817,815,816,822,821,832,211,839,1011,27,820,818,819,835,831,830,833,838,60,212,208,825],"class_list":{"0":"post-538917","1":"post","2":"type-post","3":"status-publish","4":"format-standard","5":"has-post-thumbnail","7":"category-cyclisme","8":"tag-attaque","9":"tag-belgique","10":"tag-braquet","11":"tag-bretagne","12":"tag-chute","13":"tag-competition","14":"tag-coupe-de-france","15":"tag-coureur","16":"tag-course-cyclisme","17":"tag-course-cycliste","18":"tag-cycling","19":"tag-cyclisme","20":"tag-direct","21":"tag-direct-velo","22":"tag-directvelo","23":"tag-directvelo-com","24":"tag-epreuve","25":"tag-epreuve-cycliste","26":"tag-federation-francaise-de-cyclisme","27":"tag-ffc","28":"tag-flandres","29":"tag-fr","30":"tag-france","31":"tag-live","32":"tag-live-course","33":"tag-live-epreuve","34":"tag-peloton","35":"tag-radio-peloton","36":"tag-radio-tour","37":"tag-ravitaillement","38":"tag-relance","39":"tag-sports","40":"tag-uci","41":"tag-velo","42":"tag-velos"},"share_on_mastodon":{"url":"https:\/\/pubeurope.com\/@fr\/115561511313907527","error":""},"_links":{"self":[{"href":"https:\/\/www.europesays.com\/fr\/wp-json\/wp\/v2\/posts\/538917","targetHints":{"allow":["GET"]}}],"collection":[{"href":"https:\/\/www.europesays.com\/fr\/wp-json\/wp\/v2\/posts"}],"about":[{"href":"https:\/\/www.europesays.com\/fr\/wp-json\/wp\/v2\/types\/post"}],"author":[{"embeddable":true,"href":"https:\/\/www.europesays.com\/fr\/wp-json\/wp\/v2\/users\/2"}],"replies":[{"embeddable":true,"href":"https:\/\/www.europesays.com\/fr\/wp-json\/wp\/v2\/comments?post=538917"}],"version-history":[{"count":0,"href":"https:\/\/www.europesays.com\/fr\/wp-json\/wp\/v2\/posts\/538917\/revisions"}],"wp:featuredmedia":[{"embeddable":true,"href":"https:\/\/www.europesays.com\/fr\/wp-json\/wp\/v2\/media\/538918"}],"wp:attachment":[{"href":"https:\/\/www.europesays.com\/fr\/wp-json\/wp\/v2\/media?parent=538917"}],"wp:term":[{"taxonomy":"category","embeddable":true,"href":"https:\/\/www.europesays.com\/fr\/wp-json\/wp\/v2\/categories?post=538917"},{"taxonomy":"post_tag","embeddable":true,"href":"https:\/\/www.europesays.com\/fr\/wp-json\/wp\/v2\/tags?post=538917"}],"curies":[{"name":"wp","href":"https:\/\/api.w.org\/{rel}","templated":true}]}}