{"id":538925,"date":"2025-11-16T21:35:12","date_gmt":"2025-11-16T21:35:12","guid":{"rendered":"https:\/\/www.europesays.com\/fr\/538925\/"},"modified":"2025-11-16T21:35:12","modified_gmt":"2025-11-16T21:35:12","slug":"star-academy-je-suis-choquee-jai-rien-contre-lena-mais-cest-un-manque-de-respect-la-signature-de-lena-situations-sur-le-mur-des-anciens-scandalise-les-internautes","status":"publish","type":"post","link":"https:\/\/www.europesays.com\/fr\/538925\/","title":{"rendered":"Star Academy &#8211; \u00ab\u00a0Je suis choqu\u00e9e\u00a0\u00bb, \u00ab\u00a0J&rsquo;ai rien contre L\u00e9na mais&#8230;\u00a0\u00bb, \u00ab\u00a0C&rsquo;est un manque de respect\u00a0\u00bb : la signature de L\u00e9na Situations sur le \u00ab\u00a0mur des anciens\u00a0\u00bb scandalise les internautes"},"content":{"rendered":"<p class=\"mb-4 text-lg md:leading-8 break-words\">Quand une \u00ab\u00a0situation\u00a0\u00bb cr\u00e9e la sensation ! Ce dimanche, <a data-i13n=\"cpos:1;pos:1\" href=\"https:\/\/fr.news.yahoo.com\/plein-choses-%C3%A0-parfaire-karima-183000016.html\" data-ylk=\"slk:Karima Charni;cpos:1;pos:1;elm:context_link;itc:0;sec:content-canvas;outcm:mb_qualified_link;_E:mb_qualified_link;ct:story;\" class=\"link  yahoo-link\" target=\"_blank\" rel=\"noopener\">Karima Charni<\/a> a pr\u00e9sent\u00e9 une quotidienne pas comme les autres de cette saison 2025 de la \u00ab\u00a0<a data-i13n=\"cpos:2;pos:1\" href=\"https:\/\/fr.news.yahoo.com\/star-academy-dit-c-bug-115500834.html\" data-ylk=\"slk:Star Academy;cpos:2;pos:1;elm:context_link;itc:0;sec:content-canvas;outcm:mb_qualified_link;_E:mb_qualified_link;ct:story;\" class=\"link  yahoo-link\" target=\"_blank\" rel=\"noopener\">Star Academy<\/a>\u00ab\u00a0. L&rsquo;invit\u00e9e du jour n&rsquo;\u00e9tait autre que L\u00e9na Mahfouf, alias <a data-i13n=\"cpos:3;pos:1\" href=\"https:\/\/fr.news.yahoo.com\/lena-situations-annonce-lancement-maison-112514584.html\" data-ylk=\"slk:L\u00e9na Situations;cpos:3;pos:1;elm:context_link;itc:0;sec:content-canvas;outcm:mb_qualified_link;_E:mb_qualified_link;ct:story;\" class=\"link  yahoo-link\" target=\"_blank\" rel=\"noopener\">L\u00e9na Situations<\/a>, venue partager son exp\u00e9rience de la notori\u00e9t\u00e9 avec les acad\u00e9miciens. Une journ\u00e9e plac\u00e9e sous le signe du coaching m\u00e9diatique qui s&rsquo;est termin\u00e9e par un geste pol\u00e9mique&#8230;<\/p>\n<p>Une masterclass sur la c\u00e9l\u00e9brit\u00e9<\/p>\n<p class=\"mb-4 text-lg md:leading-8 break-words\">Les \u00e9l\u00e8ves du ch\u00e2teau ont pass\u00e9 la journ\u00e9e en compagnie de la youtubeuse star, suivie par plus de 10 millions de personnes sur ses diff\u00e9rents r\u00e9seaux sociaux. Initialement h\u00e9sitante \u00e0 accepter l&rsquo;invitation de Michael Goldman, le directeur de l&rsquo;acad\u00e9mie, l&rsquo;influenceuse a finalement accept\u00e9 de venir prodiguer ses conseils. Install\u00e9e sur son mythique canap\u00e9 rose, elle a anim\u00e9 des ateliers autour du media training et de la gestion de la c\u00e9l\u00e9brit\u00e9. \u00ab\u00a0Je suis venue surtout pour vous dire que croire en soi, c&rsquo;est d\u00e9j\u00e0 la moiti\u00e9 du chemin\u00a0\u00bb, a-t-elle encourag\u00e9 les acad\u00e9miciens, visiblement impressionn\u00e9s par sa pr\u00e9sence. La jeune femme a insist\u00e9 sur l&rsquo;importance de rester sinc\u00e8re face aux m\u00e9dias et a partag\u00e9 son exp\u00e9rience personnelle de la notori\u00e9t\u00e9 soudaine.<\/p>\n<p>Une signature sur le mur sacr\u00e9 du ch\u00e2teau<\/p>\n<p class=\"mb-4 text-lg md:leading-8 break-words\">\u00c0 la fin de cette journ\u00e9e riche en \u00e9motions et en partage, L\u00e9na Situations a appos\u00e9 sa signature sur le c\u00e9l\u00e8bre \u00ab\u00a0mur des anciens\u00a0\u00bb du ch\u00e2teau. Ce mur, hautement symbolique de l&rsquo;aventure Star Academy, accueille traditionnellement les autographes des candidats qui ont marqu\u00e9 l&rsquo;histoire du programme depuis sa cr\u00e9ation. Un geste qui aurait d\u00fb rester anecdotique mais qui a d\u00e9clench\u00e9 une vive pol\u00e9mique sur les r\u00e9seaux sociaux, de nombreux internautes contestant la l\u00e9gitimit\u00e9 de l&rsquo;influenceuse \u00e0 signer sur ce mur mythique&#8230;<\/p>\n<p>\u00ab\u00a0\u00c7a m&rsquo;a fait mal quand elle a \u00e9crit&#8230;\u00a0\u00bb<\/p>\n<p class=\"mb-4 text-lg md:leading-8 break-words\">Une ligne rouge a \u00e9t\u00e9 franchie. Sur X, les fans de la \u00ab\u00a0Star Academy\u00a0\u00bb n&rsquo;ont pas cach\u00e9 leur m\u00e9contentement face \u00e0 ce qu&rsquo;ils consid\u00e8rent comme un affront \u00e0 l&rsquo;histoire du programme. Pour eux, ce mur sacr\u00e9 devrait \u00eatre exclusivement r\u00e9serv\u00e9 aux anciens candidats qui ont particip\u00e9 \u00e0 l&rsquo;aventure. \u00ab\u00a0Alors d\u00e9sol\u00e9e hein j&rsquo;ai rien contre L\u00e9na, mais c&rsquo;est le mur des anciens pour une raison : pour les anciens candidats. De m\u00e9moire je ne me rappelle pas l&rsquo;avoir vu entre 2022 et 2024 participer \u00e0 une saison de la Star Academy\u00a0\u00bb, s&rsquo;est insurg\u00e9e une internaute, r\u00e9sumant le sentiment de nombreux t\u00e9l\u00e9spectateurs.<\/p>\n<p class=\"mb-4 text-lg md:leading-8 break-words\">Les r\u00e9actions se sont multipli\u00e9es, toutes dans le m\u00eame sens : \u00ab\u00a0Mais pourquoi ? \u00c7a m&rsquo;a fait mal quand elle a \u00e9crit. C&rsquo;est aux anciens candidats, pourquoi s&rsquo;est-elle incrust\u00e9e ?\u00a0\u00bb, s&rsquo;est interrog\u00e9 un autre utilisateur du r\u00e9seau social, exprimant son incompr\u00e9hension face \u00e0 cette d\u00e9cision. Le ton est mont\u00e9 d&rsquo;un cran avec ce commentaire sans \u00e9quivoque : \u00ab\u00a0Moi je trouve pas \u00e7a bien en vrai c&rsquo;est un mur d\u00e9di\u00e9 \u00e0 ceux qui ont fait l&rsquo;\u00e9mission. Aucun invit\u00e9 n&rsquo;a laiss\u00e9 de mots.\u00a0\u00bb<\/p>\n","protected":false},"excerpt":{"rendered":"Quand une \u00ab\u00a0situation\u00a0\u00bb cr\u00e9e la sensation ! Ce dimanche, Karima Charni a pr\u00e9sent\u00e9 une quotidienne pas comme les&hellip;\n","protected":false},"author":2,"featured_media":538926,"comment_status":"","ping_status":"","sticky":false,"template":"","format":"standard","meta":{"footnotes":""},"categories":[1356],"tags":[8132,58,59,1011,27,12597,65773,5095,252,1364],"class_list":{"0":"post-538925","1":"post","2":"type-post","3":"status-publish","4":"format-standard","5":"has-post-thumbnail","7":"category-television","8":"tag-anciens","9":"tag-divertissement","10":"tag-entertainment","11":"tag-fr","12":"tag-france","13":"tag-mur","14":"tag-pas-comme-les-autres","15":"tag-star-academy","16":"tag-television","17":"tag-tv"},"share_on_mastodon":{"url":"https:\/\/pubeurope.com\/@fr\/115561530975321141","error":""},"_links":{"self":[{"href":"https:\/\/www.europesays.com\/fr\/wp-json\/wp\/v2\/posts\/538925","targetHints":{"allow":["GET"]}}],"collection":[{"href":"https:\/\/www.europesays.com\/fr\/wp-json\/wp\/v2\/posts"}],"about":[{"href":"https:\/\/www.europesays.com\/fr\/wp-json\/wp\/v2\/types\/post"}],"author":[{"embeddable":true,"href":"https:\/\/www.europesays.com\/fr\/wp-json\/wp\/v2\/users\/2"}],"replies":[{"embeddable":true,"href":"https:\/\/www.europesays.com\/fr\/wp-json\/wp\/v2\/comments?post=538925"}],"version-history":[{"count":0,"href":"https:\/\/www.europesays.com\/fr\/wp-json\/wp\/v2\/posts\/538925\/revisions"}],"wp:featuredmedia":[{"embeddable":true,"href":"https:\/\/www.europesays.com\/fr\/wp-json\/wp\/v2\/media\/538926"}],"wp:attachment":[{"href":"https:\/\/www.europesays.com\/fr\/wp-json\/wp\/v2\/media?parent=538925"}],"wp:term":[{"taxonomy":"category","embeddable":true,"href":"https:\/\/www.europesays.com\/fr\/wp-json\/wp\/v2\/categories?post=538925"},{"taxonomy":"post_tag","embeddable":true,"href":"https:\/\/www.europesays.com\/fr\/wp-json\/wp\/v2\/tags?post=538925"}],"curies":[{"name":"wp","href":"https:\/\/api.w.org\/{rel}","templated":true}]}}