{"id":538927,"date":"2025-11-16T21:36:17","date_gmt":"2025-11-16T21:36:17","guid":{"rendered":"https:\/\/www.europesays.com\/fr\/538927\/"},"modified":"2025-11-16T21:36:17","modified_gmt":"2025-11-16T21:36:17","slug":"matt-pokora-se-confie-sur-sa-traversee-du-desert-dans-un-dimanche-a-la-campagne","status":"publish","type":"post","link":"https:\/\/www.europesays.com\/fr\/538927\/","title":{"rendered":"Matt Pokora se confie sur sa travers\u00e9e du d\u00e9sert dans Un dimanche \u00e0 la campagne"},"content":{"rendered":"<p>Rares sont les artistes qui n\u2019ont jamais travers\u00e9 une p\u00e9riode de doute durant leur carri\u00e8re. <a href=\"https:\/\/www.programme-tv.net\/news\/tv\/392062-cest-un-traumatisme-pour-moi-matt-pokora-revient-sur-cet-echec-qui-impacte-encore-sa-carriere-de-chanteur\/\" data-api-deeplink=\"teleloisirs:\/\/news\/392062\" target=\"_blank\" rel=\"noopener\">Pour Matt Pokora, ce moment difficile<\/a> remonte au d\u00e9but des ann\u00e9es 2010, alors qu\u2019il \u00e9tait au d\u00e9but de sa vingtaine, apr\u00e8s avoir encha\u00een\u00e9 les succ\u00e8s avec son groupe Linkup puis en solo. Malgr\u00e9 une promotion internationale, son album MP3, o\u00f9 il chante en anglais, ne rencontre pas le succ\u00e8s escompt\u00e9, notamment en France, son pays natal. Cette travers\u00e9e du d\u00e9sert, peu abord\u00e9e par le chanteur dans les m\u00e9dias, il a choisi d\u2019en parler lors de son passage dans Un dimanche \u00e0 la campagne. Invit\u00e9 ce dimanche 16 novembre aux c\u00f4t\u00e9s d\u2019Hakim Arezki et Marine Leonardi, Matt Pokora s\u2019est confi\u00e9 en toute sinc\u00e9rit\u00e9 \u00e0 Fr\u00e9d\u00e9ric Lopez sur cette p\u00e9riode \u00e9prouvante, qui a laiss\u00e9 des traces.<\/p>\n<p>                        \u00ab\u00a0Je suis un peu d\u00e9stabilis\u00e9\u00a0\u00bb : Matt Pokora se livre sur p\u00e9riode compliqu\u00e9e de sa carri\u00e8re o\u00f9 il a d\u00fb annuler des concerts<\/p>\n<p><a href=\"https:\/\/www.programme-tv.net\/news\/people\/391710-on-nest-jamais-alle-au-restaurant-garou-se-confie-sur-son-enfance-en-vase-clos-dans-un-dimanche-a-la-campagne\/\" data-api-deeplink=\"teleloisirs:\/\/news\/391710\" target=\"_blank\" rel=\"noopener\">Un dimanche \u00e0 la campagne est le cadre id\u00e9al pour que les personnalit\u00e9s se livrent<\/a> en toute sinc\u00e9rit\u00e9. Dans le confort d\u2019une maison au vert, autour d\u2019un bon repas et en compagnie de Fr\u00e9d\u00e9ric Lopez, son animateur embl\u00e9matique, il semble plus facile de laisser tomber les barri\u00e8res. Matt Pokora en a fait l\u2019exp\u00e9rience dans l&rsquo;\u00e9mission diffus\u00e9e ce dimanche 16 novembre. Le chanteur s\u2019est confi\u00e9 sur la p\u00e9riode difficile qui a suivi la sortie de son album anglophone MP3. \u00ab\u00a0Cet album sort et il n\u2019a pas le succ\u00e8s escompt\u00e9 en France. Il aurait fallu au moins que j\u2019en fasse une version fran\u00e7aise pour la France\u00a0\u00bb, analyse-t-il. Fr\u00e9d\u00e9ric Lopez lui demande alors si cet \u00e9chec l\u2019a fragilis\u00e9, et le mari de Christina Milan r\u00e9pond instinctivement : \u00ab\u00a0Je suis un peu d\u00e9stabilis\u00e9 parce que je me dis &lsquo;comment on peut passer aussi vite de tout \u00e0 il faut qu\u2019on annule des salles en France&rsquo; parce qu\u2019on ne remplissait pas. Et m\u00eame les \u00e9missions de t\u00e9l\u00e9 ! Genre la F\u00eate de la musique o\u00f9 il y a toute la terre, alors que deux ans auparavant, j&rsquo;\u00e9tais tout en haut de la liste, je ne suis m\u00eame plus invit\u00e9.\u00a0\u00bb Le journaliste insiste, soulignant la difficult\u00e9 de vivre ce genre de situation au d\u00e9but de sa carri\u00e8re. \u00ab\u00a0Je me dis que ce m\u00e9tier n\u2019a pas de m\u00e9moire et surtout, j&rsquo;apprends la le\u00e7on et je me dis qu\u2019il faut que je reparte et que je r\u00e9\u00e9crive en fran\u00e7ais. \u00c7a rend humble et maintenant, il va falloir retrousser ses manches et aller reconqu\u00e9rir le public\u00a0\u00bb, lui r\u00e9pond alors l\u2019interpr\u00e8te de Juste une photo de toi. C\u2019est ainsi qu\u2019une v\u00e9ritable p\u00e9riode de doute s\u2019installe.<\/p>\n<p>            \u00ab\u00a0\u00c7a y est, c&rsquo;est fini, il faut passer \u00e0 autre chose\u00a0\u00bb : Matt Pokora raconte cette fois o\u00f9 il pensait que sa carri\u00e8re allait se terminer<\/p>\n<p>Apr\u00e8s la douloureuse exp\u00e9rience de MP3, Matt Pokora sort un nouvel album en fran\u00e7ais, tout en redoutant que le succ\u00e8s ne soit pas au rendez-vous, comme pour son pr\u00e9c\u00e9dent opus. Il confie avoir m\u00eame entendu certaines personnes des m\u00e9dias lui dire que \u00ab\u00a0c\u2019\u00e9tait fini\u00a0\u00bb. \u00ab\u00a0Il y a un programmateur de radio chez NRJ, qui n\u2019est pas rest\u00e9 tr\u00e8s longtemps, avant d\u2019\u00e9couter, il dit &lsquo;\u00e7a y est, c&rsquo;est fini, il faut passer \u00e0 autre chose l\u00e0. L\u00e0, Matt Pokora, qu\u2019est-ce que tu perds ton \u00e9nergie l\u00e0-dessus ?'\u00a0\u00bb, se souvient l\u2019artiste. Pourtant, c\u2019est cet album qui va le remettre sur le devant de la sc\u00e8ne, mais d\u2019une mani\u00e8re inattendue. \u00ab\u00a0Quelques semaines apr\u00e8s, je n\u2019ai pas un accueil de folie dans les radios, par contre, c\u2019est un des premiers tubes YouTube de l\u2019histoire. En tout cas, c\u2019est l\u00e0 qu\u2019on a commenc\u00e9 \u00e0 se dire &lsquo;il y a une g\u00e9n\u00e9ration qui va chercher directement ce qui l\u2019int\u00e9resse sur un site ou sur une plateforme et qui va voir le clip.&rsquo; C\u2019est le public qui d\u00e9cide\u00a0\u00bb, explique-t-il. Peu de temps apr\u00e8s, sa participation \u00e0 Danse avec les Stars donnera \u00e9galement un second souffle \u00e0 sa carri\u00e8re.<\/p>\n<p>                        \u00ab\u00a0Je commence \u00e0 un cr\u00e9er un vrai lien affectif avec le public\u00a0\u00bb : Matt Pokora r\u00e9v\u00e8le \u00e0 quel point sa victoire dans Danse avec les stars a chang\u00e9 le cours de sa carri\u00e8re<\/p>\n<p>En 2011, Matt Pokora remporte la premi\u00e8re saison de Danse avec les stars, un titre qui va changer la donne. \u00ab\u00a0Un autre tremplin parce que l\u00e0 d\u2019un coup les gens voient un mec qui travaille dur pour \u00eatre performant tous les samedis sur Danse avec les stars. Qui fait des d\u00e9dicaces \u00e0 sa m\u00e8re, \u00e0 sa grand-m\u00e8re et ils se disent que c\u2019est un petit mec simple. Je commence \u00e0 cr\u00e9er un vrai lien affectif avec le public\u00a0\u00bb, confie Matt Pokora dans Un dimanche \u00e0 la campagne. C\u2019est le d\u00e9but d\u2019une nouvelle \u00e8re.<\/p>\n","protected":false},"excerpt":{"rendered":"Rares sont les artistes qui n\u2019ont jamais travers\u00e9 une p\u00e9riode de doute durant leur carri\u00e8re. Pour Matt Pokora,&hellip;\n","protected":false},"author":2,"featured_media":538928,"comment_status":"","ping_status":"","sticky":false,"template":"","format":"standard","meta":{"footnotes":""},"categories":[1355],"tags":[244,58,59,1011,27,594,12294,10824,1361,873,12295],"class_list":{"0":"post-538927","1":"post","2":"type-post","3":"status-publish","4":"format-standard","5":"has-post-thumbnail","7":"category-musique","8":"tag-commentaire","9":"tag-divertissement","10":"tag-entertainment","11":"tag-fr","12":"tag-france","13":"tag-france-2","14":"tag-fru00e9du00e9ric-lopez","15":"tag-m-pokora","16":"tag-music","17":"tag-musique","18":"tag-un-dimanche-u00e0-la-campagne"},"share_on_mastodon":{"url":"https:\/\/pubeurope.com\/@fr\/115561535344714807","error":""},"_links":{"self":[{"href":"https:\/\/www.europesays.com\/fr\/wp-json\/wp\/v2\/posts\/538927","targetHints":{"allow":["GET"]}}],"collection":[{"href":"https:\/\/www.europesays.com\/fr\/wp-json\/wp\/v2\/posts"}],"about":[{"href":"https:\/\/www.europesays.com\/fr\/wp-json\/wp\/v2\/types\/post"}],"author":[{"embeddable":true,"href":"https:\/\/www.europesays.com\/fr\/wp-json\/wp\/v2\/users\/2"}],"replies":[{"embeddable":true,"href":"https:\/\/www.europesays.com\/fr\/wp-json\/wp\/v2\/comments?post=538927"}],"version-history":[{"count":0,"href":"https:\/\/www.europesays.com\/fr\/wp-json\/wp\/v2\/posts\/538927\/revisions"}],"wp:featuredmedia":[{"embeddable":true,"href":"https:\/\/www.europesays.com\/fr\/wp-json\/wp\/v2\/media\/538928"}],"wp:attachment":[{"href":"https:\/\/www.europesays.com\/fr\/wp-json\/wp\/v2\/media?parent=538927"}],"wp:term":[{"taxonomy":"category","embeddable":true,"href":"https:\/\/www.europesays.com\/fr\/wp-json\/wp\/v2\/categories?post=538927"},{"taxonomy":"post_tag","embeddable":true,"href":"https:\/\/www.europesays.com\/fr\/wp-json\/wp\/v2\/tags?post=538927"}],"curies":[{"name":"wp","href":"https:\/\/api.w.org\/{rel}","templated":true}]}}