{"id":53894,"date":"2025-04-26T08:06:18","date_gmt":"2025-04-26T08:06:18","guid":{"rendered":"https:\/\/www.europesays.com\/fr\/53894\/"},"modified":"2025-04-26T08:06:18","modified_gmt":"2025-04-26T08:06:18","slug":"la-stephanoise-laelia-va-t-elle-decrocher-son-billet-pour-la-finale","status":"publish","type":"post","link":"https:\/\/www.europesays.com\/fr\/53894\/","title":{"rendered":"la St\u00e9phanoise La\u00eblia va-t-elle d\u00e9crocher son billet pour la finale\u00a0?"},"content":{"rendered":"<p>\u00ab\u00a0La\u00eblia, t\u2019es souriante, t\u2019es contente d\u2019\u00eatre l\u00e0, de te donner \u00e0 fond\u00a0\u00bb. Samedi dernier, sur Flamme, de Juliette Armanet, la coach <a href=\"https:\/\/www.leprogres.fr\/p\/patricia-kaas\" target=\"_blank\" rel=\"nofollow noopener\">Patricia Kaas<\/a> a valid\u00e9 le billet de la St\u00e9phanoise pour la demi-finale de l\u2019\u00e9mission The Voice.<\/p>\n<p>Au cours de la \u00ab\u00a0battle\u00a0\u00bb face \u00e0 H\u00e9l\u00e9na H\u00e9lia, La\u00eblia Francius a aussi eu les approbations (\u00e0 titre consultatif) de <a href=\"https:\/\/www.leprogres.fr\/p\/florent-pagny\" target=\"_blank\" rel=\"nofollow noopener\">Florent Pagny<\/a> et de Vianney (Zaz avait pr\u00e9f\u00e9r\u00e9 sa concurrente).<\/p>\n<p>  \u00ab\u00a0Je veux donner le meilleur de moi-m\u00eame\u00a0\u00bb<\/p>\n<p>Ce samedi soir (1), les choses vont se corser un peu plus. Dans une \u00e9mission qui aura lieu en direct \u00e0 partir de 21\u00a0h\u00a010 sur TF1, l\u2019ancienne \u00e9l\u00e8ve du Conservatoire Massenet devra mettre toute son \u00e9nergie <a href=\"https:\/\/www.leprogres.fr\/culture-loisirs\/2025\/04\/20\/the-voice-la-stephanoise-laelia-valide-sa-place-pour-les-demi-finales\" target=\"_blank\" rel=\"nofollow noopener\">pour d\u00e9crocher la place du finaliste de l\u2019\u00e9quipe de Patricia Kaas<\/a> (chaque coach aura un talent en finale le 3\u00a0mai, NDLR).<\/p>\n<p>Elle sera oppos\u00e9e \u00e0 Micka\u00ebl et Aidan Rohr\u00a0: \u00ab\u00a0J\u2019aimerais vraiment aller en finale. Mes concurrents sont tr\u00e8s bons donc \u00e7a va \u00eatre difficile. J\u2019essaie d\u2019y aller le c\u0153ur l\u00e9ger, en paix et de laisser les choses se faire. Je veux donner le meilleur de moi-m\u00eame. Je reste concentr\u00e9e sur mon titre choisi en concertation avec Patricia Kaas\u00a0\u00bb, confiait-elle, mercredi, \u00e0 notre quotidien.<\/p>\n<p>Toute la semaine, La\u00eblia Francius a encha\u00een\u00e9 les r\u00e9p\u00e9titions en plateau et a d\u00fb se remettre dans le bain cinq mois apr\u00e8s les enregistrements des premi\u00e8res \u00e9preuves (2) : \u00ab\u00a0Ce d\u00e9but de semaine \u00e9tait celui des retrouvailles avec tous les demi-finalistes (ils sont douze et seuls quatre &#8211; un par \u00e9quipe &#8211; seront qualifi\u00e9s &#8211; NDLR), les \u00e9quipes de la production, les coaches et c\u2019est un bonheur\u00a0! C\u2019\u00e9tait un retour \u00e0 une ambiance qu\u2019on avait quitt\u00e9e fin novembre. Et une bonne entente entre tout le monde, \u00e7a instaure un bon climat.\u00a0\u00bb<\/p>\n<p>Mardi, la jeune femme de 27 ans a m\u00eame particip\u00e9 \u00e0 un showcase sur RFM : \u00ab\u00a0C\u2019\u00e9tait un bon moment qui \u00e9tait intimidant. C\u2019\u00e9tait cool de pouvoir chanter devant un public restreint. \u00bb<\/p>\n<p>Pour la \u00ab\u00a0demi-finale\u00a0\u00bb, TF1 a annonc\u00e9 la participation de deux invit\u00e9s\u00a0: <a href=\"https:\/\/www.leprogres.fr\/culture-loisirs\/2025\/04\/04\/jean-louis-aubert-donne-la-peche-au-zenith\" target=\"_blank\" rel=\"nofollow noopener\">Jean-Louis Aubert comme \u00ab\u00a0super coach\u00a0\u00bb<\/a> et Gims. On ignore encore quels seront pr\u00e9cis\u00e9ment leurs r\u00f4les, mais on sait que, contrairement aux \u00e9pisodes pr\u00e9c\u00e9dents, \u00ab\u00a0le public se verra confier l\u2019int\u00e9gralit\u00e9 du pouvoir d\u00e9cisionnel. Son vote d\u00e9terminera le finaliste de chaque coach\u00a0\u00bb, pr\u00e9cise la cha\u00eene.<\/p>\n<p>  \u00ab\u00a0La Guadeloupe vibre pour son \u00e9toile montante\u00a0\u00bb<\/p>\n<p>La\u00eblia Francius pourra sans doute b\u00e9n\u00e9ficier du soutien des St\u00e9phanois et plus particuli\u00e8rement de ses \u00e9l\u00e8ves (elle est surveillante \u00e0 mi-temps en internat au lyc\u00e9e Beno\u00eet-Fourneyron et professeur de chant \u00e0 l\u2019\u00e9cole Vox Office). Mais aussi sur l\u2019engouement que ses prestations ont provoqu\u00e9 en Guadeloupe, archipel qu\u2019elle a quitt\u00e9 \u00e0 l\u2019\u00e2ge de 18 ans avant de s\u2019installer \u00e0 Saint-\u00c9tienne.<\/p>\n<p>Dimanche dernier, France-Antilles avait titr\u00e9 : <a href=\"https:\/\/www.guadeloupe.franceantilles.fr\/actualite\/fil-info\/laelia-francius-en-route-vers-la-demi-finale-de-the-voice-la-guadeloupe-vibre-pour-son-etoile-montante-1032387.php\" target=\"_blank\" rel=\"nofollow noopener\">\u00ab La Guadeloupe vibre pour son \u00e9toile montante \u00bb.<\/a> Dans son papier, le quotidien de l&rsquo;\u00eele Papillon appelle \u00e0 la mobilisation g\u00e9n\u00e9rale\u00a0: \u00ab\u00a0Port\u00e9e par l\u2019\u00e9nergie de son \u00eele, La\u00eblia Francius peut compter sur un soutien sans faille. Son parcours dans The Voice est devenu une v\u00e9ritable fiert\u00e9 locale, et les Guadeloup\u00e9ens sont invit\u00e9s \u00e0 se rassembler devant leurs \u00e9crans samedi 26\u00a0avril, \u00e0 15\u00a0h\u00a010 (heure locale, sur TF1 +), pour la soutenir dans cette ultime \u00e9tape avant la finale.\u00a0\u00bb<\/p>\n<p class=\"note\">(1) The Voice, samedi 26\u00a0avril, \u00e0 21\u00a0h\u00a010, sur TF1.<\/p>\n<p class=\"note\">(2) La\u00eblia Francius a r\u00e9ussi les \u00ab\u00a0auditions \u00e0 l\u2019aveugle\u00a0\u00bb sur le titre Figures (Jessie Reyez). Lors des \u00e9preuves \u00ab\u00a0de groupe\u00a0\u00bb, elle est sortie vainqueur sur la chanson Back to Black (Amy Winehouse) partag\u00e9e avec Micka\u00ebl, Chris et Ath\u00e9na. Samedi dernier, elle a remport\u00e9 la \u00ab\u00a0battle\u00a0\u00bb qui l\u2019opposait \u00e0 H\u00e9l\u00e9na H\u00e9lia sur Flamme (Juliette Armanet).<\/p>\n","protected":false},"excerpt":{"rendered":"\u00ab\u00a0La\u00eblia, t\u2019es souriante, t\u2019es contente d\u2019\u00eatre l\u00e0, de te donner \u00e0 fond\u00a0\u00bb. Samedi dernier, sur Flamme, de Juliette&hellip;\n","protected":false},"author":2,"featured_media":53895,"comment_status":"","ping_status":"","sticky":false,"template":"","format":"standard","meta":{"footnotes":""},"categories":[1356],"tags":[1687,58,7539,59,107,1011,27,3367,873,104,252,2205,1364],"class_list":{"0":"post-53894","1":"post","2":"type-post","3":"status-publish","4":"format-standard","5":"has-post-thumbnail","7":"category-television","8":"tag-culture-loisirs","9":"tag-divertissement","10":"tag-edition-loire-sud","11":"tag-entertainment","12":"tag-fil-info","13":"tag-fr","14":"tag-france","15":"tag-loire","16":"tag-musique","17":"tag-societe","18":"tag-television","19":"tag-television-medias","20":"tag-tv"},"share_on_mastodon":{"url":"https:\/\/pubeurope.com\/@fr\/114403238388203429","error":""},"_links":{"self":[{"href":"https:\/\/www.europesays.com\/fr\/wp-json\/wp\/v2\/posts\/53894","targetHints":{"allow":["GET"]}}],"collection":[{"href":"https:\/\/www.europesays.com\/fr\/wp-json\/wp\/v2\/posts"}],"about":[{"href":"https:\/\/www.europesays.com\/fr\/wp-json\/wp\/v2\/types\/post"}],"author":[{"embeddable":true,"href":"https:\/\/www.europesays.com\/fr\/wp-json\/wp\/v2\/users\/2"}],"replies":[{"embeddable":true,"href":"https:\/\/www.europesays.com\/fr\/wp-json\/wp\/v2\/comments?post=53894"}],"version-history":[{"count":0,"href":"https:\/\/www.europesays.com\/fr\/wp-json\/wp\/v2\/posts\/53894\/revisions"}],"wp:featuredmedia":[{"embeddable":true,"href":"https:\/\/www.europesays.com\/fr\/wp-json\/wp\/v2\/media\/53895"}],"wp:attachment":[{"href":"https:\/\/www.europesays.com\/fr\/wp-json\/wp\/v2\/media?parent=53894"}],"wp:term":[{"taxonomy":"category","embeddable":true,"href":"https:\/\/www.europesays.com\/fr\/wp-json\/wp\/v2\/categories?post=53894"},{"taxonomy":"post_tag","embeddable":true,"href":"https:\/\/www.europesays.com\/fr\/wp-json\/wp\/v2\/tags?post=53894"}],"curies":[{"name":"wp","href":"https:\/\/api.w.org\/{rel}","templated":true}]}}