{"id":538944,"date":"2025-11-16T21:45:18","date_gmt":"2025-11-16T21:45:18","guid":{"rendered":"https:\/\/www.europesays.com\/fr\/538944\/"},"modified":"2025-11-16T21:45:18","modified_gmt":"2025-11-16T21:45:18","slug":"cest-pour-ca-quon-aime-le-foot-le-bonheur-incroyable-de-troy-parrott-et-des-irlandais-a-la-96e","status":"publish","type":"post","link":"https:\/\/www.europesays.com\/fr\/538944\/","title":{"rendered":"\u00ab\u00a0C\u2019est pour \u00e7a qu\u2019on aime le foot\u00a0\u00bb, le bonheur incroyable de Troy Parrott et des Irlandais \u00e0 la 96e"},"content":{"rendered":"<p>Ses larmes en bord de terrain, alors qu\u2019il est interview\u00e9 par le diffuseur irlandais de la rencontre, nous rappellent pourquoi on aime le foot, encore et toujours. Troy Parrot est<a href=\"https:\/\/www.dailymail.co.uk\/sport\/football\/article-15296203\/The-pluck-Irish-Drama-Ireland-seal-World-Cup-play-spot-scoring-stoppage-time-winner-forgotten-Premier-League-star-hat-trick-hero.html\" target=\"_blank\" class=\"c-link c-link--is-underlined\" rel=\"noopener\"> le h\u00e9ros irlandais<\/a> de la semaine, et pas qu\u2019\u00e0 moiti\u00e9. Alors que son \u00e9quipe devait gagner ses deux matchs face au Portugal puis en Hongrie pour gratter une place en barrages pour la Coupe du monde, l\u2019attaquant d\u2019Alkmaar s\u2019est charg\u00e9 de tout.<\/p>\n<p class=\"mb-xxl@xs color-ultramarine font-weight-semi-bold@xs font-source-serif-pro heading-s@xs\">L\u2019acc\u00e8s \u00e0 ce contenu a \u00e9t\u00e9 bloqu\u00e9 afin de respecter votre choix de consentement<\/p>\n<p class=\"mb-m@xs text-l@xs\">En cliquant sur\u00ab J\u2019accepte \u00bb, vous acceptez le d\u00e9p\u00f4t de cookies par des services externes et aurez ainsi acc\u00e8s aux contenus de nos partenaires.<\/p>\n<p class=\"mb-xl@xs text-s@xs\">Plus d\u2019informations sur la page<a href=\"https:\/\/www.20minutes.fr\/gestion-cookies\" class=\"mx-xxs@xs color-ultramarine\" target=\"_blank\" rel=\"noopener\">Politique de gestion des cookies<\/a><\/p>\n<p>J\u2019accepte<\/p>\n<p>D\u2019abord un doubl\u00e9 <a href=\"https:\/\/www.20minutes.fr\/sport\/football\/4185565-20251114-irlande-portugal-coup-coude-expulsion-cristiano-ronaldo-selecao-encore-qualifiee-mondial\" class=\"c-link c-link--is-underlined\" target=\"_blank\" rel=\"noopener\">contre CR7 et ses copains<\/a> (2-0), puis un tripl\u00e9 \u00e0 Budapest, dont un dernier point du raccroc \u00e0 la 96e minute, alors que tout semblait perdu pour la nation de Roy Keane et de Bono. L\u2019explosion de joie de tout le groupe irlandais a \u00e9t\u00e9 \u00e0 la hauteur, \u00e9videmment, comme l\u2019\u00e9motion du bonhomme en interview, malgr\u00e9 l\u2019accent \u00e0 couper au couteau, \u00e9videmment (aussi).<\/p>\n<p>\u00ab\u00a0C\u2019est pour \u00e7a qu\u2019on aime le foot, parce que des choses comme \u00e7a peuvent arriver, articulait p\u00e9niblement le jeune homme de 23 ans, \u00e9trangl\u00e9 par son bonheur. J\u2019adore d\u2019o\u00f9 je viens, ma famille est ici, ce but signifie tout pour moi. C\u2019est la premi\u00e8re fois que je pleure depuis des ann\u00e9es,<a href=\"https:\/\/www.eurosport.fr\/football\/qualif-coupe-du-monde\/2026\/qualifications-coupe-du-monde-2026-lirlande-arrache-sa-place-en-barrages-sur-la-pelouse-de-son-adversaire-direct-la-hongrie-a-la-96e-minute_sto23241684\/story.shtml\" target=\"_blank\" class=\"c-link c-link--is-underlined\" rel=\"noopener\"> je n\u2019arrive pas \u00e0 y croire\u00a0<\/a>\u00bb. Nous non plus, \u00e0 vrai dire, mais on reparlera de Parrott au printemps, quand il \u00e9liminera l\u2019Italie au bout du temps additionnel \u00e0 San Siro ou ailleurs.<\/p>\n","protected":false},"excerpt":{"rendered":"Ses larmes en bord de terrain, alors qu\u2019il est interview\u00e9 par le diffuseur irlandais de la rencontre, nous&hellip;\n","protected":false},"author":2,"featured_media":538945,"comment_status":"","ping_status":"","sticky":false,"template":"","format":"standard","meta":{"footnotes":""},"categories":[2],"tags":[11,18833,63,1011,27,804,516,12,517],"class_list":{"0":"post-538944","1":"post","2":"type-post","3":"status-publish","4":"format-standard","5":"has-post-thumbnail","7":"category-actualites","8":"tag-actualites","9":"tag-coupe-du-monde-2026","10":"tag-football","11":"tag-fr","12":"tag-france","13":"tag-hongrie","14":"tag-irlande","15":"tag-news","16":"tag-sport"},"share_on_mastodon":{"url":"https:\/\/pubeurope.com\/@fr\/115561570362915972","error":""},"_links":{"self":[{"href":"https:\/\/www.europesays.com\/fr\/wp-json\/wp\/v2\/posts\/538944","targetHints":{"allow":["GET"]}}],"collection":[{"href":"https:\/\/www.europesays.com\/fr\/wp-json\/wp\/v2\/posts"}],"about":[{"href":"https:\/\/www.europesays.com\/fr\/wp-json\/wp\/v2\/types\/post"}],"author":[{"embeddable":true,"href":"https:\/\/www.europesays.com\/fr\/wp-json\/wp\/v2\/users\/2"}],"replies":[{"embeddable":true,"href":"https:\/\/www.europesays.com\/fr\/wp-json\/wp\/v2\/comments?post=538944"}],"version-history":[{"count":0,"href":"https:\/\/www.europesays.com\/fr\/wp-json\/wp\/v2\/posts\/538944\/revisions"}],"wp:featuredmedia":[{"embeddable":true,"href":"https:\/\/www.europesays.com\/fr\/wp-json\/wp\/v2\/media\/538945"}],"wp:attachment":[{"href":"https:\/\/www.europesays.com\/fr\/wp-json\/wp\/v2\/media?parent=538944"}],"wp:term":[{"taxonomy":"category","embeddable":true,"href":"https:\/\/www.europesays.com\/fr\/wp-json\/wp\/v2\/categories?post=538944"},{"taxonomy":"post_tag","embeddable":true,"href":"https:\/\/www.europesays.com\/fr\/wp-json\/wp\/v2\/tags?post=538944"}],"curies":[{"name":"wp","href":"https:\/\/api.w.org\/{rel}","templated":true}]}}