{"id":538958,"date":"2025-11-16T21:55:14","date_gmt":"2025-11-16T21:55:14","guid":{"rendered":"https:\/\/www.europesays.com\/fr\/538958\/"},"modified":"2025-11-16T21:55:14","modified_gmt":"2025-11-16T21:55:14","slug":"meteo-baisse-des-temperatures-pluie-ou-soleil-a-quoi-sattendre-en-cette-mi-novembre-en-seine-maritime","status":"publish","type":"post","link":"https:\/\/www.europesays.com\/fr\/538958\/","title":{"rendered":"M\u00e9t\u00e9o. Baisse des temp\u00e9ratures, pluie ou soleil ? \u00c0 quoi s&rsquo;attendre en cette mi-novembre en Seine-Maritime"},"content":{"rendered":"<p>                    Par<br \/>\n        <strong><br \/>\n            <a href=\"https:\/\/actu.fr\/auteur\/fmass\" title=\"Consulter tous les articles de Fabien Massin\" target=\"_blank\" rel=\"noopener\">Fabien Massin<\/a><br \/>\n                    <\/strong><\/p>\n<p>        Publi\u00e9 le<\/p>\n<p>            16 nov. 2025 \u00e0 13h53<br \/>\n        ; mis \u00e0 jour le 16 nov. 2025 \u00e0 14h16    <\/p>\n<p>Nous abordons la <strong>deuxi\u00e8me partie du moi de novembre<\/strong>, les derni\u00e8res feuilles tombent des arbres et d\u00e9j\u00e0 des airs de f\u00eates arrivent en ville, avec la mise en place progressive des march\u00e9s et d\u00e9corations de <a href=\"https:\/\/actu.fr\/tag\/noel\" target=\"_blank\" rel=\"noopener\">No\u00ebl<\/a>. C\u00f4t\u00e9 cieux, \u00e0 quoi s\u2019attendre au cours de la semaine du 17 novembre 2025 en <a href=\"https:\/\/actu.fr\/normandie\/seine-maritime_76\" target=\"_blank\" rel=\"noopener\">Seine-Maritime<\/a> ?\u00a0<\/p>\n<p>Baisse des temp\u00e9ratures\u00a0<\/p>\n<p class=\" wall-content\">Selon les pr\u00e9visions de <a href=\"https:\/\/actu.fr\/tag\/meteo-france\" target=\"_blank\" rel=\"noopener\">M\u00e9t\u00e9o France<\/a>, la semaine devrait d\u00e9marrer sous de belles \u00e9claircies et avec des temp\u00e9ratures en baisse, <strong>passant partout sous la barre des 10 degr\u00e9s au cours de la journ\u00e9e<\/strong>.\u00a0<\/p>\n<p class=\" wall-content\">M\u00eame topo mardi, cependant peu \u00e0 peu, le temps devrait se g\u00e2ter avec l\u2019arriv\u00e9e de pluies ici ou l\u00e0, qui devraient humidifier l\u2019ensemble du d\u00e9partement mercredi.<\/p>\n<p class=\" wall-content\">Avec \u00e0 la cl\u00e9 \u00e9galement <strong>un nouveau refroidissement<\/strong>, qui se confirmera jeudi. Les temp\u00e9ratures attendues se situeront alors autour de 5 degr\u00e9s.\u00a0<\/p>\n<p class=\" wall-content\">La tendance se poursuivra jusqu\u2019en fin de semaine, entre temps devenant plus froid, <strong>tout en demeurant instable<\/strong>, avec alternance d\u2019averses et d\u2019\u00e9claircies.\u00a0<\/p>\n<p>Vid\u00e9os : en ce moment sur ActuSuivez l\u2019actualit\u00e9 de Rouen sur notre <a href=\"https:\/\/www.whatsapp.com\/channel\/0029VaKfnf99hXF2ddApFB1D\" target=\"_blank\" rel=\"noopener\">cha\u00eene WhatsApp<\/a> et sur notre <a href=\"https:\/\/www.tiktok.com\/@76actu.fr?lang=fr\" target=\"_blank\" rel=\"noopener\">compte TikTok<\/a>Suivez l\u2019actualit\u00e9 du Havre sur notre <a href=\"https:\/\/www.whatsapp.com\/channel\/0029VaFqJYE8aKvLBwVrEe0o\" target=\"_blank\" rel=\"noopener\">cha\u00eene WhatsApp<\/a> et sur notre <a href=\"https:\/\/www.tiktok.com\/@76actu.fr?lang=fr\" target=\"_blank\" rel=\"noopener\">compte TikTok<\/a><\/p>\n<p class=\" wall-content\">Personnalisez votre actualit\u00e9 en ajoutant vos villes et m\u00e9dias en favori avec <a href=\"https:\/\/moncompte.actu.fr\" title=\"D\u00e9couvez Mon Actu\" rel=\"nofollow noopener\" data-trk=\"{&quot;cta&quot;:{&quot;action&quot;:&quot;https:\\\/\\\/moncompte.actu.fr&quot;,&quot;category&quot;:&quot;mon compte&quot;,&quot;from&quot;:&quot;article footer&quot;,&quot;name&quot;:&quot;Mon actu&quot;,&quot;type&quot;:&quot;cta&quot;}}\" target=\"_blank\">Mon Actu<\/a>.<\/p>\n<p>                    <script async src=\"\/\/www.tiktok.com\/embed.js\"><\/script><\/p>\n","protected":false},"excerpt":{"rendered":"Par Fabien Massin Publi\u00e9 le 16 nov. 2025 \u00e0 13h53 ; mis \u00e0 jour le 16 nov. 2025&hellip;\n","protected":false},"author":2,"featured_media":538959,"comment_status":"","ping_status":"","sticky":false,"template":"","format":"standard","meta":{"footnotes":""},"categories":[9587],"tags":[1111,11,1777,674,1011,27,2487,2357,12,15830,5161,25,9590],"class_list":{"0":"post-538958","1":"post","2":"type-post","3":"status-publish","4":"format-standard","5":"has-post-thumbnail","7":"category-rouen","8":"tag-actu","9":"tag-actualites","10":"tag-eu","11":"tag-europe","12":"tag-fr","13":"tag-france","14":"tag-meteo","15":"tag-meteo-france","16":"tag-news","17":"tag-noel","18":"tag-normandie","19":"tag-republique-francaise","20":"tag-rouen"},"share_on_mastodon":{"url":"https:\/\/pubeurope.com\/@fr\/115561609684557643","error":""},"_links":{"self":[{"href":"https:\/\/www.europesays.com\/fr\/wp-json\/wp\/v2\/posts\/538958","targetHints":{"allow":["GET"]}}],"collection":[{"href":"https:\/\/www.europesays.com\/fr\/wp-json\/wp\/v2\/posts"}],"about":[{"href":"https:\/\/www.europesays.com\/fr\/wp-json\/wp\/v2\/types\/post"}],"author":[{"embeddable":true,"href":"https:\/\/www.europesays.com\/fr\/wp-json\/wp\/v2\/users\/2"}],"replies":[{"embeddable":true,"href":"https:\/\/www.europesays.com\/fr\/wp-json\/wp\/v2\/comments?post=538958"}],"version-history":[{"count":0,"href":"https:\/\/www.europesays.com\/fr\/wp-json\/wp\/v2\/posts\/538958\/revisions"}],"wp:featuredmedia":[{"embeddable":true,"href":"https:\/\/www.europesays.com\/fr\/wp-json\/wp\/v2\/media\/538959"}],"wp:attachment":[{"href":"https:\/\/www.europesays.com\/fr\/wp-json\/wp\/v2\/media?parent=538958"}],"wp:term":[{"taxonomy":"category","embeddable":true,"href":"https:\/\/www.europesays.com\/fr\/wp-json\/wp\/v2\/categories?post=538958"},{"taxonomy":"post_tag","embeddable":true,"href":"https:\/\/www.europesays.com\/fr\/wp-json\/wp\/v2\/tags?post=538958"}],"curies":[{"name":"wp","href":"https:\/\/api.w.org\/{rel}","templated":true}]}}