{"id":538960,"date":"2025-11-16T21:56:20","date_gmt":"2025-11-16T21:56:20","guid":{"rendered":"https:\/\/www.europesays.com\/fr\/538960\/"},"modified":"2025-11-16T21:56:20","modified_gmt":"2025-11-16T21:56:20","slug":"video-des-milliers-de-personnes-assistent-au-ballet-de-drones-de-la-foire-saint-romain-tout-en-lumiere-et-poesie","status":"publish","type":"post","link":"https:\/\/www.europesays.com\/fr\/538960\/","title":{"rendered":"VID\u00c9O. Des milliers de personnes assistent au ballet de drones de la Foire Saint-Romain, tout en lumi\u00e8re et po\u00e9sie"},"content":{"rendered":"<p class=\"article__intro\">150 drones ont illumin\u00e9 le ciel de Rouen samedi 15 novembre 2025, dans la soir\u00e9e. Un spectacle qui s&rsquo;est jou\u00e9 pour la premi\u00e8re fois au-dessus de la Foire Saint-Romain et qui a attir\u00e9 une foule de spectateurs.<\/p>\n<p>\n      L\u2019actu des r\u00e9gions\n    <\/p>\n<p>\n      Chaque jour, un tour d\u2019horizon des principales infos de toutes les r\u00e9gions.\n    <\/p>\n<p>    France T\u00e9l\u00e9visions utilise votre adresse e-mail afin de vous envoyer la newsletter \u00ab\u00a0L\u2019actu des r\u00e9gions\u00a0\u00bb. Vous pouvez vous d\u00e9sinscrire \u00e0 tout moment via le lien en bas de cette newsletter. <a target=\"_blank\" href=\"https:\/\/www.francetelevisions.fr\/groupe\/confidentialite\/politique-de-confidentialite\/politique-de-confidentialite-de-france-televisions-6503\" rel=\"nofollow noopener\">Notre politique de confidentialit\u00e9<\/a><\/p>\n<p>Vous n&rsquo;avez probablement jamais vu les all\u00e9es de la Foire Saint-Romain aussi remplies. Les forains proposaient ce samedi soir un spectacle in\u00e9dit : un ballet de drones lumineux qui, coordonn\u00e9s, ont dessin\u00e9 des formes et des messages dans le ciel de Rouen.<\/p>\n<p><a data-article-figure=\"\" href=\"https:\/\/france3-regions.franceinfo.fr\/image\/7NNJYN3QHay-Za19iDHRlEFfWDw\/1230x744\/regions\/2025\/11\/16\/2025-11-16-16-18-22-76-2386763-1-mp4-lecteur-multimedia-vlc-6919eba5e31a5355816514.png\" data-pswp-width=\"1230\" data-pswp-height=\"744\" target=\"_blank\" rel=\"nofollow noopener\"><\/p>\n<p>          <img width=\"600\" height=\"400\" class=\"article-image lazy\" data-src=\"https:\/\/www.europesays.com\/fr\/wp-content\/uploads\/2025\/11\/2025-11-16-16-18-22-76-2386763-1-mp4-lecteur-multimedia-vlc-6919eba5e31a5355816514.png\" alt=\"Pour discerner les mots il faut prendre de la distance !\" fetchpriority=\"high\" as=\"image\"\/><\/p>\n<p>\n            Pour discerner les mots il faut prendre de la distance !<br \/>\n                           \u2022<br \/>\n                                      \u00a9 France 3 Normandie\n                      <\/p>\n<p><\/a><\/p>\n<p>\u00c0 bord d&rsquo;une nacelle de la Grande Roue, \u00e0 70 m\u00e8tres de haut, la foule est impressionnante &#8211; des milliers de spectateurs se sont d\u00e9plac\u00e9s pour l&rsquo;occasion sur l&rsquo;Esplanade Saint-Gervais.<\/p>\n<p><a data-article-figure=\"\" href=\"https:\/\/france3-regions.franceinfo.fr\/image\/U94yVqNxX_vv0jisKNNqWY-twa0\/1920x1080\/regions\/2025\/11\/16\/spectacle-de-drones-et-feu-d-artifice-la-foire-saint-romain-00-01-50-12-6919e50730f8f274858976.jpg\" data-pswp-width=\"1920\" data-pswp-height=\"1080\" target=\"_blank\" rel=\"nofollow noopener\"><\/p>\n<p>          <img width=\"600\" height=\"400\" class=\"article-image lazy\" data-src=\"https:\/\/www.europesays.com\/fr\/wp-content\/uploads\/2025\/11\/spectacle-de-drones-et-feu-d-artifice-la-foire-saint-romain-00-01-50-12-6919e50730f8f274858976.jpg\" alt=\"Une foule impressionnante s'est amass\u00e9e pour profiter du spectacle.\" fetchpriority=\"high\" as=\"image\"\/><\/p>\n<p>\n            Une foule impressionnante s&rsquo;est amass\u00e9e pour profiter du spectacle.<br \/>\n                           \u2022<br \/>\n                                      \u00a9 France 3 Normandie\n                      <\/p>\n<p><\/a><\/p>\n<p>Avant le spectacle, un premier tir de feux d\u2019artifice. Puis, des drones scintillants aux formes XXL. \u00ab\u00a0C&rsquo;\u00e9tait trop bien ! Mieux que les feux d\u2019artifice !\u00a0\u00bb, s&rsquo;enthousiasment des enfants. Une femme abonde de son c\u00f4t\u00e9 : \u00ab\u00a0\u00c7a m&rsquo;a plu, comme les enfants. Il n&rsquo;y a pas d&rsquo;\u00e2ge !\u00a0\u00bb<\/p>\n<blockquote class=\"ftvi_content_quote\">\n<p class=\"ftvi_citation_quote\">C&rsquo;est impressionnant de voir des drones voler car il faut les contr\u00f4ler et les coordonner. L\u00e0 c&rsquo;\u00e9tait bien.<\/p>\n<\/blockquote>\n<p><strong>Retour en images sur la soir\u00e9e avec Lou-Ann Le Roux et Bruno Belamri :<\/strong><\/p>\n<p>    dur\u00e9e de la vid\u00e9o : 00h01mn51s<\/p>\n<p>        <img decoding=\"async\" width=\"640\" height=\"426\" class=\"article-image not-lazy\" src=\"https:\/\/www.europesays.com\/fr\/wp-content\/uploads\/2025\/11\/40d6af22-f0b8-4bfe-8a44-202756538aac.jpg\" alt=\"\" fetchpriority=\"high\"\/><\/p>\n<p>              Voir la video\u00a0(1 minutes 51 secondes).\u00a0<br \/>\n                  1 min 51 s<\/p>\n<p>\n          Le ciel de la Foire Saint-Romain s&rsquo;illumine<\/p>\n<p>        \u2022<\/p>\n<p>              \u00a9France 3 Normandie\n      <\/p>\n<p>D&rsquo;autres spectateurs sont moins convaincus. Les drones sont jug\u00e9s \u00ab\u00a0moins impressionnants\u00a0\u00bb que les traditionnels feux d\u2019artifice et leurs d\u00e9tonations. \u00ab\u00a0Team bruit, team bordel !\u00a0\u00bb, s&rsquo;amusent des jeunes filles.<\/p>\n<p>Le spectacle a dur\u00e9 20 minutes. Des feux d\u2019artifice ont \u00e9t\u00e9 tir\u00e9s avant et apr\u00e8s, pour satisfaire un maximum de spectateurs. Avant cela, il a fallu tout organiser pour assurer un show en toute s\u00e9curit\u00e9.<\/p>\n<blockquote class=\"ftvi_content_quote\">\n<p class=\"ftvi_citation_quote\">\u00c0 un moment, on ne savait pas si \u00e7a allait avoir lieu. Il a fallu demander au port, \u00e0 la Ville&#8230; La Ville nous a beaucoup aid\u00e9s. Il faut mettre des agents de s\u00e9curit\u00e9 dans tous les coins, il faut que tout soit v\u00e9rifi\u00e9, l&rsquo;aviation civile a eu son mot \u00e0 dire&#8230; Tout le monde a vraiment jou\u00e9 le jeu pour nous, on est hyper content.<\/p>\n<p>Karl Morel, forain charg\u00e9 de la communication<\/p><\/blockquote>\n<p><a data-article-figure=\"\" href=\"https:\/\/france3-regions.franceinfo.fr\/image\/BSYF--EobA7VH8M3gNbS7mgKrFY\/1164x816\/regions\/2025\/11\/16\/2025-11-16-16-17-52-76-2386763-1-mp4-lecteur-multimedia-vlc-6919eb69cef9b060945906.png\" data-pswp-width=\"1164\" data-pswp-height=\"816\" target=\"_blank\" rel=\"nofollow noopener\"><\/p>\n<p>          <img width=\"600\" height=\"400\" class=\"article-image lazy\" data-src=\"https:\/\/www.europesays.com\/fr\/wp-content\/uploads\/2025\/11\/2025-11-16-16-17-52-76-2386763-1-mp4-lecteur-multimedia-vlc-6919eb69cef9b060945906.png\" alt=\"150 de ces drones ont \u00e9t\u00e9 d\u00e9ploy\u00e9s dans le ciel.\" fetchpriority=\"high\" as=\"image\"\/><\/p>\n<p>\n            150 de ces drones ont \u00e9t\u00e9 d\u00e9ploy\u00e9s dans le ciel.<br \/>\n                           \u2022<br \/>\n                                      \u00a9 France 3 Normandie\n                      <\/p>\n<p><\/a><\/p>\n<p>Une fois les autorisations obtenues, en coulisses, il a fallu calibrer 150 drones. \u00c0 l&rsquo;issue de 15 jours de pr\u00e9paration, un logiciel a pris le relais. \u00ab\u00a0Tout est personnalisable. \u00c0 partir du moment o\u00f9 une personne veut une forme, on peut la r\u00e9aliser sans probl\u00e8me\u00a0\u00bb, explique Th\u00e9odore Bretaudeau, charg\u00e9 d&rsquo;entretien des drones pour la soci\u00e9t\u00e9 Dronova. <\/p>\n<p>Apr\u00e8s cette grande premi\u00e8re, \u00e0 quelles surprises les Normands doivent-ils s&rsquo;attendre pour l&rsquo;\u00e9dition 2026 ? Le myst\u00e8re reste entier. En attendant, il vous reste une semaine pour profiter des attractions de la Foire.<\/p>\n<p><strong>Avec Lou-Ann Le Roux.<\/strong><\/p>\n","protected":false},"excerpt":{"rendered":"150 drones ont illumin\u00e9 le ciel de Rouen samedi 15 novembre 2025, dans la soir\u00e9e. Un spectacle qui&hellip;\n","protected":false},"author":2,"featured_media":538961,"comment_status":"","ping_status":"","sticky":false,"template":"","format":"standard","meta":{"footnotes":""},"categories":[9587],"tags":[1111,11,1777,674,1011,27,12,5161,25,9590],"class_list":{"0":"post-538960","1":"post","2":"type-post","3":"status-publish","4":"format-standard","5":"has-post-thumbnail","7":"category-rouen","8":"tag-actu","9":"tag-actualites","10":"tag-eu","11":"tag-europe","12":"tag-fr","13":"tag-france","14":"tag-news","15":"tag-normandie","16":"tag-republique-francaise","17":"tag-rouen"},"share_on_mastodon":{"url":"https:\/\/pubeurope.com\/@fr\/115561614290256234","error":""},"_links":{"self":[{"href":"https:\/\/www.europesays.com\/fr\/wp-json\/wp\/v2\/posts\/538960","targetHints":{"allow":["GET"]}}],"collection":[{"href":"https:\/\/www.europesays.com\/fr\/wp-json\/wp\/v2\/posts"}],"about":[{"href":"https:\/\/www.europesays.com\/fr\/wp-json\/wp\/v2\/types\/post"}],"author":[{"embeddable":true,"href":"https:\/\/www.europesays.com\/fr\/wp-json\/wp\/v2\/users\/2"}],"replies":[{"embeddable":true,"href":"https:\/\/www.europesays.com\/fr\/wp-json\/wp\/v2\/comments?post=538960"}],"version-history":[{"count":0,"href":"https:\/\/www.europesays.com\/fr\/wp-json\/wp\/v2\/posts\/538960\/revisions"}],"wp:featuredmedia":[{"embeddable":true,"href":"https:\/\/www.europesays.com\/fr\/wp-json\/wp\/v2\/media\/538961"}],"wp:attachment":[{"href":"https:\/\/www.europesays.com\/fr\/wp-json\/wp\/v2\/media?parent=538960"}],"wp:term":[{"taxonomy":"category","embeddable":true,"href":"https:\/\/www.europesays.com\/fr\/wp-json\/wp\/v2\/categories?post=538960"},{"taxonomy":"post_tag","embeddable":true,"href":"https:\/\/www.europesays.com\/fr\/wp-json\/wp\/v2\/tags?post=538960"}],"curies":[{"name":"wp","href":"https:\/\/api.w.org\/{rel}","templated":true}]}}