{"id":538966,"date":"2025-11-16T22:00:28","date_gmt":"2025-11-16T22:00:28","guid":{"rendered":"https:\/\/www.europesays.com\/fr\/538966\/"},"modified":"2025-11-16T22:00:28","modified_gmt":"2025-11-16T22:00:28","slug":"50-ans-cest-exceptionnel-fluide-glacial-celebre-son-anniversaire-a-rennes-avec","status":"publish","type":"post","link":"https:\/\/www.europesays.com\/fr\/538966\/","title":{"rendered":"\u00ab\u00a050\u00a0ans c\u2019est exceptionnel\u00a0\u00bb\u00a0: Fluide glacial\u00a0c\u00e9l\u00e8bre son anniversaire \u00e0 Rennes avec"},"content":{"rendered":"<p>Cl\u00e9ment Argouarc\u2019h a 40\u00a0ans. Plus jeune que Fluide Glacial dont il est le r\u00e9dacteur en chef et qui f\u00eate cette ann\u00e9e ses 50\u00a0ans. <strong>\u00ab\u00a0Dans la presse de bande dessin\u00e9e, 50\u00a0ans c\u2019est quelque chose d\u2019exceptionnel. Il y a juste Spirou et nous qui avons r\u00e9ussi \u00e0 passer ce cap\u00a0!\u00a0\u00bb<\/strong> \u00e7a m\u00e9ritait bien une \u00e9norme f\u00eate. Apr\u00e8s Lille, Lyon, Paris, Bordeaux, Fluide Glacial pose ses valises \u00e0 la librairie Le Failler \u00e0 Rennes (Ille-et-Vilaine) pour aller \u00e0 la rencontre des lecteurs.<\/p>\n<p>Pour le r\u00e9dacteur en chef, l\u2019esprit du cr\u00e9ateur,<a href=\"https:\/\/rennes.maville.com\/actu\/actudet_-bande-dessinee.-l-immense-gotlib-est-decede_54135-3095952_actu.Htm\" target=\"_self\" rel=\"noopener\"> Gotlib<\/a>, est toujours l\u00e0. <strong>\u00ab\u00a0M\u00eame si les auteurs ont un humour tr\u00e8s diff\u00e9rent.\u00a0\u00bb<\/strong> Quand Gotlib cr\u00e9e Fluide glacial, il sort de L\u2019\u00c9cho des savanes mont\u00e9 en 1972 avec Claire Bret\u00e9cher, et Nikita Mandryka, <strong>\u00ab\u00a0la BD se lib\u00e9rait compl\u00e8tement avec une envie de l\u2019amener \u00e0 l\u2019\u00e2ge adulte. Avec Fluide glacial il a voulu m\u00e9langer humour potache, noir, un peu intello, soci\u00e9tal.\u00a0\u00bb<\/strong><\/p>\n<p><strong>Fid\u00e9lit\u00e9 des auteurs, des lecteurs<\/strong><\/p>\n<p>Pour le r\u00e9dacteur en chef,<strong>\u00a0<\/strong>\u00e7a continue\u00a0: <strong>\u00ab\u00a0surprendre le lecteur, rire avec lui, c\u2019est\u00a0notre vie.\u00a0\u00bb<\/strong> Alors comment expliquer cette long\u00e9vit\u00e9\u00a0? <strong>\u00ab\u00a0\u00c7a repose sur trois piliers\u00a0: l\u2019esprit Fluide glacial qui vient de Gotlib, une fid\u00e9lit\u00e9 des auteurs comme Gossens, Edika, Binet et l\u2019attachement des lecteurs au magazine.\u00a0\u00bb<\/strong><\/p>\n<p>\t<img decoding=\"async\" src=\"https:\/\/www.europesays.com\/fr\/wp-content\/uploads\/2025\/11\/P35580656D7063764G_px_640_.jpg\" alt=\"photo fran\u00e7ois ravard vit \u00e0 dinard et collabore r\u00e9guli\u00e8rement \u00e0 fluide glacial.  \u00a9  ouest-france\" width=\"640\" title=\" Fran\u00e7ois Ravard vit \u00e0 Dinard et collabore r\u00e9guli\u00e8rement \u00e0 Fluide Glacial.   Ouest-France \"\/><\/p>\n<p class=\"elmt-legende\"> Fran\u00e7ois Ravard vit \u00e0 Dinard et collabore r\u00e9guli\u00e8rement \u00e0 Fluide Glacial.   Ouest-France <\/p>\n<p>Fluide Glacial compte 18\u00a0000\u00a0abonn\u00e9s, vend en moyenne 15\u00a0000\u00a0num\u00e9ros chaque mois en kiosque. Et vit sans publicit\u00e9<strong> \u00ab\u00a0\u00e7a nous a permis d\u2019avoir une \u00e9norme ind\u00e9pendance sur notre contenu et sur nos finances.\u00a0\u00bb<\/strong><\/p>\n<p>Actuellement l\u2019humour a la cote, <strong>\u00ab\u00a0On voit l\u2019engouement du public pour les humoristes qui font salles combles. Les gens ont vraiment besoin de rire. Notre volont\u00e9 c\u2019est de parler \u00e0 un public large, sans \u00eatre consensuels, avec une grosse libert\u00e9 laiss\u00e9e \u00e0 nos auteurs.\u00a0\u00bb<\/strong> Qui font des bandes dessin\u00e9es <strong>\u00ab\u00a0ind\u00e9modables.\u00a0\u00bb<\/strong> Comme le magazine est mensuel,<strong> \u00ab\u00a0on ne colle pas \u00e0 l\u2019actualit\u00e9, il faut que notre id\u00e9e d\u2019aujourd\u2019hui, soit encore valable dans six mois quand la BD para\u00eetra dans un magazine, mais aussi dans un an quand elle para\u00eetra dans un album.\u00a0\u00bb<\/strong><\/p>\n<p>La bande dessin\u00e9e rennaise \u00e0 1\u00a0million d\u2019exemplaires<\/p>\n<p>\t<img decoding=\"async\" src=\"https:\/\/www.europesays.com\/fr\/wp-content\/uploads\/2025\/11\/P35580657D7063764G_px_640_.jpg\" alt=\"photo emmanuel reuz\u00e9 et son fulgurant succ\u00e8s avec faut pas prendre les cons pour des gens.  \u00a9  ouest-france\" width=\"640\" title=\" Emmanuel Reuz\u00e9 et son fulgurant succ\u00e8s avec Faut pas prendre les cons pour des gens.   Ouest-France \"\/><\/p>\n<p class=\"elmt-legende\"> Emmanuel Reuz\u00e9 et son fulgurant succ\u00e8s avec Faut pas prendre les cons pour des gens.   Ouest-France <\/p>\n<p>Plusieurs Bretons bossent pour Fluide Glacial, tous avec leur patte\u00a0: <a href=\"https:\/\/brest.maville.com\/actu\/actudet_-passe-a-l-ouest-julien-sole-signe-ses-histoires-extraordinaires-de-brest-_52692-6024411_actu.Htm\" target=\"_self\" rel=\"noopener\">Julien Sol\u00e9<\/a> et Arnaud Le Gou\u00ebfflec qui signent un album hommage et biographie Gotlib, une vie en Bandes dessin\u00e9es, mais aussi Bernstein, <a href=\"https:\/\/saint-malo.maville.com\/actu\/actudet_-dans-bon-vent-le-dessinateur-francois-ravard-croque-la-bretagne-avec-humour-et-tendresse-_7-6876179_actu.Htm\" target=\"_self\" rel=\"noopener\">Fran\u00e7ois Ravard<\/a>, et <a href=\"https:\/\/rennes.maville.com\/actu\/actudet_--l-important-est-de-faire-rire-l-absurde-marque-de-fabrique-de-ce-rennais-et-auteur-a-succes-_7-6587840_actu.Htm\" target=\"_self\" rel=\"noopener\">Emmanuel Reuz\u00e9<\/a>, avec son million de bandes dessin\u00e9es vendues avec la s\u00e9rie Faut pas prendre les cons pour des gens dont le dernier opus vient de para\u00eetre. <strong>\u00ab\u00a0Cette id\u00e9e, ce combo de faire de l\u2019absurde, en prenant des faits de soci\u00e9t\u00e9, \u00e7a a cr\u00e9\u00e9 ce truc assez dingue. Un succ\u00e8s comme \u00e7a, fulgurant, je ne suis pas s\u00fbr que j\u2019en reverrai un\u00a0!.\u00bb<\/strong>\u00a0<\/p>\n<p><strong>Samedi 15\u00a0novembre 2025<\/strong>, \u00e0 partir de 10\u00a0h \u00e0 la librairie Le Failler, rue Saint-Georges \u00e0 Rennes.<\/p>\n<p>\u00a0<\/p>\n","protected":false},"excerpt":{"rendered":"Cl\u00e9ment Argouarc\u2019h a 40\u00a0ans. Plus jeune que Fluide Glacial dont il est le r\u00e9dacteur en chef et qui&hellip;\n","protected":false},"author":2,"featured_media":538967,"comment_status":"","ping_status":"","sticky":false,"template":"","format":"standard","meta":{"footnotes":""},"categories":[2821],"tags":[9285,1111,11,3581,1764,829,3010,14773,1777,674,25975,65776,1011,27,65777,12,10270,584,25],"class_list":{"0":"post-538966","1":"post","2":"type-post","3":"status-publish","4":"format-standard","5":"has-post-thumbnail","7":"category-rennes","8":"tag-9285","9":"tag-actu","10":"tag-actualites","11":"tag-anniversaire","12":"tag-ans","13":"tag-bretagne","14":"tag-celebre","15":"tag-dedicaces","16":"tag-eu","17":"tag-europe","18":"tag-exceptionnel","19":"tag-fluide","20":"tag-fr","21":"tag-france","22":"tag-glacial","23":"tag-news","24":"tag-rencontres","25":"tag-rennes","26":"tag-republique-francaise"},"share_on_mastodon":{"url":"https:\/\/pubeurope.com\/@fr\/115561630027947217","error":""},"_links":{"self":[{"href":"https:\/\/www.europesays.com\/fr\/wp-json\/wp\/v2\/posts\/538966","targetHints":{"allow":["GET"]}}],"collection":[{"href":"https:\/\/www.europesays.com\/fr\/wp-json\/wp\/v2\/posts"}],"about":[{"href":"https:\/\/www.europesays.com\/fr\/wp-json\/wp\/v2\/types\/post"}],"author":[{"embeddable":true,"href":"https:\/\/www.europesays.com\/fr\/wp-json\/wp\/v2\/users\/2"}],"replies":[{"embeddable":true,"href":"https:\/\/www.europesays.com\/fr\/wp-json\/wp\/v2\/comments?post=538966"}],"version-history":[{"count":0,"href":"https:\/\/www.europesays.com\/fr\/wp-json\/wp\/v2\/posts\/538966\/revisions"}],"wp:featuredmedia":[{"embeddable":true,"href":"https:\/\/www.europesays.com\/fr\/wp-json\/wp\/v2\/media\/538967"}],"wp:attachment":[{"href":"https:\/\/www.europesays.com\/fr\/wp-json\/wp\/v2\/media?parent=538966"}],"wp:term":[{"taxonomy":"category","embeddable":true,"href":"https:\/\/www.europesays.com\/fr\/wp-json\/wp\/v2\/categories?post=538966"},{"taxonomy":"post_tag","embeddable":true,"href":"https:\/\/www.europesays.com\/fr\/wp-json\/wp\/v2\/tags?post=538966"}],"curies":[{"name":"wp","href":"https:\/\/api.w.org\/{rel}","templated":true}]}}